{"id":18378,"date":"2017-10-20T05:07:05","date_gmt":"2017-10-20T03:07:05","guid":{"rendered":"https:\/\/vozcomoarma.noblogs.org\/?p=18378"},"modified":"2017-10-20T05:07:05","modified_gmt":"2017-10-20T03:07:05","slug":"chile-ataque-incendiario-contra-bus-del-transantiago-en-los-exteriores-del-ex-pedagogico-santiago-de-chile-en-solidaridad-con-preses-anarquistas-y-mapuches","status":"publish","type":"post","link":"https:\/\/vozcomoarma.noblogs.org\/?p=18378","title":{"rendered":"Chile &#8211; Ataque incendiario contra bus del TranSantiago en los exteriores del Ex-Pedag\u00f3gico (Santiago de Chile) en solidaridad con preses anarquistas y mapuches"},"content":{"rendered":"<p align=\"justify\">Les compas de <strong><a href=\"https:\/\/noticiasdelaguerrasocial.wordpress.com\/2017\/10\/12\/ataque-incendiario-contra-bus-del-transantiago-afuera-del-ex-pedagogico-en-solidaridad-con-lxs-prisionerxs-politicxs-mapuche-panfleto\/\">Noticias de la Guerra Social<\/a><\/strong> enviaron este reporte informativo hablando del ataque que se produjo el 6 de octubre por la noche en el \u00e1rea de Macul donde un autob\u00fas del TranSantiago fue detenido, y tras hacer bajar a pasajeres y conductor, se prendi\u00f3 fuego a la m\u00e1quina.<\/p>\n<p align=\"justify\">El ataque se reivindic\u00f3 por medio de panfletos impresos dejados en el lugar haciendo alusi\u00f3n a prisioneres anarquistas y\/o mapuches encarcelades en las c\u00e1rceles chilenas.<\/p>\n<p align=\"justify\">&#8212;&#8212;&#8212;&#8212;&#8212;&#8212;&#8212;&#8212;&#8212;&#8212;&#8212;&#8212;&#8212;&#8212;&#8212;&#8211;<\/p>\n<p align=\"justify\"><strong><em>[Noticias de la Guerra Social]<\/em><\/strong><\/p>\n<p align=\"justify\"><em>Durante la noche del 06 de octubre del 2017, encapuchadxs cortan el tr\u00e1nsito en avenida Macul deteniendo una micro del transantiago, haci\u00e9ndose descender al chofer y los pasajeros para luego incendiar la m\u00e1quina.<\/em><\/p>\n<p align=\"justify\"><em>Al lugar lleg\u00f3 la polic\u00eda y bomberos para controlar el incendio, encontrando panfletos en el sector en apoyo a lxs prisionerxs pol\u00edticxs mapuche.<\/em><\/p>\n<p align=\"justify\"><em>El ataque incendiario culmin\u00f3 sin detenidos ni heridos.<\/em><\/p>\n<p align=\"justify\"><strong><em>Transcripci\u00f3n del panfleto encontrado:<\/em><\/strong><\/p>\n<p align=\"justify\"><em>Libertad a lxs presxs revolucionarixs.<\/em><\/p>\n<p align=\"justify\"><em>El progreso sigue depredando, torturando y encarcelando a quien decide con su vida actuar en contra de este. El Estado con toda sus bastardas instituciones son los que d\u00eda a d\u00eda nos dominan y sedan mientras se depreda la tierra. La guerra en Wallmapu contin\u00faa, las prisiones del capital se siguen atestando de compa\u00f1erxs y la lista de asesinados por el Estado y defensores del capital sigue creciendo.<\/em><\/p>\n<p align=\"justify\"><em>Basta, basta, basta es hora de la tragedia social.<\/em><\/p>\n<p align=\"justify\"><em>Libertad a los presos del Caso Iglesias y de la Operaci\u00f3n Huracan. Libertad a los presxs politicxs mapuche<\/em><\/p>\n<p align=\"justify\"><em>Libertad a los presxs antiautoritarixs<\/em><\/p>\n<p align=\"justify\"><em>Fuego a las c\u00e1rceles<\/em><\/p>\n<p align=\"justify\"><a href=\"https:\/\/vozcomoarma.noblogs.org\/files\/2017\/10\/micopeda01.jpg\"><img loading=\"lazy\" decoding=\"async\" class=\"aligncenter wp-image-18379 size-full\" src=\"https:\/\/vozcomoarma.noblogs.org\/files\/2017\/10\/micopeda01.jpg\" alt=\"\" width=\"710\" height=\"399\" srcset=\"https:\/\/vozcomoarma.noblogs.org\/files\/2017\/10\/micopeda01.jpg 710w, https:\/\/vozcomoarma.noblogs.org\/files\/2017\/10\/micopeda01-300x169.jpg 300w\" sizes=\"auto, (max-width: 710px) 100vw, 710px\" \/><\/a><a href=\"https:\/\/vozcomoarma.noblogs.org\/files\/2017\/10\/micropeda02.jpeg\"><img loading=\"lazy\" decoding=\"async\" class=\"aligncenter wp-image-18380 size-full\" src=\"https:\/\/vozcomoarma.noblogs.org\/files\/2017\/10\/micropeda02.jpeg\" alt=\"\" width=\"360\" height=\"480\" srcset=\"https:\/\/vozcomoarma.noblogs.org\/files\/2017\/10\/micropeda02.jpeg 360w, https:\/\/vozcomoarma.noblogs.org\/files\/2017\/10\/micropeda02-225x300.jpeg 225w\" sizes=\"auto, (max-width: 360px) 100vw, 360px\" \/><\/a><\/p>\n","protected":false},"excerpt":{"rendered":"<p>Les compas de Noticias de la Guerra Social enviaron este reporte informativo hablando del ataque que se produjo el 6 de octubre por la noche en el \u00e1rea de Macul donde un autob\u00fas del TranSantiago fue detenido, y tras hacer &hellip; <a href=\"https:\/\/vozcomoarma.noblogs.org\/?p=18378\">Sigue leyendo <span class=\"meta-nav\">&rarr;<\/span><\/a><\/p>\n","protected":false},"author":7045,"featured_media":0,"comment_status":"closed","ping_status":"open","sticky":false,"template":"","format":"standard","meta":{"footnotes":""},"categories":[58,333,61,9,7],"tags":[47,78,16,26,10,11],"class_list":["post-18378","post","type-post","status-publish","format-standard","hentry","category-acciones","category-detenidos-operacion-huracan","category-noticias","category-noticias-y-comunicados","category-presxs","tag-anti-desarrollismo","tag-chile","tag-guerra-social","tag-insurreccionalismo","tag-sabotaje","tag-solidaridad"],"_links":{"self":[{"href":"https:\/\/vozcomoarma.noblogs.org\/index.php?rest_route=\/wp\/v2\/posts\/18378","targetHints":{"allow":["GET"]}}],"collection":[{"href":"https:\/\/vozcomoarma.noblogs.org\/index.php?rest_route=\/wp\/v2\/posts"}],"about":[{"href":"https:\/\/vozcomoarma.noblogs.org\/index.php?rest_route=\/wp\/v2\/types\/post"}],"author":[{"embeddable":true,"href":"https:\/\/vozcomoarma.noblogs.org\/index.php?rest_route=\/wp\/v2\/users\/7045"}],"replies":[{"embeddable":true,"href":"https:\/\/vozcomoarma.noblogs.org\/index.php?rest_route=%2Fwp%2Fv2%2Fcomments&post=18378"}],"version-history":[{"count":1,"href":"https:\/\/vozcomoarma.noblogs.org\/index.php?rest_route=\/wp\/v2\/posts\/18378\/revisions"}],"predecessor-version":[{"id":18381,"href":"https:\/\/vozcomoarma.noblogs.org\/index.php?rest_route=\/wp\/v2\/posts\/18378\/revisions\/18381"}],"wp:attachment":[{"href":"https:\/\/vozcomoarma.noblogs.org\/index.php?rest_route=%2Fwp%2Fv2%2Fmedia&parent=18378"}],"wp:term":[{"taxonomy":"category","embeddable":true,"href":"https:\/\/vozcomoarma.noblogs.org\/index.php?rest_route=%2Fwp%2Fv2%2Fcategories&post=18378"},{"taxonomy":"post_tag","embeddable":true,"href":"https:\/\/vozcomoarma.noblogs.org\/index.php?rest_route=%2Fwp%2Fv2%2Ftags&post=18378"}],"curies":[{"name":"wp","href":"https:\/\/api.w.org\/{rel}","templated":true}]}}