{"id":18531,"date":"2017-11-03T20:36:41","date_gmt":"2017-11-03T19:36:41","guid":{"rendered":"https:\/\/vozcomoarma.noblogs.org\/?p=18531"},"modified":"2017-11-03T20:36:41","modified_gmt":"2017-11-03T19:36:41","slug":"dinamarca-ataque-con-pintura-contra-la-embajada-argentina-en-copenhague-en-memoria-de-santiago-maldonado","status":"publish","type":"post","link":"https:\/\/vozcomoarma.noblogs.org\/?p=18531","title":{"rendered":"Dinamarca &#8211; Ataque con pintura contra la embajada argentina en Copenhague en memoria de Santiago Maldonado"},"content":{"rendered":"<p align=\"justify\">Aqu\u00ed sigue un comunicado recibido en el correo electr\u00f3nico y que reivindica la responsabilidad por el ataque con pintura contra la embajada argentina en Copenhague, Dinamarca, en memoria de Santiago Maldonado:<\/p>\n<p align=\"justify\">&#8212;&#8212;&#8212;&#8212;&#8212;&#8212;&#8212;&#8212;&#8212;&#8211;<\/p>\n<p align=\"justify\"><em>En la noche entre el 17 y el 18 de octubre, vandalizamos la entrada de la embajada argentina en Copenhague con tinta. Tambi\u00e9n escribimos el nombre de Santiago Maldonado y una A circulada.<\/em><\/p>\n<p align=\"justify\"><em>Lo hicimos porque el Estado argentino es responsable de la desaparici\u00f3n del anarquista Santiago Maldonado que ocurri\u00f3 hace m\u00e1s de dos meses. <\/em><em>Algunos d\u00edas despu\u00e9s de nuestra acci\u00f3n, o\u00edmos la triste noticia de que su cad\u00e1ver fue encontrado. \u00a1El Estado y la polic\u00eda son responsables! \u00a1Estamos furioses!<\/em><\/p>\n<p align=\"justify\"><strong><em>Anarquistas<\/em><\/strong><\/p>\n","protected":false},"excerpt":{"rendered":"<p>Aqu\u00ed sigue un comunicado recibido en el correo electr\u00f3nico y que reivindica la responsabilidad por el ataque con pintura contra la embajada argentina en Copenhague, Dinamarca, en memoria de Santiago Maldonado: &#8212;&#8212;&#8212;&#8212;&#8212;&#8212;&#8212;&#8212;&#8212;&#8211; En la noche entre el 17 y el &hellip; <a href=\"https:\/\/vozcomoarma.noblogs.org\/?p=18531\">Sigue leyendo <span class=\"meta-nav\">&rarr;<\/span><\/a><\/p>\n","protected":false},"author":7045,"featured_media":0,"comment_status":"closed","ping_status":"open","sticky":false,"template":"","format":"standard","meta":{"footnotes":""},"categories":[58,61,9],"tags":[13,35,210,16,19,10,11],"class_list":["post-18531","post","type-post","status-publish","format-standard","hentry","category-acciones","category-noticias","category-noticias-y-comunicados","tag-argentina","tag-asesinato-de-estado","tag-dinamarca","tag-guerra-social","tag-represion","tag-sabotaje","tag-solidaridad"],"_links":{"self":[{"href":"https:\/\/vozcomoarma.noblogs.org\/index.php?rest_route=\/wp\/v2\/posts\/18531","targetHints":{"allow":["GET"]}}],"collection":[{"href":"https:\/\/vozcomoarma.noblogs.org\/index.php?rest_route=\/wp\/v2\/posts"}],"about":[{"href":"https:\/\/vozcomoarma.noblogs.org\/index.php?rest_route=\/wp\/v2\/types\/post"}],"author":[{"embeddable":true,"href":"https:\/\/vozcomoarma.noblogs.org\/index.php?rest_route=\/wp\/v2\/users\/7045"}],"replies":[{"embeddable":true,"href":"https:\/\/vozcomoarma.noblogs.org\/index.php?rest_route=%2Fwp%2Fv2%2Fcomments&post=18531"}],"version-history":[{"count":1,"href":"https:\/\/vozcomoarma.noblogs.org\/index.php?rest_route=\/wp\/v2\/posts\/18531\/revisions"}],"predecessor-version":[{"id":18532,"href":"https:\/\/vozcomoarma.noblogs.org\/index.php?rest_route=\/wp\/v2\/posts\/18531\/revisions\/18532"}],"wp:attachment":[{"href":"https:\/\/vozcomoarma.noblogs.org\/index.php?rest_route=%2Fwp%2Fv2%2Fmedia&parent=18531"}],"wp:term":[{"taxonomy":"category","embeddable":true,"href":"https:\/\/vozcomoarma.noblogs.org\/index.php?rest_route=%2Fwp%2Fv2%2Fcategories&post=18531"},{"taxonomy":"post_tag","embeddable":true,"href":"https:\/\/vozcomoarma.noblogs.org\/index.php?rest_route=%2Fwp%2Fv2%2Ftags&post=18531"}],"curies":[{"name":"wp","href":"https:\/\/api.w.org\/{rel}","templated":true}]}}