{"id":18558,"date":"2017-11-09T15:07:13","date_gmt":"2017-11-09T14:07:13","guid":{"rendered":"https:\/\/vozcomoarma.noblogs.org\/?p=18558"},"modified":"2017-11-09T15:07:34","modified_gmt":"2017-11-09T14:07:34","slug":"grecia-reivindicacion-del-ataque-con-molotovs-contra-la-comisaria-de-pefki-atenas","status":"publish","type":"post","link":"https:\/\/vozcomoarma.noblogs.org\/?p=18558","title":{"rendered":"Grecia &#8211; Reivindicaci\u00f3n del ataque incendiario contra la comisar\u00eda de Pefki (Atenas)"},"content":{"rendered":"<p align=\"justify\"><a href=\"https:\/\/vozcomoarma.noblogs.org\/files\/2017\/11\/12.jpg\"><img loading=\"lazy\" decoding=\"async\" class=\"wp-image-18576 size-medium alignright\" src=\"https:\/\/vozcomoarma.noblogs.org\/files\/2017\/11\/12-300x168.jpg\" alt=\"\" width=\"300\" height=\"168\" srcset=\"https:\/\/vozcomoarma.noblogs.org\/files\/2017\/11\/12-300x168.jpg 300w, https:\/\/vozcomoarma.noblogs.org\/files\/2017\/11\/12.jpg 640w\" sizes=\"auto, (max-width: 300px) 100vw, 300px\" \/><\/a> Recojo de <strong><a href=\"https:\/\/actforfree.nostate.net\">Act For Freedom Now!<\/a><\/strong>, traduzco a castellano y difundo este comunicado asumiendo la responsabilidad por el ataque incendiario contra la comisar\u00eda de Pefki, en Atenas, Grecia, en venganza por las torturas inflingidas a Kostas B., joven anarquista de 16 a\u00f1os que fue detenido y brutalmente torturado por los maderos del cuerpo antidisturbios MAT tras las manifestaciones y enfrentamientos con la polic\u00eda ocurridos en el centro de Atenas el pasado s\u00e1bado 16 de septiembre, en el contexto de la conmemoraci\u00f3n del aniversario de Pavlos Fyssas, al cumplirse 4 a\u00f1os desde su asesinato a manos de un grupo de neonazis del partido Amanecer Dorado, quienes le mataron en presencia de su compa\u00f1era y con la total permisividad de las fuerzas policiales (que de hecho, <strong><a href=\"https:\/\/vozcomoarma.noblogs.org\/?p=2512\">dieron \u00f3rdenes expresas de no intervenir<\/a><\/strong> para detener la agresi\u00f3n homicida). Nada que nos sorprenda, la polic\u00eda hace bien su trabajo protegiendo como siempre a sus colegas fascistas, y en Grecia, donde cerca del 50% de los maderos son votantes de Amanecer Dorado, esto es m\u00e1s evidente todav\u00eda.<\/p>\n<p align=\"justify\">&#8212;&#8212;&#8212;&#8212;&#8212;&#8212;&#8212;&#8212;&#8212;&#8212;&#8212;&#8212;&#8211;<\/p>\n<p align=\"justify\"><em>El s\u00e1bado 16 de septiembre, llevamos a cabo protestas antifascistas por los 4 a\u00f1os desde el asesinato de Pavlos Fyssas por un batall\u00f3n de asalto del partido neonazi Amanecer Dorado \u2013 durante el d\u00eda en Keratsini, por la tarde en el centro de Atenas. Tras los enfrentamientos que estallaron en la protesta de la tarde, y despu\u00e9s de que terminasen tambi\u00e9n en Exarchia, Kostas B., de 16 a\u00f1os, fue arrestado. Durante su arresto, es torturado viciosamente por los can\u00edbales de una unidad de la polic\u00eda antidisturbios que estaba acampada en la zona, hasta que pierde el conocimiento. Tan pronto como lleg\u00f3 a GADA (jefatura policial de Atenas) y mientras estaba recuperando su consciencia, intenta escapar, pero es golpeado por un coche que pasaba por la avenida Alexandras.<\/em><\/p>\n<p align=\"justify\"><em>Gravemente herido, es transferido al hospital KAT con las manos esposadas detr\u00e1s de la espalda y puesto bajo cuidados intensivos a causa de lo cr\u00edtica que era su situaci\u00f3n. Mientras est\u00e1 en coma inducido, luchando por su vida, es vigilado por maderos dentro de la habitaci\u00f3n, con el benepl\u00e1cito del director del hospital Nikos Kontodimopoulos. Durante una intervenci\u00f3n solidaria protestando contra sus condiciones de hospitalizaci\u00f3n, el director dijo que: \u201cLa polic\u00eda est\u00e1 por encima de todo, incluso de m\u00ed, y s\u00f3lo ellos pueden decidir\u201d. Los medios de masas jugaron su propio papel (como siempre) presentando el incidente como un accidente de coche. Y por si todo esto no fuera suficiente, el lunes 25 de septiembre, y mientras Kostas B. se estaba recuperando, un interrogador visita el hospital, con filtraciones hablando incluso de una extracci\u00f3n de ADN. Al final, este proceso es bloqueado por un encuentro solidario. Con el fin de desactivar las reacciones, Kostas B. es liberado bajo fianza, con una acusaci\u00f3n grave.<\/em><\/p>\n<p align=\"justify\"><em>\u00bfY por qu\u00e9 deber\u00edan desactivarse las reacciones? Las palizas, la tortura de alguien de la misma edad de A. Grigoropoulos y que casi tiene el mismo final tr\u00e1gico trajo el fantasma de diciembre sobre las cabezas del gobierno de Syriza. Los incidentes de diciembre de 2008 fueron la mayor condici\u00f3n de deslegitimaci\u00f3n de la polic\u00eda griega en la historia moderna. Lo \u00faltimo que quer\u00eda Syriza era que un mot\u00edn social estallase justo cuando est\u00e1n promoviendo su cuento de crecimiento, que junto con las inversiones por venir nos llevar\u00e1n a todes a&#8230; salir de la crisis.<\/em><\/p>\n<p align=\"justify\"><em><strong>EL PAPEL ATEMPORAL DE LA POLIC\u00cdA<\/strong><\/em><\/p>\n<p align=\"justify\"><em>En la guerra que se est\u00e1 librando todo el mundo tiene su papel, y la polic\u00eda tiene su papel atemporal. El personal de la polic\u00eda, a trav\u00e9s del cumplimiento del orden, es lo que garantiza el glamour del Estado y del Capital. Hist\u00f3ricamente, la polic\u00eda fue establecida como una fuerza cuyo trabajo es administrar los pensamientos, deseos y direcciones de la poblaci\u00f3n. Prevenci\u00f3n, control y cuando sea necesario, represi\u00f3n brutal. Por supuesto los primeros objetivos son todos los grupos sociales de aquelles de abajo que no pueden \u201ccompartir\u201d el glamour del Estado y su burgues\u00eda: la m\u00e1s amplia juventud de la metr\u00f3poli, trabajadores, desempleades, huelguistas, todo tipo de manifestantes, poblaciones \u201cexcesivas\u201d tales como les refugiades e inmigrantes, gitanes, indigentes, drogadictes, les marginades de la m\u00e1quina capitalista. Pero antes de nada, qui\u00e9n si no los c\u00edrculos subversivos de esta era. El catalizador de estas situaciones hierve a fuego lento bajo el velo de la paz social, h\u00e1bilmente tejido por el resto de aparatos de control social. Los partidos pol\u00edticos, sindicatos vendidos, militares, iglesia, escuela y familia.<\/em><\/p>\n<p align=\"justify\"><em><strong>EL ESTADO Y SU POLIC\u00cdA TIENEN UNA CONTINUACI\u00d3N<\/strong><\/em><\/p>\n<p align=\"justify\"><em>La cruel tortura de Kostas B. &#8211; que afortunadamente no le mat\u00f3 \u2013 no es un incidente aislado. <span lang=\"es-ES\">C\u00f3mo podr\u00eda ser de todos modos, ya que se trata de un seguimiento de tantos \u00ablogros\u00bb de la polic\u00eda griega en las \u00faltimas d\u00e9cadas. Aquellos t\u00e9cnicamente llamados \u201carbitrariedad policial\u201d pero los cuales son el contenido de la acci\u00f3n y el prop\u00f3sito de la existencia de la polic\u00eda. Son los golpes y la guerra qu\u00edmica en las protestas, las <\/span><span lang=\"es-ES\">torturas y las muertes<\/span><span lang=\"es-ES\"> \u00abaccidentales\u00bb en las comisar\u00edas de polic\u00eda, las humillaciones durante los \u00abcontroles de rutina\u00bb en calles y plazas. Es la organizaci\u00f3n del tr\u00e1fico de drogas, la violaci\u00f3n de prostitutas y la participaci\u00f3n en el tr\u00e1fico de sus cuerpos, as\u00ed como el tr\u00e1fico de \u00abesclavos\u00bb modernos procedentes del otro lado del mar Egeo, permaneciendo as\u00ed como un pilar principal de la econom\u00eda del mercado negro en el territorio griego. <\/span><span lang=\"es-ES\">Es la organizaci\u00f3n de la venta de drogas, la violaci\u00f3n de prostitutas y la participaci\u00f3n en el tr\u00e1fico de sus cuerpos, as\u00ed como tambi\u00e9n en el tr\u00e1fico de \u201cesclaves\u201d modernes llegando del otro lado del mar Egeo, permaneciendo as\u00ed como un pilar principal de la econom\u00eda de mercado negro en el territorio griego. Es la cooperaci\u00f3n con y el encubrimiento de fascistas y de toda suerte de matones paraestatales. Son, por supuesto, los disparos \u201caccidentales\u201d (generalmente por la espalda y siempre apuntando a sus cabezas) en las calles de la ciudad y en las fronteras del pa\u00eds, as\u00ed como tambi\u00e9n los asesinatos de militantes. La lista, como la sangre, no tiene fin. Cualquiera que dispute las opciones dominantes es reprimide de alg\u00fan modo, sin mencionar a los enemigos naturales y declarados del Estado y sus \u00f3rdenes.<\/span><\/em><\/p>\n<p align=\"justify\"><em>La polic\u00eda es la punta de lanza en mantener a las poblaciones bajo presi\u00f3n constante. Asume la defensa de los intereses del Capital, de la libre circulaci\u00f3n de dinero y bienes, de la observancia de la ley y el orden, la autoridad de la democracia como \u00fanico y absoluto gobierno. En la era de Syriza de \u00abserenidad social\u00bb y la rendici\u00f3n a las armas de la integraci\u00f3n, la polic\u00eda mostr\u00f3 todas sus posibilidades para mantener el orden y la seguridad. Las historias de \u00abcrecimiento justo\u00bb, \u00abigualdad de oportunidades para todes\u00bb, inversiones con \u00abrespeto\u00bb al medio ambiente, donde sea que se dispute, ahora y en el futuro, ser\u00e1n defendidas de inmediato por los pretorianos. La bota de la represi\u00f3n pisar\u00e1 fuerte a aquelles que insultan los santuarios del gobierno y de los jefes, de derecha o de izquierda.<\/em><\/p>\n<p align=\"justify\"><em><span lang=\"es-ES\">Los ejemplos que siguen son indicativos. La ocupaci\u00f3n circundante y de estilo militar de barrios \u00abpeligrosos\u00bb, como Exarchia, nunca se detuvo. La ocupaci\u00f3n de las ciudades por la escoria de la polic\u00eda griega como en Menidi, nos recuerda los recientes incidentes en Skouries, Keratea o Zoniana en Creta. Estos <\/span><span lang=\"es-ES\">pogromos <\/span><span lang=\"es-ES\"> policiales son una imagen del pasado, <\/span><span lang=\"es-ES\">del presente y del futuro. La tortura hasta la muerte de Pellumb Marnikollaj dentro de la comisar\u00eda de polic\u00eda de Patissia en agosto de 2016, as\u00ed como el asesinato de un hombre de 33 a\u00f1os de Kazajst\u00e1n en septiembre del mismo a\u00f1o (por el disparo \u201caccidental\u201d de la pistola de un polic\u00eda fuera de servicio) nos recuerdan el car\u00e1cter atemporal de los \u201cagentes\u201d del Estado en cuesti\u00f3n. El ataque con porras y qu\u00edmicos contra una protesta de jubilades en el edificio Maximou contra la ley Katrougkalos en octubre de 2016. El canibalismo de polic\u00edas en los aniversarios de la revuelta de la Polit\u00e9cnica, el asesinato de Alexis Grigoropoulos y Pavlos Fyssas. La prohibici\u00f3n de protestas y el cierre de todo el centro de Atenas durante la visita de Obama. Todo lo anterior muestra que la primera elecci\u00f3n de (todo) gobierno y de sus agentes es la estabilidad del r\u00e9gimen y de su econom\u00eda, esto es por lo que la polic\u00eda hizo y har\u00e1 lo que les plazca para mantener eso.<\/span><\/em><\/p>\n<p align=\"justify\"><em>La escoria, dir\u00e1n algunes, una vez m\u00e1s ha traspasado los l\u00edmites. Nosotres decimos que no hay l\u00edmites, sino que simplemente se colocan en el tira y afloja de la rivalidad social y de clase. Quien libra una lucha honesta, inquebrantable, inmediata y sin sue\u00f1os no ve l\u00edmites a los obst\u00e1culos en la batalla. Tampoco contra contra las promesas pol\u00edticas para no atacar. No nos preocupamos por las variadas fuerzas policiales especiales, su desarme o \u00abdemocratizaci\u00f3n\u00bb. El \u00abrespeto a los derechos humanos y de los ciudadanos\u00bb preocup\u00f3 y preocupa a la clientela electoral de Syriza, no a nosotres. Preocupa a aquelles que quieren su paz y tranquilidad o que no pueden molestarse en luchar y terminan delegando los asuntos que consideran que necesitan \u00abmejorar\u00bb. Como anarquistas nosotres no buscamos una tregua, buscamos la subversi\u00f3n del Estado y del Capital. Esto es por lo que nos apuntan, igual que nosotres les apuntamos a ellos.<\/em><\/p>\n<p align=\"justify\"><em><strong>LOS ATAQUES CONTRA LA POLIC\u00cdA SON ACCIONES JUSTIFICADAS Y NECESARIAS<\/strong><\/em><\/p>\n<p align=\"justify\"><em>\u00abNosotres sabemos qu\u00e9 aspecto tiene una bota vista desde abajo, conocemos la filosof\u00eda de la bota&#8230;<\/em><br \/>\n<em> Pronto invadiremos <span lang=\"es\">como malas hierbas silvestres por todas partes pero lentamente, las plantas cautivas se rebelar\u00e1n con nosotros, y as\u00ed las vallas ser\u00e1n derribadas y las paredes se romper\u00e1n y caer\u00e1n.<br \/>\n<\/span>Y entonces no habr\u00e1 m\u00e1s botas.<\/em><br \/>\n<em> Mientras, comemos basura y dormimos,<\/em><br \/>\n<em> esperamos pacientemente bajo vuestros pies.<\/em><br \/>\n<em> Cuando decimos \u00abAtaque\u00bb no oir\u00e9is nada al principio&#8230;\u00bb<\/em><\/p>\n<ul>\n<li><em><strong>Extracto parafraseado de un poema de Margaret Atwood<\/strong><\/em><\/li>\n<\/ul>\n<p align=\"justify\"><em>Justo igual, vosotros no oist\u00e9is nada en la noche del mi\u00e9rcoles, cuando atacamos la comisar\u00eda de polic\u00eda de Pefki en la calle Konitsis con una variedad de medios incendiarios, incendiando la entrada, la garita de guardia, un veh\u00edculo policial, los veh\u00edculos personales de los maderos aparcados fuera de la comisar\u00eda (dos coches y una moto peque\u00f1a). Estos fueron nuestros objetivos todo el tiempo, y por supuesto no el interior de la comisar\u00eda, algo que podr\u00eda exponer a les prisioneres al peligro, pero que fue reportado a prop\u00f3sito a los medios de masas por los maderos. Los disparos efectuados por maderos desde la ventana de la comisar\u00eda no afectaron a nuestro ataque de ninguna manera.<\/em><\/p>\n<p align=\"justify\"><em>Los actos de amotinamiento, tales como este en la comisar\u00eda de polic\u00eda de Pefki, demuestran factualmente que el Estado y sus aparatos no son invencibles &#8211; no importa cu\u00e1nto lo parezcan &#8211; sino que pueden recibir golpes que arruguen su perfil. En el per\u00edodo de serenidad social que estamos experimentando, es una prueba de que hay aquelles que est\u00e1n trabajando por terminar con este mundo y traer uno nuevo.<\/em><\/p>\n<p align=\"justify\"><em>Es un acto que mantiene viva la llama de la rabia por aquelles que fueron apaleades, torturades, violades y asesinades por la escoria de la polic\u00eda griega. Es un ataque dedicado a la memoria de S. Isidoropoulos, A. Tsivika, Chr. Kasimmis, V. Tsironis, St. Kanelopoulou y Iak. Koumis, M. Kaltezas, Chr. Tsoutsouvis, Chr. Marinos. A. Grigoropoulos y Lambros Foundas, quienes fueron asesinades a manos de los maderos, en la lucha por un mundo mejor.<\/em><\/p>\n<p align=\"justify\"><em>Los actos organizados de violencia desde el lado de les luchadores deber\u00edan convertirse en el catalizador para la multiplicaci\u00f3n de los ataques que reciben el r\u00e9gimen de la socialdemocracia y sus esbirros. <span lang=\"es-ES\">Cuando esto se convierta en parte del trabajo pol\u00edtico de todo el mundo de la lucha y <\/span><span lang=\"es-ES\">de <\/span><span lang=\"es-ES\">la sociedad, ser\u00e1 infinitamente m\u00e1s sustancial y efectivo en lo que concierne a su prop\u00f3sito: la destrucci\u00f3n del orden de cosas capitalista y la construcci\u00f3n de c\u00e9lulas de libertad, <\/span><span lang=\"es-ES\">auto-organizaci\u00f3n<\/span><span lang=\"es-ES\"> y solidaridad.<\/span><\/em><\/p>\n<p align=\"justify\"><em><span lang=\"es-ES\">Por la llegada de la idea que llevamos en nuestros corazones, por la anarqu\u00eda, y todo lo que representa.<\/span><\/em><\/p>\n<p align=\"justify\"><em><span lang=\"es-ES\">Ninguna forma de brutalidad por parte de los perros del r\u00e9gimen quedar\u00e1 sin respuesta, o de lo contrario, y en la era de la polic\u00eda de Syriza<\/span><\/em><\/p>\n<p align=\"justify\"><strong><em><span lang=\"es-ES\">TODO CONTIN\u00daA&#8230;<\/span><\/em><\/strong><\/p>\n<p style=\"text-align: center\" align=\"justify\"><a href=\"https:\/\/vozcomoarma.noblogs.org\/files\/2017\/11\/22.jpg\"><img loading=\"lazy\" decoding=\"async\" class=\"size-full wp-image-18577 aligncenter\" src=\"https:\/\/vozcomoarma.noblogs.org\/files\/2017\/11\/22.jpg\" alt=\"\" width=\"640\" height=\"356\" srcset=\"https:\/\/vozcomoarma.noblogs.org\/files\/2017\/11\/22.jpg 640w, https:\/\/vozcomoarma.noblogs.org\/files\/2017\/11\/22-300x167.jpg 300w\" sizes=\"auto, (max-width: 640px) 100vw, 640px\" \/><\/a><\/p>\n","protected":false},"excerpt":{"rendered":"<p>Recojo de Act For Freedom Now!, traduzco a castellano y difundo este comunicado asumiendo la responsabilidad por el ataque incendiario contra la comisar\u00eda de Pefki, en Atenas, Grecia, en venganza por las torturas inflingidas a Kostas B., joven anarquista de &hellip; <a href=\"https:\/\/vozcomoarma.noblogs.org\/?p=18558\">Sigue leyendo <span class=\"meta-nav\">&rarr;<\/span><\/a><\/p>\n","protected":false},"author":7045,"featured_media":0,"comment_status":"closed","ping_status":"open","sticky":false,"template":"","format":"standard","meta":{"footnotes":""},"categories":[58,61,9,7],"tags":[14,35,36,21,15,16,26,42,24,19,10,11,71],"class_list":["post-18558","post","type-post","status-publish","format-standard","hentry","category-acciones","category-noticias","category-noticias-y-comunicados","category-presxs","tag-anti-fascismo","tag-asesinato-de-estado","tag-ataque-fascista","tag-disturbios","tag-grecia","tag-guerra-social","tag-insurreccionalismo","tag-movimientos-sociales","tag-reflexion","tag-represion","tag-sabotaje","tag-solidaridad","tag-tortura"],"_links":{"self":[{"href":"https:\/\/vozcomoarma.noblogs.org\/index.php?rest_route=\/wp\/v2\/posts\/18558","targetHints":{"allow":["GET"]}}],"collection":[{"href":"https:\/\/vozcomoarma.noblogs.org\/index.php?rest_route=\/wp\/v2\/posts"}],"about":[{"href":"https:\/\/vozcomoarma.noblogs.org\/index.php?rest_route=\/wp\/v2\/types\/post"}],"author":[{"embeddable":true,"href":"https:\/\/vozcomoarma.noblogs.org\/index.php?rest_route=\/wp\/v2\/users\/7045"}],"replies":[{"embeddable":true,"href":"https:\/\/vozcomoarma.noblogs.org\/index.php?rest_route=%2Fwp%2Fv2%2Fcomments&post=18558"}],"version-history":[{"count":5,"href":"https:\/\/vozcomoarma.noblogs.org\/index.php?rest_route=\/wp\/v2\/posts\/18558\/revisions"}],"predecessor-version":[{"id":18579,"href":"https:\/\/vozcomoarma.noblogs.org\/index.php?rest_route=\/wp\/v2\/posts\/18558\/revisions\/18579"}],"wp:attachment":[{"href":"https:\/\/vozcomoarma.noblogs.org\/index.php?rest_route=%2Fwp%2Fv2%2Fmedia&parent=18558"}],"wp:term":[{"taxonomy":"category","embeddable":true,"href":"https:\/\/vozcomoarma.noblogs.org\/index.php?rest_route=%2Fwp%2Fv2%2Fcategories&post=18558"},{"taxonomy":"post_tag","embeddable":true,"href":"https:\/\/vozcomoarma.noblogs.org\/index.php?rest_route=%2Fwp%2Fv2%2Ftags&post=18558"}],"curies":[{"name":"wp","href":"https:\/\/api.w.org\/{rel}","templated":true}]}}