{"id":1857,"date":"2013-11-28T19:42:45","date_gmt":"2013-11-28T18:42:45","guid":{"rendered":"http:\/\/vozcomoarma.noblogs.org\/?p=1857"},"modified":"2013-11-28T19:42:45","modified_gmt":"2013-11-28T18:42:45","slug":"sonja-suder-liberada","status":"publish","type":"post","link":"https:\/\/vozcomoarma.noblogs.org\/?p=1857","title":{"rendered":"\u00a1Sonja Suder liberada!"},"content":{"rendered":"<p style=\"text-align: justify\">Seg\u00fan inform\u00f3 <a href=\"http:\/\/es.contrainfo.espiv.net\/2013\/11\/24\/alemania-sonja-suder-por-fin-libre\/\">Contrainfo<\/a>, la compa\u00f1era Sonja Suder fue liberada finalmente el 12 de noviembre.<\/p>\n<p style=\"text-align: justify\">Sonja Suder estaba encarcelada en relaci\u00f3n con su presunta participaci\u00f3n en acciones de las C\u00e9lulas Revolucionarias, un grupo armado de ideolog\u00eda marxista aunque m\u00e1s pr\u00f3ximo a las tesis antiautoritarias que al leninismo cl\u00e1sico, y al que se atribuyen, pese a que nunca reivindicaban sus acciones, numerosos ataques incendiarios y explosivos, ejecuciones pol\u00edticas, secuestros y otras acciones en la Alemania de los &#8217;70 y &#8217;80.<\/p>\n<p align=\"JUSTIFY\">Sonja fue condenada a tres a\u00f1os y seis meses de prisi\u00f3n por participaci\u00f3n en tres ataques incendiarios en los a\u00f1os &#8217;70. No obstante, dado el tiempo que ya pas\u00f3 en la c\u00e1rcel tanto en Alemania como en Francia la compa\u00f1era fue finalmente liberada. En cuanto al cargo por el presunto asalto armado a la conferencia de la OPEP en 1975 fue absuelta ya que esta acusaci\u00f3n se basaba en la declaraci\u00f3n de Hans-Joachim Klein, un \u00abarrepentido\u00bb que escogi\u00f3 salvar su culo a cambio de actuar como chivato e informante contando mentiras en sus declaraciones que los jueces se vieron obligados a rechazar dada la evidente falsedad de las mismas. Sin embargo, para los jueces la falta de consistencia en el testimonio de Hans-Joachim no se debe a la mentira deliberada y orquestada por la polic\u00eda, sino a la \u00abfalta de memoria\u00bb, por lo que este \u00abcompa\u00f1ero\u00bb podr\u00eda volver a ser usado en futuros procesos como testigo principal (aunque si se le corta la lengua no podr\u00e1 seguir enmierdando compa\u00f1erxs con sus mentiras parapoliciales). La defensa de Sonja tambi\u00e9n solicit\u00f3 que se declarasen inv\u00e1lidos los testimonios de Hermann F., los cuales, recordemos, fueron tomados en condiciones de tortura, aprovech\u00e1ndose de un accidente que sufri\u00f3 el compa\u00f1ero (y en el qued\u00f3, literalmente, mutilado) para torturarle manteni\u00e9ndole en una celda a pesar de que hab\u00eda perdido varios miembros, la visi\u00f3n etc\u00e9tera, amenaz\u00e1ndole de muerte y caus\u00e1ndole un dolor insoportable centr\u00e1ndose en sus lesiones. Sin embargo, los jueces rechazaron la solicitud. En fin, tanto discursito y palabrer\u00eda de mierda sobre derechos humanos y luego d\u00e1is validez legal a un testimonio que se sonsac\u00f3 mediante torturas y maltratos&#8230; \u00bfd\u00f3nde est\u00e1 vuestra ONU ahora, bastardxs?<\/p>\n<p align=\"JUSTIFY\">Sin embargo, la compa\u00f1era ya est\u00e1 en la calle y eso es lo que importa. Durante estos dos a\u00f1os en preventiva la compa\u00f1era no ha cedido a la presi\u00f3n ni ante el miedo a recibir una gran condena que la llevase a acabar sus d\u00edas entre rejas (tiene 80 a\u00f1os), y no ha colaborado en ning\u00fan momento ni con el poder ni con sus esbirros, dando un ejemplo a todxs de valor, entereza y coherencia revolucionaria.<\/p>\n<p align=\"JUSTIFY\">\u00a1Salud, libertad y felicidad para Sonja, Christian y las dem\u00e1s personas involucradas en el proceso contra las RZ!\u00a1Cada coraz\u00f3n es una c\u00e9lula revolucionaria!<\/p>\n<p align=\"JUSTIFY\"><a href=\"https:\/\/vozcomoarma.noblogs.org\/files\/2013\/11\/soli.jpg\"><img loading=\"lazy\" decoding=\"async\" class=\"aligncenter size-full wp-image-1858\" alt=\"Solidaridad Sonja Suder Christian Gauer\" src=\"https:\/\/vozcomoarma.noblogs.org\/files\/2013\/11\/soli.jpg\" width=\"500\" height=\"375\" srcset=\"https:\/\/vozcomoarma.noblogs.org\/files\/2013\/11\/soli.jpg 500w, https:\/\/vozcomoarma.noblogs.org\/files\/2013\/11\/soli-300x225.jpg 300w\" sizes=\"auto, (max-width: 500px) 100vw, 500px\" \/><\/a><\/p>\n","protected":false},"excerpt":{"rendered":"<p>Seg\u00fan inform\u00f3 Contrainfo, la compa\u00f1era Sonja Suder fue liberada finalmente el 12 de noviembre. Sonja Suder estaba encarcelada en relaci\u00f3n con su presunta participaci\u00f3n en acciones de las C\u00e9lulas Revolucionarias, un grupo armado de ideolog\u00eda marxista aunque m\u00e1s pr\u00f3ximo a &hellip; <a href=\"https:\/\/vozcomoarma.noblogs.org\/?p=1857\">Sigue leyendo <span class=\"meta-nav\">&rarr;<\/span><\/a><\/p>\n","protected":false},"author":7045,"featured_media":0,"comment_status":"closed","ping_status":"open","sticky":false,"template":"","format":"standard","meta":{"footnotes":""},"categories":[70,61,9,7],"tags":[51,16,42,24,19,11,71],"class_list":["post-1857","post","type-post","status-publish","format-standard","hentry","category-celulas-revolucionarias","category-noticias","category-noticias-y-comunicados","category-presxs","tag-alemania","tag-guerra-social","tag-movimientos-sociales","tag-reflexion","tag-represion","tag-solidaridad","tag-tortura"],"_links":{"self":[{"href":"https:\/\/vozcomoarma.noblogs.org\/index.php?rest_route=\/wp\/v2\/posts\/1857","targetHints":{"allow":["GET"]}}],"collection":[{"href":"https:\/\/vozcomoarma.noblogs.org\/index.php?rest_route=\/wp\/v2\/posts"}],"about":[{"href":"https:\/\/vozcomoarma.noblogs.org\/index.php?rest_route=\/wp\/v2\/types\/post"}],"author":[{"embeddable":true,"href":"https:\/\/vozcomoarma.noblogs.org\/index.php?rest_route=\/wp\/v2\/users\/7045"}],"replies":[{"embeddable":true,"href":"https:\/\/vozcomoarma.noblogs.org\/index.php?rest_route=%2Fwp%2Fv2%2Fcomments&post=1857"}],"version-history":[{"count":1,"href":"https:\/\/vozcomoarma.noblogs.org\/index.php?rest_route=\/wp\/v2\/posts\/1857\/revisions"}],"predecessor-version":[{"id":1859,"href":"https:\/\/vozcomoarma.noblogs.org\/index.php?rest_route=\/wp\/v2\/posts\/1857\/revisions\/1859"}],"wp:attachment":[{"href":"https:\/\/vozcomoarma.noblogs.org\/index.php?rest_route=%2Fwp%2Fv2%2Fmedia&parent=1857"}],"wp:term":[{"taxonomy":"category","embeddable":true,"href":"https:\/\/vozcomoarma.noblogs.org\/index.php?rest_route=%2Fwp%2Fv2%2Fcategories&post=1857"},{"taxonomy":"post_tag","embeddable":true,"href":"https:\/\/vozcomoarma.noblogs.org\/index.php?rest_route=%2Fwp%2Fv2%2Ftags&post=1857"}],"curies":[{"name":"wp","href":"https:\/\/api.w.org\/{rel}","templated":true}]}}