{"id":1860,"date":"2013-11-28T20:02:52","date_gmt":"2013-11-28T19:02:52","guid":{"rendered":"http:\/\/vozcomoarma.noblogs.org\/?p=1860"},"modified":"2013-11-28T20:02:52","modified_gmt":"2013-11-28T19:02:52","slug":"chile-solidaridad-con-el-companero-jose-miguel-sanchez","status":"publish","type":"post","link":"https:\/\/vozcomoarma.noblogs.org\/?p=1860","title":{"rendered":"Chile &#8211; \u00a1Solidaridad con el compa\u00f1ero Jos\u00e9 Miguel S\u00e1nchez!"},"content":{"rendered":"<p style=\"text-align: justify\">Noticia redactada con la informaci\u00f3n tomada de la web de lxs compas de <a href=\"http:\/\/es.contrainfo.espiv.net\/2013\/11\/28\/chile-el-compa-preso-jose-miguel-sanchez-jimenez-en-huelga-de-hambre-desde-el-27-de-noviembre\/\">Contrainfo<\/a>.<\/p>\n<p style=\"text-align: justify\">El compa Jos\u00e9 Miguel S\u00e1nchez es un preso anarquista que lleva casi dos d\u00e9cadas de lucha desde el interior de la prisi\u00f3n, resistiendo dignamente contra los malos tratos y las adversidades que tal situaci\u00f3n plantea y manteniendo intactas sus convicciones, las cuales forman una trayectoria que nos lleva desde su antigua militancia en el FPMR (Frente Patri\u00f3tico Manuel Rodr\u00edguez, organizaci\u00f3n de lucha armada marxista-leninista) hasta su actual militancia antiautoritaria.<\/p>\n<p style=\"text-align: justify\">El compa\u00f1ero deber\u00eda salir libre, por fin, en unos meses, cuando cumplir\u00e1 su condena de 20 a\u00f1os, pudiendo abandonar el talego tras tantos a\u00f1os. Sin embargo, el poder no parece tener muchas ganas de soltarle y por eso hace una semana aproximadamente fue denunciado por gendarmer\u00eda (departamento de carceleros en Chile) por presuntas amenazas directas contra el personal de la c\u00e1rcel Colina II. Ante estas denuncias, el compa\u00f1ero fue trasladado nada menos que a una \u00abcalle\u00bb de la Ex-Penitenciar\u00eda de Santiago de Chile, donde por el grado de canibalismo social que domina las relaciones entre lxs presxs son frecuentes las peleas y aquellxs que mantienen una actitud de lucha dentro de la prisi\u00f3n corren peligro permanente de ser asesinadxs por otrxs presxs de lxs cuales los carceleros se sirven para matar de forma encubierta a lxs presxs problem\u00e1ticxs (algo que, como digo, no representa hechos aislados sino una constante que se repite en el tiempo y el espacio de esa prisi\u00f3n). La gendarmer\u00eda ordena una muerte, un\/a presx lacayx la cumple y el esbirro recibe recompensas. De esta forma mantienen su hip\u00f3crita orden penitenciario y se libran de quienes no logran doblegar con las torturas convencionales.<\/p>\n<p style=\"text-align: justify\">El compa\u00f1ero, como respuesta, inicia una huelga de hambre y emite el siguiente comunicado explicando sus razones y exigencias, cuya difusi\u00f3n es urgente:<\/p>\n<p style=\"text-align: justify\">&#8212;&#8212;&#8212;&#8212;&#8212;&#8212;&#8212;&#8211;<\/p>\n<p align=\"JUSTIFY\"><strong><em>A LXS GUERRERXS DE LA LUCHA EMANCIPADORA.<\/em><\/strong><\/p>\n<p align=\"JUSTIFY\"><em>Jos\u00e9 Miguel S\u00e1nchez Jim\u00e9nez, reh\u00e9n del Estado capitalista desde hace 19 a\u00f1os y 9 meses, a uds. comunico:<\/em><\/p>\n<p align=\"JUSTIFY\"><em>Que a contar del d\u00eda de hoy, 27 de noviembre de 2013, doy inicio a una huelga de hambre de car\u00e1cter indefinido, para denunciar lo siguiente:<\/em><\/p>\n<p align=\"JUSTIFY\"><em>&#8211; Que a principios de este mes solicit\u00e9 por medio de un escrito ser devuelto a la C\u00e1rcel de Alta Seguridad (C.A.S.) o ser trasladado a los m\u00f3dulos de la ex-penitenciar\u00eda. Ayer y sin aviso, fui trasladado a la ex-penitenciar\u00eda Santiago Sur, donde desde la oficina de clasificaci\u00f3n, hoy quisieron derivarme a otras dependencias, d\u00e1ndome 2 alternativas: galer\u00eda 12 o calle 6, ambas de r\u00e9gimen de aislamiento, a lo que me negu\u00e9 por no ser donde solicit\u00e9 este traslado.<\/em><\/p>\n<p align=\"JUSTIFY\"><em>&#8211; Que denuncio ante mis afines, que gendarmer\u00eda (en su usual juego sucio) pretende enviarme a una de esas 2 dependencias donde existen en su gran mayor\u00eda presos que gendarmer\u00eda maneja a su antojo, donde arriesgo ser apu\u00f1alado por \u00f3rdenes de los carceleros, cosa muy com\u00fan con los que consideran enemigos de esta instituci\u00f3n putrefacta.<\/em><\/p>\n<p align=\"JUSTIFY\"><em>&#8211; Que bajo ning\u00fan argumento me dejar\u00e9 matar por alg\u00fan desconocido mandado por gendarmer\u00eda, o al menos no les har\u00e9 f\u00e1cil esta tarea, y si debo asumir la huelga de hambre seca (sin ingerir l\u00edquidos ni alimentos) lo har\u00e9.<\/em><\/p>\n<p align=\"JUSTIFY\"><em>&#8211; Que esta medida la asumo como una persecuci\u00f3n pol\u00edtica por mi pasado como prisionero pol\u00edtico del F.P.M.R y mi actual militancia como anarquista antiautoritario. Que no dejar\u00e9 la huelga de hambre mientras no se concrete mi traslado a los \u00a0m\u00f3dulos solicitados o me devuelvan a Colina II desde donde fui trasladado.<\/em><\/p>\n<p align=\"JUSTIFY\"><em>\u00a1Contra la c\u00e1rcel y el aislamiento!<\/em><br \/>\n<em>\u00a1Ning\u00fan minuto de sumisi\u00f3n, toda una vida de combate!<\/em><\/p>\n<p align=\"JUSTIFY\"><em>Jos\u00e9 Miguel S\u00e1nchez<\/em><br \/>\n<em>Prisionero subversivo<\/em><br \/>\n<em>Ex Penitenciar\u00eda. Noviembre 2013<\/em><\/p>\n<p align=\"JUSTIFY\">&#8212;&#8212;&#8212;&#8212;&#8212;&#8212;&#8212;&#8212;<\/p>\n<p align=\"JUSTIFY\">Adem\u00e1s, desde el Colectivo Anticarcelario Vuelo de Justicia (Chile) comunican lo siguiente:<\/p>\n<p align=\"JUSTIFY\">&#8212;&#8212;&#8212;&#8212;&#8212;&#8212;&#8212;&#8212;<\/p>\n<p align=\"JUSTIFY\"><em>Finalmente el compa\u00f1ero fue trasladado durante la tarde del d\u00eda de hoy a la calle n\u00famero 9. Si bien es una calle distinta a las que \u00e9l plantea en su comunicado, en donde se encuentran los presos que tienen sobre 40 a\u00f1os, no podemos obviar el hecho de que en este centro de exterminio las denominadas \u201ccalles\u201d nunca han sido ni ser\u00e1n lugares para resistir dignamente la prisi\u00f3n. Por lo mismo, las condiciones de su huelga de hambre seguir\u00e1n estando intactas mientras no sea trasladado a los m\u00f3dulos o en su defecto de vuelta a Colina II.<\/em><\/p>\n<p align=\"JUSTIFY\"><em>Recordamos que el compa\u00f1ero actualmente est\u00e1 a pocos meses de ver cumplida su condena de 20 a\u00f1os, y que hace una semana fue nuevamente blanco de gendarmer\u00eda al ser denunciado ante la fiscal\u00eda por amenazas directas en contra del personal de Colina II.<\/em><\/p>\n<p align=\"JUSTIFY\"><em>\u00a1A difundir, agitar y acompa\u00f1ar a Jos\u00e9 Miguel S\u00e1nchez!<\/em><br \/>\n<em>\u00a1Hasta alcanzar su libertad!<\/em><\/p>\n<p align=\"JUSTIFY\">&#8212;&#8212;&#8212;&#8212;&#8212;&#8212;&#8212;&#8212;<\/p>\n<p align=\"JUSTIFY\"><a href=\"https:\/\/vozcomoarma.noblogs.org\/files\/2013\/11\/escribiendocartas.jpg\"><img loading=\"lazy\" decoding=\"async\" class=\"aligncenter size-full wp-image-1861\" alt=\"Escribamos a lxs presxs\" src=\"https:\/\/vozcomoarma.noblogs.org\/files\/2013\/11\/escribiendocartas.jpg\" width=\"356\" height=\"582\" srcset=\"https:\/\/vozcomoarma.noblogs.org\/files\/2013\/11\/escribiendocartas.jpg 356w, https:\/\/vozcomoarma.noblogs.org\/files\/2013\/11\/escribiendocartas-183x300.jpg 183w\" sizes=\"auto, (max-width: 356px) 100vw, 356px\" \/><\/a><\/p>\n","protected":false},"excerpt":{"rendered":"<p>Noticia redactada con la informaci\u00f3n tomada de la web de lxs compas de Contrainfo. El compa Jos\u00e9 Miguel S\u00e1nchez es un preso anarquista que lleva casi dos d\u00e9cadas de lucha desde el interior de la prisi\u00f3n, resistiendo dignamente contra los &hellip; <a href=\"https:\/\/vozcomoarma.noblogs.org\/?p=1860\">Sigue leyendo <span class=\"meta-nav\">&rarr;<\/span><\/a><\/p>\n","protected":false},"author":7045,"featured_media":0,"comment_status":"closed","ping_status":"open","sticky":false,"template":"","format":"standard","meta":{"footnotes":""},"categories":[138,61,9,7],"tags":[17,78,16,24,19,11,71],"class_list":["post-1860","post","type-post","status-publish","format-standard","hentry","category-jose-miguel-sanchez","category-noticias","category-noticias-y-comunicados","category-presxs","tag-carcel","tag-chile","tag-guerra-social","tag-reflexion","tag-represion","tag-solidaridad","tag-tortura"],"_links":{"self":[{"href":"https:\/\/vozcomoarma.noblogs.org\/index.php?rest_route=\/wp\/v2\/posts\/1860","targetHints":{"allow":["GET"]}}],"collection":[{"href":"https:\/\/vozcomoarma.noblogs.org\/index.php?rest_route=\/wp\/v2\/posts"}],"about":[{"href":"https:\/\/vozcomoarma.noblogs.org\/index.php?rest_route=\/wp\/v2\/types\/post"}],"author":[{"embeddable":true,"href":"https:\/\/vozcomoarma.noblogs.org\/index.php?rest_route=\/wp\/v2\/users\/7045"}],"replies":[{"embeddable":true,"href":"https:\/\/vozcomoarma.noblogs.org\/index.php?rest_route=%2Fwp%2Fv2%2Fcomments&post=1860"}],"version-history":[{"count":1,"href":"https:\/\/vozcomoarma.noblogs.org\/index.php?rest_route=\/wp\/v2\/posts\/1860\/revisions"}],"predecessor-version":[{"id":1862,"href":"https:\/\/vozcomoarma.noblogs.org\/index.php?rest_route=\/wp\/v2\/posts\/1860\/revisions\/1862"}],"wp:attachment":[{"href":"https:\/\/vozcomoarma.noblogs.org\/index.php?rest_route=%2Fwp%2Fv2%2Fmedia&parent=1860"}],"wp:term":[{"taxonomy":"category","embeddable":true,"href":"https:\/\/vozcomoarma.noblogs.org\/index.php?rest_route=%2Fwp%2Fv2%2Fcategories&post=1860"},{"taxonomy":"post_tag","embeddable":true,"href":"https:\/\/vozcomoarma.noblogs.org\/index.php?rest_route=%2Fwp%2Fv2%2Ftags&post=1860"}],"curies":[{"name":"wp","href":"https:\/\/api.w.org\/{rel}","templated":true}]}}