{"id":18657,"date":"2017-11-14T19:06:12","date_gmt":"2017-11-14T18:06:12","guid":{"rendered":"https:\/\/vozcomoarma.noblogs.org\/?p=18657"},"modified":"2017-11-14T19:06:12","modified_gmt":"2017-11-14T18:06:12","slug":"suiza-ataque-incendiario-contra-maquinaria-la-empresa-contratista-de-construccion-de-centros-de-detencion-implenia-en-berna","status":"publish","type":"post","link":"https:\/\/vozcomoarma.noblogs.org\/?p=18657","title":{"rendered":"Su\u00edza &#8211; Ataque incendiario contra maquinaria la empresa contratista de construcci\u00f3n de centros de detenci\u00f3n Implenia en Berna"},"content":{"rendered":"<p align=\"JUSTIFY\">A continuaci\u00f3n, recojo de <strong><a href=\"https:\/\/insurrectionnewsworldwide.com\/2017\/11\/14\/bern-switzerland-arson-attack-against-detention-centre-construction-contractor-implenia\/\">Insurrection News<\/a><\/strong>, traduzco y difundo este comunicado reivindicando el ataque incendiario en Berna, Su\u00edza, contra veh\u00edculos y maquinaria de la empresa Implenia, contratista envuelta en la construcci\u00f3n de prisiones y que participa en el proyecto de un centro de detenci\u00f3n para migrantes indocumentades en B\u00e4sslergut, Basilea.<\/p>\n<p align=\"JUSTIFY\">&#8212;&#8212;&#8212;&#8212;&#8212;&#8212;&#8212;&#8211;<\/p>\n<p align=\"JUSTIFY\"><em>Durante la noche del 6 al 7 de noviembre en Berna, dos coches y una m\u00e1quina de construcci\u00f3n propiedad de la empresa Implenia fueron incendiados en el distrito de Lorraine.<\/em><\/p>\n<p align=\"JUSTIFY\"><em>Este ataque incendiario tuvo lugar dentro del contexto de la lucha contra la prisi\u00f3n de B\u00e4sslergut (centro de detenci\u00f3n) en Basilea as\u00ed como de la lucha contra el sistema carcelario y la lucha contra la m\u00e1quina de deportaci\u00f3n en general.<\/em><\/p>\n<p align=\"JUSTIFY\"><em>Implenia est\u00e1 participando en este proyecto de expansi\u00f3n de las prisiones y est\u00e1n ayudando a mantener a m\u00e1s y m\u00e1s gente encarcelada y a menudo deportada.<\/em><\/p>\n<p align=\"JUSTIFY\"><a href=\"https:\/\/vozcomoarma.noblogs.org\/files\/2017\/11\/burningbern.jpg\"><img loading=\"lazy\" decoding=\"async\" class=\"alignnone size-full wp-image-18658\" src=\"https:\/\/vozcomoarma.noblogs.org\/files\/2017\/11\/burningbern.jpg\" alt=\"\" width=\"640\" height=\"481\" srcset=\"https:\/\/vozcomoarma.noblogs.org\/files\/2017\/11\/burningbern.jpg 640w, https:\/\/vozcomoarma.noblogs.org\/files\/2017\/11\/burningbern-300x225.jpg 300w\" sizes=\"auto, (max-width: 640px) 100vw, 640px\" \/><\/a><\/p>\n","protected":false},"excerpt":{"rendered":"<p>A continuaci\u00f3n, recojo de Insurrection News, traduzco y difundo este comunicado reivindicando el ataque incendiario en Berna, Su\u00edza, contra veh\u00edculos y maquinaria de la empresa Implenia, contratista envuelta en la construcci\u00f3n de prisiones y que participa en el proyecto de &hellip; <a href=\"https:\/\/vozcomoarma.noblogs.org\/?p=18657\">Sigue leyendo <span class=\"meta-nav\">&rarr;<\/span><\/a><\/p>\n","protected":false},"author":7045,"featured_media":0,"comment_status":"closed","ping_status":"open","sticky":false,"template":"","format":"standard","meta":{"footnotes":""},"categories":[58,61,9],"tags":[16,26,76,42,19,10,11,55],"class_list":["post-18657","post","type-post","status-publish","format-standard","hentry","category-acciones","category-noticias","category-noticias-y-comunicados","tag-guerra-social","tag-insurreccionalismo","tag-migrantes","tag-movimientos-sociales","tag-represion","tag-sabotaje","tag-solidaridad","tag-suiza"],"_links":{"self":[{"href":"https:\/\/vozcomoarma.noblogs.org\/index.php?rest_route=\/wp\/v2\/posts\/18657","targetHints":{"allow":["GET"]}}],"collection":[{"href":"https:\/\/vozcomoarma.noblogs.org\/index.php?rest_route=\/wp\/v2\/posts"}],"about":[{"href":"https:\/\/vozcomoarma.noblogs.org\/index.php?rest_route=\/wp\/v2\/types\/post"}],"author":[{"embeddable":true,"href":"https:\/\/vozcomoarma.noblogs.org\/index.php?rest_route=\/wp\/v2\/users\/7045"}],"replies":[{"embeddable":true,"href":"https:\/\/vozcomoarma.noblogs.org\/index.php?rest_route=%2Fwp%2Fv2%2Fcomments&post=18657"}],"version-history":[{"count":1,"href":"https:\/\/vozcomoarma.noblogs.org\/index.php?rest_route=\/wp\/v2\/posts\/18657\/revisions"}],"predecessor-version":[{"id":18659,"href":"https:\/\/vozcomoarma.noblogs.org\/index.php?rest_route=\/wp\/v2\/posts\/18657\/revisions\/18659"}],"wp:attachment":[{"href":"https:\/\/vozcomoarma.noblogs.org\/index.php?rest_route=%2Fwp%2Fv2%2Fmedia&parent=18657"}],"wp:term":[{"taxonomy":"category","embeddable":true,"href":"https:\/\/vozcomoarma.noblogs.org\/index.php?rest_route=%2Fwp%2Fv2%2Fcategories&post=18657"},{"taxonomy":"post_tag","embeddable":true,"href":"https:\/\/vozcomoarma.noblogs.org\/index.php?rest_route=%2Fwp%2Fv2%2Ftags&post=18657"}],"curies":[{"name":"wp","href":"https:\/\/api.w.org\/{rel}","templated":true}]}}