{"id":18660,"date":"2017-11-14T19:12:00","date_gmt":"2017-11-14T18:12:00","guid":{"rendered":"https:\/\/vozcomoarma.noblogs.org\/?p=18660"},"modified":"2017-11-14T19:12:00","modified_gmt":"2017-11-14T18:12:00","slug":"alemania-incendiado-un-coche-de-policia-en-schleswig-holstein","status":"publish","type":"post","link":"https:\/\/vozcomoarma.noblogs.org\/?p=18660","title":{"rendered":"Alemania &#8211; Incendiado un coche de polic\u00eda en Schleswig-Holstein"},"content":{"rendered":"<p align=\"JUSTIFY\">Recojo de <strong><a href=\"https:\/\/insurrectionnewsworldwide.com\/2017\/11\/14\/schleswig-holstein-germany-police-patrol-vehicle-torched-in-solidarity-with-imprisoned-comrades\/\">Insurrection News<\/a><\/strong>, traduzco y difundo este comunicado reivindicando el incendio de un veh\u00edculo policial en el \u00e1rea de Flensburg en Schleswig-Holstein, Alemania, en solidaridad con les prisioneres anarquistas y con las personas procesadas por su participaci\u00f3n en las protestas contra la cumbre del G-20 en Hamburgo, el pasado mes de julio.<\/p>\n<p align=\"JUSTIFY\">&#8212;&#8212;&#8212;&#8212;&#8212;&#8212;&#8212;&#8212;&#8212;&#8211;<\/p>\n<p align=\"JUSTIFY\"><strong><em>Flensburg, 10 de noviembre de 2017<\/em><\/strong><\/p>\n<p align=\"JUSTIFY\"><em>En la noche del 10.11.2017, un coche patrulla de la comisar\u00eda de polic\u00eda de Harrislee (\u00e1rea de Flensburg) fue incendiado.<\/em><\/p>\n<p align=\"JUSTIFY\"><strong><em>Solidaridad con les prisioneres de los procesos por el G20 que empiezan en la semana 45 del calendario.<br \/>\n<\/em><\/strong><strong><em>Libertad para Fabio, Christian y todes les otres compa\u00f1eres afectades por la represi\u00f3n.<br \/>\n<\/em><\/strong><strong><em>Libertad para todes les prisioneres pol\u00edtiques, \u00a1no est\u00e1is olvidades!<\/em><\/strong><\/p>\n","protected":false},"excerpt":{"rendered":"<p>Recojo de Insurrection News, traduzco y difundo este comunicado reivindicando el incendio de un veh\u00edculo policial en el \u00e1rea de Flensburg en Schleswig-Holstein, Alemania, en solidaridad con les prisioneres anarquistas y con las personas procesadas por su participaci\u00f3n en las &hellip; <a href=\"https:\/\/vozcomoarma.noblogs.org\/?p=18660\">Sigue leyendo <span class=\"meta-nav\">&rarr;<\/span><\/a><\/p>\n","protected":false},"author":7045,"featured_media":0,"comment_status":"closed","ping_status":"open","sticky":false,"template":"","format":"standard","meta":{"footnotes":""},"categories":[58,321,61,9,7],"tags":[51,16,26,10,11],"class_list":["post-18660","post","type-post","status-publish","format-standard","hentry","category-acciones","category-detenides-y-encarcelades-no-g20-hamburgo-julio-2017","category-noticias","category-noticias-y-comunicados","category-presxs","tag-alemania","tag-guerra-social","tag-insurreccionalismo","tag-sabotaje","tag-solidaridad"],"_links":{"self":[{"href":"https:\/\/vozcomoarma.noblogs.org\/index.php?rest_route=\/wp\/v2\/posts\/18660","targetHints":{"allow":["GET"]}}],"collection":[{"href":"https:\/\/vozcomoarma.noblogs.org\/index.php?rest_route=\/wp\/v2\/posts"}],"about":[{"href":"https:\/\/vozcomoarma.noblogs.org\/index.php?rest_route=\/wp\/v2\/types\/post"}],"author":[{"embeddable":true,"href":"https:\/\/vozcomoarma.noblogs.org\/index.php?rest_route=\/wp\/v2\/users\/7045"}],"replies":[{"embeddable":true,"href":"https:\/\/vozcomoarma.noblogs.org\/index.php?rest_route=%2Fwp%2Fv2%2Fcomments&post=18660"}],"version-history":[{"count":1,"href":"https:\/\/vozcomoarma.noblogs.org\/index.php?rest_route=\/wp\/v2\/posts\/18660\/revisions"}],"predecessor-version":[{"id":18661,"href":"https:\/\/vozcomoarma.noblogs.org\/index.php?rest_route=\/wp\/v2\/posts\/18660\/revisions\/18661"}],"wp:attachment":[{"href":"https:\/\/vozcomoarma.noblogs.org\/index.php?rest_route=%2Fwp%2Fv2%2Fmedia&parent=18660"}],"wp:term":[{"taxonomy":"category","embeddable":true,"href":"https:\/\/vozcomoarma.noblogs.org\/index.php?rest_route=%2Fwp%2Fv2%2Fcategories&post=18660"},{"taxonomy":"post_tag","embeddable":true,"href":"https:\/\/vozcomoarma.noblogs.org\/index.php?rest_route=%2Fwp%2Fv2%2Ftags&post=18660"}],"curies":[{"name":"wp","href":"https:\/\/api.w.org\/{rel}","templated":true}]}}