{"id":18693,"date":"2017-11-20T19:05:48","date_gmt":"2017-11-20T18:05:48","guid":{"rendered":"https:\/\/vozcomoarma.noblogs.org\/?p=18693"},"modified":"2017-11-20T19:06:14","modified_gmt":"2017-11-20T18:06:14","slug":"argentina-nace-el-blog-con-el-fuego-en-las-pupilas","status":"publish","type":"post","link":"https:\/\/vozcomoarma.noblogs.org\/?p=18693","title":{"rendered":"Argentina &#8211; Nace el blog \u00abCon el fuego en las pupilas\u00bb"},"content":{"rendered":"<p align=\"JUSTIFY\">Les compas al cargo de este nuevo blog llamado <strong><a href=\"https:\/\/conelfuegoenlaspupilas.wordpress.com\/\">\u00abCon el Fuego en las Pupilas\u00bb<\/a><\/strong> se pusieron en contacto para compartir su texto de presentaci\u00f3n, el cual os dejo a continuaci\u00f3n.<\/p>\n<p align=\"JUSTIFY\">\u00a1Fuerza para este nuevo proyecto!<\/p>\n<p align=\"JUSTIFY\">&#8212;&#8212;&#8212;&#8212;&#8212;&#8212;&#8212;&#8212;-<\/p>\n<p align=\"JUSTIFY\"><strong><em>Presentaci\u00f3n del Blog \u2018Con el Fuego en las Pupilas\u2019<\/em><\/strong><\/p>\n<p align=\"JUSTIFY\"><em>Aunque el actual contexto se muestre asolador, y es que a\u00fan acumulamos odio por la muerte de nuestro compa\u00f1ero, nos damos tiempo para distendernos y reflexionar, re\u00edr y conspirar. Porque vamos a seguir jugando violenta y apasionadamente aunque nos desaparezcan, nos maten o nos encierren.<\/em><\/p>\n<p align=\"JUSTIFY\"><em>En esta mezcla ca\u00f3tica de un presente adverso y emociones a flor de piel compartimos este blog: Con el fuego en las pupilas; en el cual se compartir\u00e1n an\u00e1lisis, textos, traducciones y publicaciones que esperemos sirva para seguir afilando las practicas an\u00e1rquicas contra el imperante orden establecido.<\/em><\/p>\n<p align=\"JUSTIFY\"><em>Compartimos esta iniciativa con quienes entendemos hay cierta afinidad para extender la complicidad insurreccional contra la red de la dominaci\u00f3n esperando nada a cambio. Porque entendemos m\u00e1s efectivo las acciones concretas, f\u00edsicas y materiales hacia la autoridad que la conformidad de la virtualidad. Esto no quita que no esperemos cr\u00edticas y aportes para el intercambio y nutrirnos en estos aspectos de confrontaci\u00f3n antiautoritaria tambi\u00e9n importantes, y mucho menos las palabras de quienes con sus aportes nos motivan y llenan de emociones en este intr\u00e9pido y estr\u00e9pito andar an\u00e1rquico.<\/em><\/p>\n<p align=\"JUSTIFY\"><strong><em>\u201cMi mundo arde por dentro, quema con intensidad o al menos eso intenta. El mundo arder\u00e1 y no ser\u00e1 el m\u00edo. El mundo de las formas, de las normas y los esquemas ser\u00e1 cenizas\u201d<\/em><\/strong><\/p>\n<p align=\"JUSTIFY\"><em>Con cari\u00f1o, caos y rebeld\u00eda a quienes estando \u201cdentro o fuera\u201d se declaran en guerra contra toda autoridad. Con un profundo recuerdo de una relaci\u00f3n real que nunca existi\u00f3 hacia \u201cEl Lechuga\u201d, compa\u00f1ero an\u00e1rquico que cay\u00f3 combatiendo contra Gendarmer\u00eda Nacional Argentina en solidaridad con el Pueblo Mapuche.<\/em><\/p>\n<p align=\"JUSTIFY\"><em>Con desbordante rabia y con desbordante amor, para que este mundo sucumba ante la apasionada insurrecci\u00f3n.<\/em><\/p>\n<p align=\"JUSTIFY\"><em><strong>\u201c\u2026Solo la violencia apasionada y expansiva de los individuos insurgentes, jugando solos o con otros, tiene oportunidad de destruir esta sociedad\u201d<\/strong> \u2013 Wolfi Landstreicher<\/em><\/p>\n<p align=\"JUSTIFY\"><a href=\"https:\/\/vozcomoarma.noblogs.org\/files\/2017\/11\/Con-el-Fuego-en-las-Pupilas-portada.jpg\"><img loading=\"lazy\" decoding=\"async\" class=\"alignnone size-full wp-image-18694\" src=\"https:\/\/vozcomoarma.noblogs.org\/files\/2017\/11\/Con-el-Fuego-en-las-Pupilas-portada.jpg\" alt=\"\" width=\"1058\" height=\"491\" srcset=\"https:\/\/vozcomoarma.noblogs.org\/files\/2017\/11\/Con-el-Fuego-en-las-Pupilas-portada.jpg 1058w, https:\/\/vozcomoarma.noblogs.org\/files\/2017\/11\/Con-el-Fuego-en-las-Pupilas-portada-300x139.jpg 300w, https:\/\/vozcomoarma.noblogs.org\/files\/2017\/11\/Con-el-Fuego-en-las-Pupilas-portada-768x356.jpg 768w, https:\/\/vozcomoarma.noblogs.org\/files\/2017\/11\/Con-el-Fuego-en-las-Pupilas-portada-1024x475.jpg 1024w\" sizes=\"auto, (max-width: 1058px) 100vw, 1058px\" \/><\/a><\/p>\n","protected":false},"excerpt":{"rendered":"<p>Les compas al cargo de este nuevo blog llamado \u00abCon el Fuego en las Pupilas\u00bb se pusieron en contacto para compartir su texto de presentaci\u00f3n, el cual os dejo a continuaci\u00f3n. \u00a1Fuerza para este nuevo proyecto! &#8212;&#8212;&#8212;&#8212;&#8212;&#8212;&#8212;&#8212;- Presentaci\u00f3n del Blog &hellip; <a href=\"https:\/\/vozcomoarma.noblogs.org\/?p=18693\">Sigue leyendo <span class=\"meta-nav\">&rarr;<\/span><\/a><\/p>\n","protected":false},"author":7045,"featured_media":0,"comment_status":"closed","ping_status":"open","sticky":false,"template":"","format":"standard","meta":{"footnotes":""},"categories":[58,61,9],"tags":[13,35,16,42],"class_list":["post-18693","post","type-post","status-publish","format-standard","hentry","category-acciones","category-noticias","category-noticias-y-comunicados","tag-argentina","tag-asesinato-de-estado","tag-guerra-social","tag-movimientos-sociales"],"_links":{"self":[{"href":"https:\/\/vozcomoarma.noblogs.org\/index.php?rest_route=\/wp\/v2\/posts\/18693","targetHints":{"allow":["GET"]}}],"collection":[{"href":"https:\/\/vozcomoarma.noblogs.org\/index.php?rest_route=\/wp\/v2\/posts"}],"about":[{"href":"https:\/\/vozcomoarma.noblogs.org\/index.php?rest_route=\/wp\/v2\/types\/post"}],"author":[{"embeddable":true,"href":"https:\/\/vozcomoarma.noblogs.org\/index.php?rest_route=\/wp\/v2\/users\/7045"}],"replies":[{"embeddable":true,"href":"https:\/\/vozcomoarma.noblogs.org\/index.php?rest_route=%2Fwp%2Fv2%2Fcomments&post=18693"}],"version-history":[{"count":2,"href":"https:\/\/vozcomoarma.noblogs.org\/index.php?rest_route=\/wp\/v2\/posts\/18693\/revisions"}],"predecessor-version":[{"id":18696,"href":"https:\/\/vozcomoarma.noblogs.org\/index.php?rest_route=\/wp\/v2\/posts\/18693\/revisions\/18696"}],"wp:attachment":[{"href":"https:\/\/vozcomoarma.noblogs.org\/index.php?rest_route=%2Fwp%2Fv2%2Fmedia&parent=18693"}],"wp:term":[{"taxonomy":"category","embeddable":true,"href":"https:\/\/vozcomoarma.noblogs.org\/index.php?rest_route=%2Fwp%2Fv2%2Fcategories&post=18693"},{"taxonomy":"post_tag","embeddable":true,"href":"https:\/\/vozcomoarma.noblogs.org\/index.php?rest_route=%2Fwp%2Fv2%2Ftags&post=18693"}],"curies":[{"name":"wp","href":"https:\/\/api.w.org\/{rel}","templated":true}]}}