{"id":18713,"date":"2017-11-22T14:42:01","date_gmt":"2017-11-22T13:42:01","guid":{"rendered":"https:\/\/vozcomoarma.noblogs.org\/?p=18713"},"modified":"2017-11-22T14:43:40","modified_gmt":"2017-11-22T13:43:40","slug":"finlandia-incendiados-cuatro-camiones-de-una-industria-de-lacteos","status":"publish","type":"post","link":"https:\/\/vozcomoarma.noblogs.org\/?p=18713","title":{"rendered":"Finlandia &#8211; Incendiados cuatro camiones de una industria de l\u00e1cteos"},"content":{"rendered":"<p align=\"justify\">A continuacion sigue un comunicado (recogido y traducido de <strong><a href=\"http:\/\/directaction.info\/news_nov14_17.htm\">Bite Back!<\/a><\/strong>) de una c\u00e9lula an\u00f3nima de activistas antiespecistas que reivindican haber prendido fuego a cuatro camiones de una industria de l\u00e1cteos en Tampere, Finlandia:<\/p>\n<p align=\"justify\">&#8212;&#8212;&#8212;&#8212;&#8212;&#8212;&#8212;&#8212;&#8212;&#8212;-<\/p>\n<p align=\"justify\"><strong><em>14.11.17<\/em><\/strong><\/p>\n<p align=\"justify\"><em>Querr\u00edamos dedicar esta acci\u00f3n a todes nuestres amigues secuestrades, o a aquelles que fueron secuestrades alguna vez, prendiendo fuego a 4 camiones de una de las mayores empresas l\u00e1cteas en Finlandia llamada Valio. La acci\u00f3n tuvo lugar en una ciudad llamada Tampere en la madrugada de este martes.<\/em><\/p>\n<p align=\"justify\"><em>Muches de nuestra c\u00e9lula quer\u00edan apuntar a esta compa\u00f1\u00eda desde hace mucho tiempo. Pensamos que no es necesario explicar mucho la raz\u00f3n de nuestra selecci\u00f3n: La industria l\u00e1ctea tiene una larga historia de destrucci\u00f3n, crueldad y tortura de este planeta, sus ecosistemas y sus habitantes. Como nuestras amigas las vacas y los bosques, quienes son cruelmente abusadas y asesinadas o destru\u00eddos por la producci\u00f3n de leche.<\/em><\/p>\n<p align=\"justify\"><a href=\"https:\/\/vozcomoarma.noblogs.org\/files\/2017\/11\/Finland_dairy_Nov17.jpg\"><img loading=\"lazy\" decoding=\"async\" class=\"size-full wp-image-18715 aligncenter\" src=\"https:\/\/vozcomoarma.noblogs.org\/files\/2017\/11\/Finland_dairy_Nov17.jpg\" alt=\"\" width=\"420\" height=\"315\" srcset=\"https:\/\/vozcomoarma.noblogs.org\/files\/2017\/11\/Finland_dairy_Nov17.jpg 420w, https:\/\/vozcomoarma.noblogs.org\/files\/2017\/11\/Finland_dairy_Nov17-300x225.jpg 300w\" sizes=\"auto, (max-width: 420px) 100vw, 420px\" \/><\/a> <a href=\"https:\/\/vozcomoarma.noblogs.org\/files\/2017\/11\/Finland_dairy_Nov17b.jpg\"><img loading=\"lazy\" decoding=\"async\" class=\"size-full wp-image-18716 aligncenter\" src=\"https:\/\/vozcomoarma.noblogs.org\/files\/2017\/11\/Finland_dairy_Nov17b.jpg\" alt=\"\" width=\"420\" height=\"280\" srcset=\"https:\/\/vozcomoarma.noblogs.org\/files\/2017\/11\/Finland_dairy_Nov17b.jpg 420w, https:\/\/vozcomoarma.noblogs.org\/files\/2017\/11\/Finland_dairy_Nov17b-300x200.jpg 300w\" sizes=\"auto, (max-width: 420px) 100vw, 420px\" \/><\/a><\/p>\n","protected":false},"excerpt":{"rendered":"<p>A continuacion sigue un comunicado (recogido y traducido de Bite Back!) de una c\u00e9lula an\u00f3nima de activistas antiespecistas que reivindican haber prendido fuego a cuatro camiones de una industria de l\u00e1cteos en Tampere, Finlandia: &#8212;&#8212;&#8212;&#8212;&#8212;&#8212;&#8212;&#8212;&#8212;&#8212;- 14.11.17 Querr\u00edamos dedicar esta acci\u00f3n &hellip; <a href=\"https:\/\/vozcomoarma.noblogs.org\/?p=18713\">Sigue leyendo <span class=\"meta-nav\">&rarr;<\/span><\/a><\/p>\n","protected":false},"author":7045,"featured_media":0,"comment_status":"closed","ping_status":"open","sticky":false,"template":"","format":"standard","meta":{"footnotes":""},"categories":[58,61,9],"tags":[47,39,30,104,16,26,42,10,11],"class_list":["post-18713","post","type-post","status-publish","format-standard","hentry","category-acciones","category-noticias","category-noticias-y-comunicados","tag-anti-desarrollismo","tag-anti-especismo","tag-critica-anti-industrial","tag-finlandia","tag-guerra-social","tag-insurreccionalismo","tag-movimientos-sociales","tag-sabotaje","tag-solidaridad"],"_links":{"self":[{"href":"https:\/\/vozcomoarma.noblogs.org\/index.php?rest_route=\/wp\/v2\/posts\/18713","targetHints":{"allow":["GET"]}}],"collection":[{"href":"https:\/\/vozcomoarma.noblogs.org\/index.php?rest_route=\/wp\/v2\/posts"}],"about":[{"href":"https:\/\/vozcomoarma.noblogs.org\/index.php?rest_route=\/wp\/v2\/types\/post"}],"author":[{"embeddable":true,"href":"https:\/\/vozcomoarma.noblogs.org\/index.php?rest_route=\/wp\/v2\/users\/7045"}],"replies":[{"embeddable":true,"href":"https:\/\/vozcomoarma.noblogs.org\/index.php?rest_route=%2Fwp%2Fv2%2Fcomments&post=18713"}],"version-history":[{"count":3,"href":"https:\/\/vozcomoarma.noblogs.org\/index.php?rest_route=\/wp\/v2\/posts\/18713\/revisions"}],"predecessor-version":[{"id":18718,"href":"https:\/\/vozcomoarma.noblogs.org\/index.php?rest_route=\/wp\/v2\/posts\/18713\/revisions\/18718"}],"wp:attachment":[{"href":"https:\/\/vozcomoarma.noblogs.org\/index.php?rest_route=%2Fwp%2Fv2%2Fmedia&parent=18713"}],"wp:term":[{"taxonomy":"category","embeddable":true,"href":"https:\/\/vozcomoarma.noblogs.org\/index.php?rest_route=%2Fwp%2Fv2%2Fcategories&post=18713"},{"taxonomy":"post_tag","embeddable":true,"href":"https:\/\/vozcomoarma.noblogs.org\/index.php?rest_route=%2Fwp%2Fv2%2Ftags&post=18713"}],"curies":[{"name":"wp","href":"https:\/\/api.w.org\/{rel}","templated":true}]}}