{"id":18746,"date":"2017-11-27T17:37:33","date_gmt":"2017-11-27T16:37:33","guid":{"rendered":"https:\/\/vozcomoarma.noblogs.org\/?p=18746"},"modified":"2017-11-27T17:37:33","modified_gmt":"2017-11-27T16:37:33","slug":"peru-plaza-de-acho-2017-la-tauromaquia-en-peru-caera","status":"publish","type":"post","link":"https:\/\/vozcomoarma.noblogs.org\/?p=18746","title":{"rendered":"Per\u00fa &#8211; \u00abPlaza de Acho 2017 &#8211; \u00a1La tauromaquia en Per\u00fa caer\u00e1!\u00bb"},"content":{"rendered":"<p align=\"justify\">Sigue un comunicado recibido en el correo electr\u00f3nico sobre la lucha contra la tauromaquia en Per\u00fa, y las acciones contra la Plaza de toros de Acho, en Lima:<\/p>\n<p align=\"justify\">&#8212;&#8212;&#8212;&#8212;&#8212;&#8212;&#8212;&#8212;&#8212;&#8212;&#8212;&#8212;&#8212;&#8212;&#8212;&#8212;<\/p>\n<p align=\"justify\"><strong><em>Plaza de Acho 2017 &#8211; \u00a1La Tauromaquia en Per\u00fa caer\u00e1!<\/em><\/strong><\/p>\n<p align=\"justify\"><em>En esta regi\u00f3n como en todas partes donde esta actividad especista se realiza, no se trata s\u00f3lo de una temporada ni de una sola ubicaci\u00f3n o plaza, se trata de casi el 80% de d\u00edas de todo el a\u00f1o en que se la pasan usando, humillando y asesinando a toros y dem\u00e1s animales que son obligadxs a ser parte de la tauromaquia.<\/em><\/p>\n<p align=\"justify\"><em>En esta regi\u00f3n, Per\u00fa, no s\u00f3lo se realiza la tauromaquia en Plaza de Acho, sino tambi\u00e9n en varias plazas fijas constru\u00eddas en varios departamentos de esta regi\u00f3n, o en todo caso se construyen plazas armables para el d\u00eda central de alguna fiesta patronal, pues la tauromaquia va de la mano con el catolicismo. Raz\u00f3n por la cual en cada llamada \u00abcorrida de toros\u00bb se nombra a un santo como patrono de dicha fiesta especista.<\/em><\/p>\n<p align=\"justify\"><em>Cabe recordar que la tauromaquia en esta regi\u00f3n est\u00e1 presente luego de la llegada de esos grupos colonos que llegaron en su mayor\u00eda de la regi\u00f3n Espa\u00f1a que trajeron entre sus costumbres la tauromaquia y a lxs animales hoy llamadxs de granja o de lidia. Fu\u00e9 todo un proceso de intercambio cultural que hizo que quedara arraigado en las fiestas costumbristas de los departamentos fuera de la capital Lima. Se dice que las primeras corridas de toros se realizaron en el departamento de Cajamarca, a nosotrxs nos da igual d\u00f3nde empez\u00f3, nos interesa m\u00e1s cu\u00e1ndo y d\u00f3nde acabar\u00e1, y a eso vamos.<\/em><\/p>\n<p align=\"justify\"><em>Han sido d\u00e9cadas de lucha antitaurina en la que han sido partes personas de diversas ideolog\u00edas y motivaciones, sin nombrar a los oportunistas de siempre y de toda lucha, lxs personajes ligadxs al Estado sean congresistas o miembrxs de partidos pol\u00edticos, tambi\u00e9n ONGs que s\u00f3lo han logrado apagar la llama de la revuelta y la desobediencia a trav\u00e9s de sus instituciones verticales sean estas animalistas, ambientalistas o veganas.<\/em><\/p>\n<p align=\"justify\"><em>Diversas t\u00e1cticas son las que se han empleado para dar un golpe contundente a dicha Plaza de Acho, desde las legalistas, pacifistas hasta las de choque aunque esta \u00faltima siempre ha sido condenada por la mayor\u00eda de lxs mismxs animalistas, veganxs y ciudadanxs en general con ese civismo que carcome sus corazones que dejaron de latir ante las ansias de libertad. Sin embargo dentro de estas acciones hay algunas que han quedado en el olvido por intereses de aquellos grupos que siempre quieren abanderarse de la lucha imponiendo sus estrategias y t\u00e1cticas, las mismas que quisieron captar a sus dominios a quienes lograron golpear hondo en el coraz\u00f3n del especismo dentro de su misma Plaza 3 veces, acciones que lograron demostrar que sus dominios pueden ser vulnerados cuando hay determinaci\u00f3n y se ama la libertad por encima de los prejuicios y las excusas. Desde luego esas acciones al ser desde la individualidad o desde grupos aut\u00f3nomos, no conviene a nadie tanto opresorxs como reformistas recordarlo. Da igual los reconocimientos, s\u00f3lo queda la satisfacci\u00f3n de haberles malogrado aunque sea unos segundos o minutos su fiesta 3 veces en el lugar menos esperado donde se cre\u00edan invulnerables, fuertes&#8230; autoritarixs con toros, caballos y yeguas. Lugar donde tambi\u00e9n fueron usadxs, asesinadxs e inclusive obligadxs a pelear otras especies animales como osas, perros, tigres, leones, elefantes.<\/em><\/p>\n<p align=\"justify\"><em>Es por ellxs y por la libertad que nos alzamos y buscamos c\u00f3mplices para que cada quien por su lado logre vulnerarles una vez m\u00e1s hasta que no les quede fuerzas de volver a sentirse autoritarixs con lxs dem\u00e1s.<\/em><\/p>\n<p align=\"justify\"><strong><em>Contra toda dominaci\u00f3n<br \/>\n<\/em><em>\u00a1Acci\u00f3n!<\/em><\/strong><\/p>\n<p align=\"justify\"><a href=\"https:\/\/vozcomoarma.noblogs.org\/files\/2017\/11\/acho-2017.jpg\"><img loading=\"lazy\" decoding=\"async\" class=\"size-full wp-image-18747 aligncenter\" src=\"https:\/\/vozcomoarma.noblogs.org\/files\/2017\/11\/acho-2017.jpg\" alt=\"\" width=\"727\" height=\"619\" srcset=\"https:\/\/vozcomoarma.noblogs.org\/files\/2017\/11\/acho-2017.jpg 727w, https:\/\/vozcomoarma.noblogs.org\/files\/2017\/11\/acho-2017-300x255.jpg 300w\" sizes=\"auto, (max-width: 727px) 100vw, 727px\" \/><\/a><\/p>\n","protected":false},"excerpt":{"rendered":"<p>Sigue un comunicado recibido en el correo electr\u00f3nico sobre la lucha contra la tauromaquia en Per\u00fa, y las acciones contra la Plaza de toros de Acho, en Lima: &#8212;&#8212;&#8212;&#8212;&#8212;&#8212;&#8212;&#8212;&#8212;&#8212;&#8212;&#8212;&#8212;&#8212;&#8212;&#8212; Plaza de Acho 2017 &#8211; \u00a1La Tauromaquia en Per\u00fa caer\u00e1! En &hellip; <a href=\"https:\/\/vozcomoarma.noblogs.org\/?p=18746\">Sigue leyendo <span class=\"meta-nav\">&rarr;<\/span><\/a><\/p>\n","protected":false},"author":7045,"featured_media":0,"comment_status":"closed","ping_status":"open","sticky":false,"template":"","format":"standard","meta":{"footnotes":""},"categories":[58,61,9],"tags":[39,16,26,42,273,24,10],"class_list":["post-18746","post","type-post","status-publish","format-standard","hentry","category-acciones","category-noticias","category-noticias-y-comunicados","tag-anti-especismo","tag-guerra-social","tag-insurreccionalismo","tag-movimientos-sociales","tag-peru","tag-reflexion","tag-sabotaje"],"_links":{"self":[{"href":"https:\/\/vozcomoarma.noblogs.org\/index.php?rest_route=\/wp\/v2\/posts\/18746","targetHints":{"allow":["GET"]}}],"collection":[{"href":"https:\/\/vozcomoarma.noblogs.org\/index.php?rest_route=\/wp\/v2\/posts"}],"about":[{"href":"https:\/\/vozcomoarma.noblogs.org\/index.php?rest_route=\/wp\/v2\/types\/post"}],"author":[{"embeddable":true,"href":"https:\/\/vozcomoarma.noblogs.org\/index.php?rest_route=\/wp\/v2\/users\/7045"}],"replies":[{"embeddable":true,"href":"https:\/\/vozcomoarma.noblogs.org\/index.php?rest_route=%2Fwp%2Fv2%2Fcomments&post=18746"}],"version-history":[{"count":1,"href":"https:\/\/vozcomoarma.noblogs.org\/index.php?rest_route=\/wp\/v2\/posts\/18746\/revisions"}],"predecessor-version":[{"id":18748,"href":"https:\/\/vozcomoarma.noblogs.org\/index.php?rest_route=\/wp\/v2\/posts\/18746\/revisions\/18748"}],"wp:attachment":[{"href":"https:\/\/vozcomoarma.noblogs.org\/index.php?rest_route=%2Fwp%2Fv2%2Fmedia&parent=18746"}],"wp:term":[{"taxonomy":"category","embeddable":true,"href":"https:\/\/vozcomoarma.noblogs.org\/index.php?rest_route=%2Fwp%2Fv2%2Fcategories&post=18746"},{"taxonomy":"post_tag","embeddable":true,"href":"https:\/\/vozcomoarma.noblogs.org\/index.php?rest_route=%2Fwp%2Fv2%2Ftags&post=18746"}],"curies":[{"name":"wp","href":"https:\/\/api.w.org\/{rel}","templated":true}]}}