{"id":18802,"date":"2017-12-04T16:58:34","date_gmt":"2017-12-04T15:58:34","guid":{"rendered":"https:\/\/vozcomoarma.noblogs.org\/?p=18802"},"modified":"2017-12-04T16:58:45","modified_gmt":"2017-12-04T15:58:45","slug":"grecia-les-prisioneres-de-lucha-revolucionaria-pola-roupa-y-nikos-maziotis-son-trasladades-a-un-hospital-en-el-dia-21-de-huelga-de-hambre","status":"publish","type":"post","link":"https:\/\/vozcomoarma.noblogs.org\/?p=18802","title":{"rendered":"Grecia &#8211;  Les prisioneres de Lucha Revolucionaria Pola Roupa y Nikos Maziotis son trasladades a un hospital en el d\u00eda 21 de huelga de hambre."},"content":{"rendered":"<p align=\"justify\">Desde mediados del pasado mes de noviembre, les compas Nikos Maziotis y Pola Roupa, miembros preses de la guerrilla urbana anarquista griega Lucha Revolucionaria, se encuentran en huelga de hambre en las c\u00e1rceles griegas exigiendo diversas demandas. A continuaci\u00f3n, sigue la traducci\u00f3n, realizada y enviada por les compas de <strong>Sin Banderas Ni Fronteras<\/strong>, del comunicado que informa del traslado de les dos compas al \u00abhospital\u00bb de la prisi\u00f3n de Korydallos (por llamar de alguna manera a tan precarias instalaciones, m\u00e1s parecidas a la antesala de una morgue) en el vig\u00e9simoprimer d\u00eda de su huelga de hambre. Posteriormente, al parecer y seg\u00fan informaciones aparecidas en Indymedia Atenas, Nikos Maziotis habr\u00eda sido enviado a otro hospital, esta vez fuera de la prisi\u00f3n (el hospital Tzaneio, en la zona del Pireo, en Atenas).<\/p>\n<p align=\"justify\">Recordemos que, como ya anunciaron algunas informaciones anteriores (como esta, publicada en ingl\u00e9s en <strong><a href=\"https:\/\/insurrectionnewsworldwide.com\/2017\/12\/01\/greece-revolutionary-struggle-prisoners-pola-roupa-nikos-maziotis-refuse-hospital-transfer-on-day-20-of-hunger-strike\/\">Insurrection News<\/a><\/strong>), les compa\u00f1eres hab\u00edan rechazado en un primer momento ser trasladades a un hospital, explicando que s\u00f3lo aceptar\u00edan ese traslado si se les permit\u00eda hablar por tel\u00e9fono con su hijo peque\u00f1o. No se sabe si eso se les concedi\u00f3 o si por el contrario el traslado se habr\u00eda realizado a la fuerza o de otro modo.<\/p>\n<p align=\"justify\">&#8212;&#8212;&#8212;&#8212;&#8212;&#8212;&#8212;&#8212;&#8212;&#8212;&#8212;&#8212;&#8212;&#8212;<\/p>\n<p align=\"justify\"><strong><em>(Grecia) Prisionerxs de Lucha Revolucionaria Pola Roupa y Nikos Maziotis son trasladados a hospital en d\u00eda 21 de huelga de hambre.<\/em><\/strong><\/p>\n<p align=\"justify\"><strong><em>[Traducido por Sin Banderas Ni Fronteras desde Insurrection News)<\/em><\/strong><\/p>\n<p><em><strong> Grecia, 02.12.17:<\/strong> La abogada de lxs miembrxs encarceladxs de Lucha Revolucionaria Pola Roupa y Nikos Maziotis, Marizana Kikiris, despu\u00e9s de una discusi\u00f3n con los funcionarios de la prisi\u00f3n fue informada, pero no a t\u00edtulo oficial, de que lxs compa\u00f1erxs estaban siendo transferidos al hospital &#8216;Saint Paul&#8217; de la prisi\u00f3n.<\/em><\/p>\n<p align=\"justify\"><em>Existe cierta confusi\u00f3n con respecto a las transferencias al hospital. M\u00e1s tarde en Atenas Indymedia se anunci\u00f3 que Nikos Maziotis fue trasladado a TZANEIO (Hospital General de la Prefectura de Tzaneio en Pireo). No se sabe si Pola Roupa ha sido transferida al mismo hospital ya que su transferencia no se realiz\u00f3 al mismo tiempo que Nikos. Tampoco se sabe si las autoridades han otorgado la demanda del compa\u00f1ero de que se le otorgue acceso de comunicaci\u00f3n telef\u00f3nica con su hijo, ya que lxs compa\u00f1erxs hab\u00edan declarado que rechazar\u00edan cualquier transferencia a un hospital a menos que esto se haya otorgado.<\/em><\/p>\n<p align=\"justify\"><strong><em>SOLIDARIDAD INTERNACIONAL CON LA HUELGA DE HAMBRE DE LUCHA REVOLUCIONARIA!<\/em><\/strong><\/p>\n<p align=\"justify\"><strong><em>\u00a1SATISFACCI\u00d3N INMEDIATA DE LAS DEMANDAS DE LXS COMPA\u00d1ERXS! <\/em><\/strong><\/p>\n<p align=\"justify\"><strong><em>SOLIDARIDAD Y FUERZA PARA POLA, NIKOS Y TODXS LXS PRISIONERXS GRIEGOS EN REVUELTA!<\/em><\/strong><\/p>\n<p align=\"justify\"><em><strong>Nota de Sin Banderas Ni Fronteras:<\/strong> Lxs compa\u00f1erxs se encuentran en huelga de hambre desde el 11 de noviembre, en contra del nuevo c\u00f3digo de prisiones que el Estado intenta instalar en Grecia. Si bien hay tambi\u00e9n una movilizaci\u00f3n masiva de prisionerxs contra el mismo c\u00f3digo penal, lxs compa\u00f1erxs NIkos y Poula exigen:<\/em><\/p>\n<p align=\"justify\"><em>\u2013 Retirar la disposici\u00f3n en el Art\u00edculo 11 p\u00e1rrafo 6, punto E y p\u00e1rrafo 4 en el mismo art\u00edculo sobre la detenci\u00f3n en las comisar\u00edas de polic\u00eda.<\/em><br \/>\n<em> \u2013 No al regreso del r\u00e9gimen de prisi\u00f3n Tipo C.<\/em><br \/>\n<em> \u2013 Salida inmediata de Nikos Maziotis del aislamiento en el que se encuentra por una decisi\u00f3n del ministerio desde julio de 2017.<\/em><br \/>\n<em> \u2013 Introducir un ajuste al c\u00f3digo correccional para facilitar el horario de visitas en funci\u00f3n de la frecuencia de visitas que tenga un preso. <\/em><em>Por ejemplo, un preso que tiene una visita de una hora por mes o no puede ampliar el tiempo de la visita.<\/em><br \/>\n<em> \u00a0\u2013 Debe haber una sala de visitas especial para que los padres se re\u00fanan con sus hijxs (no hay tal lugar en la prisi\u00f3n para hombres de Korydallos) y cuando la frecuencia de las visitas es baja, el tiempo de la reuni\u00f3n debe aumentar en consecuencia.<\/em><\/p>\n<p align=\"justify\">&#8212;&#8212;&#8212;&#8212;&#8212;&#8212;&#8212;&#8212;&#8212;&#8212;&#8212;&#8212;&#8212;&#8212;<\/p>\n<p align=\"justify\">\n","protected":false},"excerpt":{"rendered":"<p>Desde mediados del pasado mes de noviembre, les compas Nikos Maziotis y Pola Roupa, miembros preses de la guerrilla urbana anarquista griega Lucha Revolucionaria, se encuentran en huelga de hambre en las c\u00e1rceles griegas exigiendo diversas demandas. A continuaci\u00f3n, sigue &hellip; <a href=\"https:\/\/vozcomoarma.noblogs.org\/?p=18802\">Sigue leyendo <span class=\"meta-nav\">&rarr;<\/span><\/a><\/p>\n","protected":false},"author":7045,"featured_media":0,"comment_status":"closed","ping_status":"open","sticky":false,"template":"","format":"standard","meta":{"footnotes":""},"categories":[58,184,61,9,304,7],"tags":[17,15,16,26,19,11,71],"class_list":["post-18802","post","type-post","status-publish","format-standard","hentry","category-acciones","category-nikos-maziotis","category-noticias","category-noticias-y-comunicados","category-pola-roupa","category-presxs","tag-carcel","tag-grecia","tag-guerra-social","tag-insurreccionalismo","tag-represion","tag-solidaridad","tag-tortura"],"_links":{"self":[{"href":"https:\/\/vozcomoarma.noblogs.org\/index.php?rest_route=\/wp\/v2\/posts\/18802","targetHints":{"allow":["GET"]}}],"collection":[{"href":"https:\/\/vozcomoarma.noblogs.org\/index.php?rest_route=\/wp\/v2\/posts"}],"about":[{"href":"https:\/\/vozcomoarma.noblogs.org\/index.php?rest_route=\/wp\/v2\/types\/post"}],"author":[{"embeddable":true,"href":"https:\/\/vozcomoarma.noblogs.org\/index.php?rest_route=\/wp\/v2\/users\/7045"}],"replies":[{"embeddable":true,"href":"https:\/\/vozcomoarma.noblogs.org\/index.php?rest_route=%2Fwp%2Fv2%2Fcomments&post=18802"}],"version-history":[{"count":2,"href":"https:\/\/vozcomoarma.noblogs.org\/index.php?rest_route=\/wp\/v2\/posts\/18802\/revisions"}],"predecessor-version":[{"id":18804,"href":"https:\/\/vozcomoarma.noblogs.org\/index.php?rest_route=\/wp\/v2\/posts\/18802\/revisions\/18804"}],"wp:attachment":[{"href":"https:\/\/vozcomoarma.noblogs.org\/index.php?rest_route=%2Fwp%2Fv2%2Fmedia&parent=18802"}],"wp:term":[{"taxonomy":"category","embeddable":true,"href":"https:\/\/vozcomoarma.noblogs.org\/index.php?rest_route=%2Fwp%2Fv2%2Fcategories&post=18802"},{"taxonomy":"post_tag","embeddable":true,"href":"https:\/\/vozcomoarma.noblogs.org\/index.php?rest_route=%2Fwp%2Fv2%2Ftags&post=18802"}],"curies":[{"name":"wp","href":"https:\/\/api.w.org\/{rel}","templated":true}]}}