{"id":18857,"date":"2017-12-15T15:06:52","date_gmt":"2017-12-15T14:06:52","guid":{"rendered":"https:\/\/vozcomoarma.noblogs.org\/?p=18857"},"modified":"2017-12-15T15:06:52","modified_gmt":"2017-12-15T14:06:52","slug":"chile-celula-insurreccional-11-de-diciembre-nucleos-antagonicos-de-la-nueva-guerrilla-urbana-se-atribuye-la-colocacion-de-artefactos-explosivos-en-sedes-del-partido-socialista-y-del-partido-ra","status":"publish","type":"post","link":"https:\/\/vozcomoarma.noblogs.org\/?p=18857","title":{"rendered":"Chile &#8211; \u00abC\u00e9lula Insurreccional 11 de Diciembre &#8211; N\u00facleos Antag\u00f3nicos de la Nueva Guerrilla Urbana\u00bb se atribuye la colocaci\u00f3n de artefactos explosivos en sedes del Partido Socialista y del Partido Radical Socialdem\u00f3crata en la segunda vuelta de elecciones presidenciales"},"content":{"rendered":"<p align=\"justify\"><a href=\"https:\/\/vozcomoarma.noblogs.org\/files\/2017\/12\/partidoscoialista1.jpg\"><img loading=\"lazy\" decoding=\"async\" class=\"alignright wp-image-18858 size-medium\" src=\"https:\/\/vozcomoarma.noblogs.org\/files\/2017\/12\/partidoscoialista1-300x181.jpg\" alt=\"\" width=\"300\" height=\"181\" srcset=\"https:\/\/vozcomoarma.noblogs.org\/files\/2017\/12\/partidoscoialista1-300x181.jpg 300w, https:\/\/vozcomoarma.noblogs.org\/files\/2017\/12\/partidoscoialista1.jpg 623w\" sizes=\"auto, (max-width: 300px) 100vw, 300px\" \/><\/a>Recojo de <strong><a href=\"https:\/\/noticiasdelaguerrasocial.wordpress.com\/2017\/12\/14\/atentado-explosivo-contra-la-sede-del-partido-socialista-a-dias-de-producirse-la-segunda-vuelta-en-las-elecciones-presidenciales-revindicacion-celula-insurreccional-11-de-diciembre-nucleos\/\">Noticias de la Guerra Social<\/a><\/strong> esta noticia que elaboraron y que acompa\u00f1an del comunicado de reivindicaci\u00f3n, firmado por <strong><a href=\"https:\/\/noticiasdelaguerrasocial.wordpress.com\/2017\/12\/14\/atentado-explosivo-contra-la-sede-del-partido-socialista-a-dias-de-producirse-la-segunda-vuelta-en-las-elecciones-presidenciales-revindicacion-celula-insurreccional-11-de-diciembre-nucleos\/\">C\u00e9lula Insurreccional 11 de diciembre, adscrita a su vez a N\u00facleos Antag\u00f3nicos de la Nueva Guerrilla Urbana<\/a><\/strong> y que reivindica la colocaci\u00f3n de artefactos explosivos en sedes de partidos pol\u00edticos ante la segunda vuelta de elecciones presidenciales chilenas. Como siempre, aclarar que no debe confundirse la nota informativa elaborada por <strong>Noticias de la Guerra Social<\/strong> con el comunicado reivindicativo adjunto, y firmado por el grupo que llev\u00f3 a cabo el ataque.<\/p>\n<p align=\"justify\">El nombre del grupo se define en relaci\u00f3n al 11 de diciembre de 2013, fecha en la cual result\u00f3 muerto el compa\u00f1ero Sebastian Ovserluij Seguel, anarquista nihilista activo en distintas instancias de lucha, vegano y straight edge que fue abatido a tiros cuando intentaba expropiar una sucursal bancaria en la comuna de Pudahuel, Santiago de Chile, y en cuya v\u00edspera despu\u00e9s de 4 a\u00f1os fue llevada a cabo esta acci\u00f3n.<\/p>\n<p align=\"justify\">Recordemos que otros grupos adscritos a la coordinaci\u00f3n \u00abN\u00facleos Antag\u00f3nicos de la Nueva Guerrilla Urbana\u00bb asumieron dos ataques anteriores, tambi\u00e9n frustrados, contra sedes de partidos pol\u00edticos (PDD y PDC), en aquella ocasi\u00f3n en el marco de la primera vuelta de las elecciones presidenciales.<\/p>\n<p align=\"justify\">&#8212;&#8212;&#8212;&#8212;&#8212;&#8212;&#8212;&#8212;&#8212;&#8212;&#8212;&#8212;&#8212;&#8212;&#8212;&#8212;&#8212;-<\/p>\n<p align=\"justify\"><em>Durante la ma\u00f1ana del 10 de diciembre del 2017, tras detectar la presencia de un artefacto explosivo en la sede del Partido Radical en el centro de Santiago, durante las labores de rastreo la polic\u00eda consigue detectar la presencia de un segundo artefacto explosivo colocado en la ventana de la sede del Partido Socialista en calle Paris 873.<\/em><\/p>\n<p align=\"justify\"><em>Es as\u00ed como a escasos metros del primer atentado desactivado, cerca de las 10.20 hrs el GOPE se dedica a trabajar en este segundo artefacto que tendr\u00eda caracter\u00edsticas similares al primero.<\/em><\/p>\n<p align=\"justify\"><em>El presidente del Partido Socialista, \u00c1lvaro Elizalde, se\u00f1al\u00f3: \u201cLos hechos de por si son graves y merecen nuestra condena en\u00e9rgica\u201d, anunciando la presentaci\u00f3n de una querella tras una reuni\u00f3n con la fiscal\u00eda sur y anunciar el aumento de medidas de seguridad en sus locales.<\/em><\/p>\n<p align=\"justify\"><em>Vale la pena recordar que estos atentados se producen a d\u00edas de realizarse la segunda vuelta en las elecciones presidenciales. Tanto el explosivo en el PS y en el PR fue revindicado por la C\u00e9lula insurreccional 11 de Diciembre &#8211; N\u00facleos antag\u00f3nicos de la nueva guerrilla urbana.<\/em><\/p>\n<p align=\"justify\"><em>Esto recuerda los atentados contra la Democracia Cristiana revindicado por los <strong><a href=\"https:\/\/vozcomoarma.noblogs.org\/?p=18533\">\u201cAmigxs de la p\u00f3lvora &#8211; N\u00facleos antag\u00f3nicos de la nueva guerrilla urbana\u201d<\/a><\/strong> y contra la sede del Partido por la Democracia realizado por el <strong><a href=\"https:\/\/vozcomoarma.noblogs.org\/?p=18537\">\u201cCirculo iconoclasta Michele Angiolillo &#8211; N\u00facleos antag\u00f3nicos de la nueva guerrilla urbana\u201d<\/a><\/strong> a pocos d\u00edas de producirse la primera vuelta presidencial<\/em><\/p>\n<p align=\"justify\"><em>Video desde la prensa burguesa: <strong><a href=\"http:\/\/www.chvnoticias.cl\/policial\/gope-llego-hasta-sede-de-ps-y-pr-por-presencia-de-artefacto-sospechoso\/2017-12-10\/170852.html\">Chilevision<\/a><\/strong><\/em><\/p>\n<p align=\"justify\"><em>***<\/em><\/p>\n<p align=\"justify\"><strong><em>(Enviado al e-mail)<\/em><\/strong><\/p>\n<p align=\"justify\"><strong><em>ADJUDICACION DE COLOCACI\u00d3N DE ARTEFACTOS EXPLOSIVOS CONTRA LAS SEDES DEL <\/em><\/strong><strong><em>\u201cPARTIDO \u00a0SOCIALISTA\u201d y \u201cPARTIDO RADICAL SOCIAL-DEM\u00d3CRATA\u201d<\/em><\/strong><\/p>\n<p align=\"justify\"><strong><em>Santiago 11 de Diciembre del 2017<\/em><\/strong><\/p>\n<p align=\"justify\"><em>\u201cEl Estado es la negaci\u00f3n de la humanidad\u201d<\/em><\/p>\n<p align=\"justify\"><strong><em>&#8211; Mijail Bakunin<\/em><\/strong><\/p>\n<p align=\"justify\"><em>\u201cNinguna campa\u00f1a de firmas har\u00e1 que se disipe el poder y el orden<\/em><em> establecido. Tampoco ninguna acci\u00f3n legal; no podemos esperar que los<\/em> <em>tribunales establecidos por los explotadores dictaminen que la<\/em> <em>explotaci\u00f3n es ileg\u00edtima y debe ser combatida. No lograremos nada<\/em><em> votando por una alternativa, ni haciendo vigilias de oraci\u00f3n, ni<\/em> <em>encendiendo velas arom\u00e1ticas en las vigilias de oraci\u00f3n, ni cantando<\/em> <em>canciones de protesta\u2026 no lograremos nada haciendo declaraciones<\/em> <em>ostentosas, cambiando nuestra dieta ni construyendo ciclov\u00edas. Hay que <\/em><em>decirlo con todas sus letras; este poder, esta fuerza, esta entidad esta <\/em><em>monstruosidad llamada Estado se mantiene por la fuerza f\u00edsica, y s\u00f3lo <\/em><em>puede ser desafiado en los t\u00e9rminos que \u00e9l mismo impone y entiende\u201d<\/em><\/p>\n<p align=\"justify\"><strong><em>&#8211; Ward Churchill<\/em><\/strong><\/p>\n<p align=\"justify\"><em>Queriendo ser precisos y concisos, mediante este comunicado nos adjudicamos la autor\u00eda del ataque con colocaci\u00f3n de artefacto explosivo en las sedes principales partidos de la nueva mayor\u00eda, correspondientes al \u201c Partido Socialista\u201d y el \u201cPartido Radical Social-Dem\u00f3crata\u201d ubicados en Calle Paris #873 y Calle Londres # 57 respectivamente.<\/em><\/p>\n<p align=\"justify\"><em> Dadas las facilidades del espacio f\u00edsico en el cual se encuentran ambas porquer\u00edas de organizaciones, vimos la posibilidad de generar ataques simult\u00e1neos, vulneran tanto la seguridad y vigilancia interna de los partidos, como la externa anunciada hace dos semanas desde el gobierno p<\/em><em>or el bodrio humano del ministro del interior Mahmud Aleuy, luego de la colocaci\u00f3n de artefactos explosivos en sedes del \u201cPPD\u201d y la \u201cDCC\u201d. Con lo anterior les queremos decir que somos capaces de vulnerar sus m\u00e9todos, estrategias y agentes de seguridad y que no les tememos ni a sus palabras y ni a sus m\u00e9todos de represi\u00f3n.<\/em><\/p>\n<p align=\"justify\"><em>El Objetivo de nuestro ataque se enmarca desde ya en nuestra oposici\u00f3n como individualidades an\u00e1rquicas contra las m\u00faltiples formas en la cual se exprese m\u00ednimamente el poder y la ideolog\u00eda que subyace a este. Tambi\u00e9n es nuestro menester mediante este ataque rechazar mediante la <\/em><em>violencia el actual contexto de elecciones en el cual est\u00e1 inmerso el Estado de Chile, procesos que por su naturaleza e historia nos parecen la expresi\u00f3n m\u00e1xima de la capacidad de dominaci\u00f3n y coerci\u00f3n que ejerce el Estado en nuestras vidas y la sociedad en general coloc\u00e1ndonos como meros espectadores de nuestras existencias, disfrazando la esclavitud en libre albedr\u00edo. Como An\u00e1rquicxs rechazamos la democracia y la falsa libertad con la cual disfrazan este artilugio griego de la dominaci\u00f3n.<\/em><\/p>\n<p align=\"justify\"><em>Por otro lado y no siendo algo fortu\u00edto elegimos la madrugada de este domingo por la cercan\u00eda con la conmemoraci\u00f3n de los 4 a\u00f1os de la ca\u00edda en combate de nuestro compa\u00f1erx nihilista-an\u00e1rquicx \u201cSebasti\u00e1n Oversluij\u201d en una expropiaci\u00f3n bancaria a manos del bastardo guardia de seguridad Walter Vera \u2026. Compa\u00f1ero esta noche nuestros corazones y esp\u00edritus se encontraron en la compa\u00f1\u00eda de tu vida \u00a0y memoria insurrecta.<\/em><\/p>\n<p align=\"justify\"><em>N\u00daCLEOS ANTAG\u00d3NICOS DE LA NUEVA GUERRILLA URBANA es el espacio de coordinaci\u00f3n bajo el cual confabulamos contra el aparataje electoral y estatal que de igual manera se hizo presente hace algunas semanas en los ataques registrados contra \u00a0las sedes del \u201cPPD\u201d y \u201cDC\u201d<\/em><\/p>\n<p align=\"justify\"><em>GUERRA AL PODER EN CUALQUIERA DE SUS FORMAS<\/em><br \/>\n<em> MUERTE A LXS POL\u00cdTICOS Y A LA POL\u00cdTICA<\/em><br \/>\n<em> PRISIONEROS EN GUERRA A LA CALLE<\/em><br \/>\n<em> HONOR Y GLORIA A SEBASTI\u00c1N OVERSLUIJ Y MAURICIO MORALES<\/em><br \/>\n<em> \u00a1VIVA LA ANARQU\u00cdA ANTISOCIAL!<\/em><\/p>\n<p align=\"justify\"><strong><em>C\u00c9LULA INSURRECIONAL 11 DE DICIEMBRE<\/em><\/strong><br \/>\n<strong><em> N\u00daCLEOS ANTAG\u00d3NICOS DE LA NUEVA GUERRILLA URBANA<\/em><\/strong><\/p>\n","protected":false},"excerpt":{"rendered":"<p>Recojo de Noticias de la Guerra Social esta noticia que elaboraron y que acompa\u00f1an del comunicado de reivindicaci\u00f3n, firmado por C\u00e9lula Insurreccional 11 de diciembre, adscrita a su vez a N\u00facleos Antag\u00f3nicos de la Nueva Guerrilla Urbana y que reivindica &hellip; <a href=\"https:\/\/vozcomoarma.noblogs.org\/?p=18857\">Sigue leyendo <span class=\"meta-nav\">&rarr;<\/span><\/a><\/p>\n","protected":false},"author":7045,"featured_media":0,"comment_status":"closed","ping_status":"open","sticky":false,"template":"","format":"standard","meta":{"footnotes":""},"categories":[58,61,9],"tags":[35,78,16,26,24,10,11],"class_list":["post-18857","post","type-post","status-publish","format-standard","hentry","category-acciones","category-noticias","category-noticias-y-comunicados","tag-asesinato-de-estado","tag-chile","tag-guerra-social","tag-insurreccionalismo","tag-reflexion","tag-sabotaje","tag-solidaridad"],"_links":{"self":[{"href":"https:\/\/vozcomoarma.noblogs.org\/index.php?rest_route=\/wp\/v2\/posts\/18857","targetHints":{"allow":["GET"]}}],"collection":[{"href":"https:\/\/vozcomoarma.noblogs.org\/index.php?rest_route=\/wp\/v2\/posts"}],"about":[{"href":"https:\/\/vozcomoarma.noblogs.org\/index.php?rest_route=\/wp\/v2\/types\/post"}],"author":[{"embeddable":true,"href":"https:\/\/vozcomoarma.noblogs.org\/index.php?rest_route=\/wp\/v2\/users\/7045"}],"replies":[{"embeddable":true,"href":"https:\/\/vozcomoarma.noblogs.org\/index.php?rest_route=%2Fwp%2Fv2%2Fcomments&post=18857"}],"version-history":[{"count":1,"href":"https:\/\/vozcomoarma.noblogs.org\/index.php?rest_route=\/wp\/v2\/posts\/18857\/revisions"}],"predecessor-version":[{"id":18859,"href":"https:\/\/vozcomoarma.noblogs.org\/index.php?rest_route=\/wp\/v2\/posts\/18857\/revisions\/18859"}],"wp:attachment":[{"href":"https:\/\/vozcomoarma.noblogs.org\/index.php?rest_route=%2Fwp%2Fv2%2Fmedia&parent=18857"}],"wp:term":[{"taxonomy":"category","embeddable":true,"href":"https:\/\/vozcomoarma.noblogs.org\/index.php?rest_route=%2Fwp%2Fv2%2Fcategories&post=18857"},{"taxonomy":"post_tag","embeddable":true,"href":"https:\/\/vozcomoarma.noblogs.org\/index.php?rest_route=%2Fwp%2Fv2%2Ftags&post=18857"}],"curies":[{"name":"wp","href":"https:\/\/api.w.org\/{rel}","templated":true}]}}