{"id":18866,"date":"2017-12-15T15:32:05","date_gmt":"2017-12-15T14:32:05","guid":{"rendered":"https:\/\/vozcomoarma.noblogs.org\/?p=18866"},"modified":"2017-12-15T15:32:05","modified_gmt":"2017-12-15T14:32:05","slug":"italia-represion-al-anarquismo-en-napoles","status":"publish","type":"post","link":"https:\/\/vozcomoarma.noblogs.org\/?p=18866","title":{"rendered":"Italia &#8211; Represi\u00f3n al anarquismo en N\u00e1poles"},"content":{"rendered":"<p align=\"justify\">\u00a0Recojo y traduzco desde <strong><a href=\"https:\/\/insurrectionnewsworldwide.com\/2017\/12\/11\/naples-italy-repressive-operation-against-fai-fri\/\">Insurrection News<\/a><\/strong>:<em><br \/>\n<\/em><\/p>\n<p align=\"justify\">&#8212;&#8212;&#8212;&#8212;&#8212;&#8212;&#8212;&#8212;&#8212;&#8212;&#8212;&#8212;&#8212;&#8212;&#8212;&#8212;-<\/p>\n<p align=\"justify\"><em>El fiscal de N\u00e1poles, Catello Maresca, al cargo de una investigaci\u00f3n por asociaci\u00f3n subversiva vinculada a la FAI\/FRI, exigi\u00f3 que veinte compa\u00f1eres anarquistas sean arrestades y el Centro Studi Libertari, la sede del grupo anarquista Louise Michel, y el espacio anarquista 76\/A sean cerrados&#8230;<\/em><\/p>\n<p align=\"justify\"><em>Ya que un juez de investigaci\u00f3n rechaz\u00f3 la demanda del fiscal, \u00e9ste ha hecho una apelaci\u00f3n; tendr\u00e1 lugar el 14 de diciembre en la corte de revisi\u00f3n en N\u00e1poles.<\/em><\/p>\n<p align=\"justify\"><strong>Anarquistas de N\u00e1poles<\/strong><\/p>\n","protected":false},"excerpt":{"rendered":"<p>\u00a0Recojo y traduzco desde Insurrection News: &#8212;&#8212;&#8212;&#8212;&#8212;&#8212;&#8212;&#8212;&#8212;&#8212;&#8212;&#8212;&#8212;&#8212;&#8212;&#8212;- El fiscal de N\u00e1poles, Catello Maresca, al cargo de una investigaci\u00f3n por asociaci\u00f3n subversiva vinculada a la FAI\/FRI, exigi\u00f3 que veinte compa\u00f1eres anarquistas sean arrestades y el Centro Studi Libertari, la sede del &hellip; <a href=\"https:\/\/vozcomoarma.noblogs.org\/?p=18866\">Sigue leyendo <span class=\"meta-nav\">&rarr;<\/span><\/a><\/p>\n","protected":false},"author":7045,"featured_media":0,"comment_status":"closed","ping_status":"open","sticky":false,"template":"","format":"standard","meta":{"footnotes":""},"categories":[59,61,9],"tags":[16,26,38,42,19,11],"class_list":["post-18866","post","type-post","status-publish","format-standard","hentry","category-convocatorias","category-noticias","category-noticias-y-comunicados","tag-guerra-social","tag-insurreccionalismo","tag-italia","tag-movimientos-sociales","tag-represion","tag-solidaridad"],"_links":{"self":[{"href":"https:\/\/vozcomoarma.noblogs.org\/index.php?rest_route=\/wp\/v2\/posts\/18866","targetHints":{"allow":["GET"]}}],"collection":[{"href":"https:\/\/vozcomoarma.noblogs.org\/index.php?rest_route=\/wp\/v2\/posts"}],"about":[{"href":"https:\/\/vozcomoarma.noblogs.org\/index.php?rest_route=\/wp\/v2\/types\/post"}],"author":[{"embeddable":true,"href":"https:\/\/vozcomoarma.noblogs.org\/index.php?rest_route=\/wp\/v2\/users\/7045"}],"replies":[{"embeddable":true,"href":"https:\/\/vozcomoarma.noblogs.org\/index.php?rest_route=%2Fwp%2Fv2%2Fcomments&post=18866"}],"version-history":[{"count":1,"href":"https:\/\/vozcomoarma.noblogs.org\/index.php?rest_route=\/wp\/v2\/posts\/18866\/revisions"}],"predecessor-version":[{"id":18867,"href":"https:\/\/vozcomoarma.noblogs.org\/index.php?rest_route=\/wp\/v2\/posts\/18866\/revisions\/18867"}],"wp:attachment":[{"href":"https:\/\/vozcomoarma.noblogs.org\/index.php?rest_route=%2Fwp%2Fv2%2Fmedia&parent=18866"}],"wp:term":[{"taxonomy":"category","embeddable":true,"href":"https:\/\/vozcomoarma.noblogs.org\/index.php?rest_route=%2Fwp%2Fv2%2Fcategories&post=18866"},{"taxonomy":"post_tag","embeddable":true,"href":"https:\/\/vozcomoarma.noblogs.org\/index.php?rest_route=%2Fwp%2Fv2%2Ftags&post=18866"}],"curies":[{"name":"wp","href":"https:\/\/api.w.org\/{rel}","templated":true}]}}