{"id":19086,"date":"2018-01-31T20:10:29","date_gmt":"2018-01-31T19:10:29","guid":{"rendered":"https:\/\/vozcomoarma.noblogs.org\/?p=19086"},"modified":"2018-01-31T20:11:46","modified_gmt":"2018-01-31T19:11:46","slug":"rusia-del-5-al-12-de-febrero-llamado-internacional-a-la-solidaridad-con-antifascistas-y-anarquistas-represaliados-en-rusia","status":"publish","type":"post","link":"https:\/\/vozcomoarma.noblogs.org\/?p=19086","title":{"rendered":"Rusia &#8211; Del 5 al 12 de febrero, llamado internacional a la solidaridad con antifascistas y anarquistas represaliados en Rusia"},"content":{"rendered":"<p align=\"justify\">Recibo en el correo electr\u00f3nico, traduzco y doy difusi\u00f3n a este llamado internacional a sumarse a una convocatoria para expresar solidaridad con los anarquistas y antifascistas que recientemente han sido objeto de la represi\u00f3n del Estado ruso, que mediante torturas, coacciones, amenazas y encarcelamientos pretende generar el fantasma de una supuesta organizaci\u00f3n anarquista de car\u00e1cter \u00abterrorista\u00bb para de ese modo justificar la persecuci\u00f3n de dicho movimiento y sus pol\u00edticas represivas. Por supuesto, la organizaci\u00f3n s\u00f3lo existe en su perversa imaginaci\u00f3n, tomando ejemplo de otros Estados, europeos o no, que utilizaron estas din\u00e1micas, con ligeras variaciones pero la misma arquitectura, anteriormente en contra de espacios y activistas anarquistas (el Proceso Marini en Italia, la Operaci\u00f3n Pi\u00f1ata, la Operaci\u00f3n Pandora o la Operaci\u00f3n Ice en el Estado espa\u00f1ol, la Operaci\u00f3n Salamandra, m\u00e1s conocida como Caso Bombas, en Chile, o la Operaci\u00f3n F\u00e9nix en la Rep\u00fablica Checa, son algunos ejemplos de \u00e9sto, aunque no son los \u00fanicos).<\/p>\n<p align=\"justify\">Nada que no hayamos visto antes. Como de costumbre, los gobiernos necesitan validar su autoridad de alguna manera, y recurren a la ya desgastada estrategia de la \u00abseguridad\u00bb, con discursos llenos de mentiras en los medios fabricando miedo y creando nuevos enemigos internos que sirvan de pretexto para sus cacer\u00edas contra cualquiera que discuta su poder y su hegemon\u00eda. La Democracia en todo su esplendor.<\/p>\n<p align=\"justify\">&#8212;&#8212;&#8212;&#8212;&#8212;&#8212;&#8212;&#8212;&#8212;&#8212;&#8212;&#8212;&#8212;&#8212;-<\/p>\n<p align=\"justify\"><strong><em><i>Los d\u00edas desde el 5 hasta el 12 de febrero son los d\u00edas de solidaridad con les anarquistas represaliades en Rusia.<\/i><\/em><\/strong><\/p>\n<p align=\"justify\"><em><i>En octubre de 2017, en Penza, seis anarquistas y antifascistas fueron arrestades por agentes del Servicio Federal de Seguridad bajo acusaciones de haber creado un grupo terrorista. Adem\u00e1s, en ese tiempo el per\u00edodo de redadas en casas de anarquistas y antifascistas empez\u00f3 por toda Rusia. Los objetos de la atenci\u00f3n del Servicio de Seguridad fueron diferentes personas de ciudades absolutamente diferentes. Hasta ahora, una nueva oleada de detenciones fue lanzada en enero de 2018. Un antifascista, V\u00edctor Filinkov, fue secuestrado por el Servicio de Seguridad en San Petersburgo. Los agentes del Servicio Federal de Seguridad han estado tortur\u00e1ndole en el bosque a las afueras de la ciudad. Le dijeron a V\u00edctor que admitiese su participaci\u00f3n en un m\u00edtico grupo anarquista terrorista. Incapaz de soportar la tortura Filinkov fue forzado a incriminarse a s\u00ed mismo y ahora es mantenido bajo aislamiento de estancia temporal. El abogado de Filinkov afirma que nunca hab\u00eda visto da\u00f1os y rastros tan serios de la tortura durante su pr\u00e1ctica de la lucha contra la indignaci\u00f3n policial.<\/i><\/em><\/p>\n<p align=\"justify\"><em><i>Hay otro antifascista que ha afirmado haber sufrido torturas en San Petersburgo, Ilya Kapustin fue tambi\u00e9n amenazado por oficiales del SFS, pero rechaz\u00f3 incriminarse a s\u00ed mismo y despu\u00e9s de eso fue liberado bajo fianza. No hab\u00eda ninguna prueba de que un grupo anarquista terrorista exista en la vida real, s\u00f3lo en las confesiones obtenidas por medio de amenazas y torturas.<\/i><\/em><\/p>\n<p align=\"justify\"><em><i>Sin embargo, la polic\u00eda est\u00e1 haciendo todo lo posible para forzar a la gente a confirmar la existencia de una organizaci\u00f3n anarquista m\u00edtica nombrada \u201cNet\u201d, falsificada e inventada por el SFS. Los agentes afirman que esta organizaci\u00f3n tiene un mont\u00f3n de c\u00e9lulas en cada ciudad. Significa que la situaci\u00f3n que ha ocurrido en San Petersburgo ser\u00e1 observada en otras ciudades rusas muy pronto.<\/i><\/em><\/p>\n<p align=\"justify\"><em><i>Obviamente, todo lo que est\u00e1 ocurriendo en nuestro tiempo es un intento de limpiar al movimiento anarquista antes de las elecciones presidenciales de 2018. En a\u00f1os recientes pudimos ver c\u00f3mo el movimiento anarquista aument\u00f3 su actividad tras la represi\u00f3n en el a\u00f1o 2012. Esta represi\u00f3n s\u00f3lo puede intimidar a la gente y aplastar el movimiento anarquista.<\/i><\/em><\/p>\n<p align=\"justify\"><em><i>En este caso, es necesario mostrar que no tenemos miedo y que no podemos ser destru\u00eddes por medio de la fuerza. De otro modo, la represi\u00f3n ser\u00e1 usada cada vez que el movimiento anarquista llame la atenci\u00f3n del SFS. Deber\u00edamos mostrarles que cuanto m\u00e1s fuerte sea su represi\u00f3n, m\u00e1s furiosa ser\u00e1 nuestra resistencia. Ahora es importante apoyar a les prisioneres, para prevenir la continuaci\u00f3n de la \u201ccaza de brujas\u201d y dar una publicidad global a este evento.<\/i><\/em><\/p>\n<p align=\"justify\"><em><i>Os llamamos a una campa\u00f1a de solidaridad con les anarquistas represaliades del 5 al 12 de febrero.<\/i><\/em><\/p>\n<p align=\"justify\"><em><i>Preparad diferentes acciones callejeras, tardes de solidaridad en vuestros espacios, distribu\u00edd la informaci\u00f3n en los medios y en Internet. Haced todo lo que pod\u00e1is llegar a implementar.<\/i><\/em><\/p>\n<p align=\"justify\"><em><i>La \u00fanica arma que podemos contraponer frente al terrorismo de Estado es la unidad y la solidaridad con les dem\u00e1s. Sin estas dos cosas seremos aplastades por este monstruo una a una.<\/i><\/em><\/p>\n<p align=\"justify\"><em><i>Estamos preparades para proporcionar el espacio para la publicaci\u00f3n de acciones solidarias, s\u00f3lo enviadlas a: <strong>media_ns(arroba)riseup(punto)net<\/strong><\/i><\/em><\/p>\n<p align=\"justify\"><strong><em><i>Para enviar cartas solidarias al compa\u00f1ero Viktor Filinkov:<\/i><\/em><\/strong><\/p>\n<p align=\"justify\"><strong><i>VIKTOR SERGEEVICH FILINKOV,<br \/>\nUL. SHPALERNAYA, D. 25,<br \/>\nG. SANKT-PETERBURG,<br \/>\n191123, FEDERACI\u00d3N RUSA<\/i><\/strong><\/p>\n<p align=\"justify\"><strong><i>(S\u00d3LO CARTAS DE PAPEL)<\/i><\/strong><\/p>\n<p align=\"justify\"><strong><i>Cuenta de Paypal para recaudar fondos:<\/i><i><br \/>\n<a href=\"mailto:prodavec@protonmail.com\">prodavec@protonmail.com<\/a><\/i><\/strong><\/p>\n<p align=\"justify\"><strong><i>\u00a1Lucha por tus derechos!<\/i><\/strong><\/p>\n<p align=\"justify\"><img loading=\"lazy\" decoding=\"async\" class=\"aligncenter wp-image-19089 size-large\" src=\"https:\/\/vozcomoarma.noblogs.org\/files\/2018\/01\/wire_1517346392887-1024x724.jpg\" alt=\"\" width=\"640\" height=\"453\" srcset=\"https:\/\/vozcomoarma.noblogs.org\/files\/2018\/01\/wire_1517346392887-1024x724.jpg 1024w, https:\/\/vozcomoarma.noblogs.org\/files\/2018\/01\/wire_1517346392887-300x212.jpg 300w, https:\/\/vozcomoarma.noblogs.org\/files\/2018\/01\/wire_1517346392887-768x543.jpg 768w, https:\/\/vozcomoarma.noblogs.org\/files\/2018\/01\/wire_1517346392887.jpg 1280w\" sizes=\"auto, (max-width: 640px) 100vw, 640px\" \/><\/p>\n","protected":false},"excerpt":{"rendered":"<p>Recibo en el correo electr\u00f3nico, traduzco y doy difusi\u00f3n a este llamado internacional a sumarse a una convocatoria para expresar solidaridad con los anarquistas y antifascistas que recientemente han sido objeto de la represi\u00f3n del Estado ruso, que mediante torturas, &hellip; <a href=\"https:\/\/vozcomoarma.noblogs.org\/?p=19086\">Sigue leyendo <span class=\"meta-nav\">&rarr;<\/span><\/a><\/p>\n","protected":false},"author":7045,"featured_media":0,"comment_status":"closed","ping_status":"open","sticky":false,"template":"","format":"standard","meta":{"footnotes":""},"categories":[59,61,9,7,344],"tags":[14,36,16,42,24,19,43,11,71],"class_list":["post-19086","post","type-post","status-publish","format-standard","hentry","category-convocatorias","category-noticias","category-noticias-y-comunicados","category-presxs","category-viktor-filinkov","tag-anti-fascismo","tag-ataque-fascista","tag-guerra-social","tag-movimientos-sociales","tag-reflexion","tag-represion","tag-rusia","tag-solidaridad","tag-tortura"],"_links":{"self":[{"href":"https:\/\/vozcomoarma.noblogs.org\/index.php?rest_route=\/wp\/v2\/posts\/19086","targetHints":{"allow":["GET"]}}],"collection":[{"href":"https:\/\/vozcomoarma.noblogs.org\/index.php?rest_route=\/wp\/v2\/posts"}],"about":[{"href":"https:\/\/vozcomoarma.noblogs.org\/index.php?rest_route=\/wp\/v2\/types\/post"}],"author":[{"embeddable":true,"href":"https:\/\/vozcomoarma.noblogs.org\/index.php?rest_route=\/wp\/v2\/users\/7045"}],"replies":[{"embeddable":true,"href":"https:\/\/vozcomoarma.noblogs.org\/index.php?rest_route=%2Fwp%2Fv2%2Fcomments&post=19086"}],"version-history":[{"count":2,"href":"https:\/\/vozcomoarma.noblogs.org\/index.php?rest_route=\/wp\/v2\/posts\/19086\/revisions"}],"predecessor-version":[{"id":19090,"href":"https:\/\/vozcomoarma.noblogs.org\/index.php?rest_route=\/wp\/v2\/posts\/19086\/revisions\/19090"}],"wp:attachment":[{"href":"https:\/\/vozcomoarma.noblogs.org\/index.php?rest_route=%2Fwp%2Fv2%2Fmedia&parent=19086"}],"wp:term":[{"taxonomy":"category","embeddable":true,"href":"https:\/\/vozcomoarma.noblogs.org\/index.php?rest_route=%2Fwp%2Fv2%2Fcategories&post=19086"},{"taxonomy":"post_tag","embeddable":true,"href":"https:\/\/vozcomoarma.noblogs.org\/index.php?rest_route=%2Fwp%2Fv2%2Ftags&post=19086"}],"curies":[{"name":"wp","href":"https:\/\/api.w.org\/{rel}","templated":true}]}}