{"id":19167,"date":"2018-02-15T14:41:10","date_gmt":"2018-02-15T13:41:10","guid":{"rendered":"https:\/\/vozcomoarma.noblogs.org\/?p=19167"},"modified":"2018-02-15T14:42:16","modified_gmt":"2018-02-15T13:42:16","slug":"alemania-ataques-incendiarios-contra-torres-y-casetas-de-caza-en-el-bosque-de-hambach","status":"publish","type":"post","link":"https:\/\/vozcomoarma.noblogs.org\/?p=19167","title":{"rendered":"Alemania &#8211; Ataques incendiarios contra torres y casetas de caza en el bosque de Hambach"},"content":{"rendered":"<p align=\"justify\"><img loading=\"lazy\" decoding=\"async\" class=\"alignright wp-image-19169 size-medium\" src=\"https:\/\/vozcomoarma.noblogs.org\/files\/2018\/02\/tumblr_mn2o4oOWnk1srbx6mo1_400-194x300.jpg\" alt=\"\" width=\"194\" height=\"300\" srcset=\"https:\/\/vozcomoarma.noblogs.org\/files\/2018\/02\/tumblr_mn2o4oOWnk1srbx6mo1_400-194x300.jpg 194w, https:\/\/vozcomoarma.noblogs.org\/files\/2018\/02\/tumblr_mn2o4oOWnk1srbx6mo1_400.jpg 311w\" sizes=\"auto, (max-width: 194px) 100vw, 194px\" \/>En el bosque alem\u00e1n de Hambach no s\u00f3lo se libra una dura batalla por la defensa del propio bosque, del entorno natural y de incalculable valor biol\u00f3gico que representa, frente a la maquinaria de explotaci\u00f3n industrial que lo amenaza, sino tambi\u00e9n en contra de la mentalidad antropocentrista y especista que domina la cultura occidental. Por eso, aparte de otras expresiones anteriores de lucha por la defensa de los animales no humanos, ahora recojo de Act For Freedom Now!, traduzco y difundo el siguiente comunicado de algunes anarquistas defensores del bosque, y que reivindican el sabotaje con fuego de varias torres de caza en el pasado mes de diciembre de 2017 (as\u00ed como tambi\u00e9n a lo largo de los dos meses anteriores).<\/p>\n<p align=\"justify\">El comunicado no fue publicado hasta ma\u015b adelante, y por ello, pretende ser un gui\u00f1o solidario para les 9 compa\u00f1eres que permanecen en prisi\u00f3n por defender el bosque.<\/p>\n<p align=\"justify\">Porque la liberaci\u00f3n animal no es posible sin la destrucci\u00f3n de esta civilizaci\u00f3n industrial y de todos los mitos y valores antropocentristas que la sustentan. Porque no queremos liberar a los animales de su explotaci\u00f3n en un mundo aun lleno de muros, de bosques hechos desierto, de jaulas o de enfermedades provocadas por el aire envenenado de las f\u00e1bricas y el estr\u00e9s de ciudades fren\u00e9ticas.<\/p>\n<p align=\"justify\">&#8212;&#8212;&#8212;&#8212;&#8212;&#8212;&#8212;&#8212;&#8212;&#8212;-<\/p>\n<p align=\"justify\"><strong><i>Diciembre 2017, Bosque de Hambach<\/i><\/strong><\/p>\n<p align=\"justify\"><i>Durante un par de meses, hemos estado limpiando todas las torres de tiro, caba\u00f1as de caza y postes de caza alrededor del bosque. Aquellas que se encontraban dentro del bosque hace tiempo que se fueron, pero las \u00e1reas circundantes est\u00e1n cubiertas con metal y madera que ayudan a los cazadores a derramar sangre en la tierra. Esto es inaceptable.<\/i><\/p>\n<p align=\"justify\"><em><i>Descubrimos que la explotaci\u00f3n de arena y piedra por el bosque est\u00e1 permitiendo a los cazadores crear prados para postes de caza, atrayendo a la vida salvaje al \u00e1rea para luego asesinar animales sin compasi\u00f3n. Destruimos docenas antes de decidir enviar un claro mensaje, as\u00ed que ayer y con s\u00f3lo un guarda de seguridad en la zona, prendimos fuego a varias caba\u00f1as de caza y torres de tiro, asegur\u00e1ndonos de que no hubiese riesgo de provocar un fuego incontrolable.<\/i><\/em><i> <\/i><\/p>\n<p align=\"justify\"><i>Ardieron r\u00e1pidamente y nuestra rabia se calm\u00f3, pero por poco tiempo. Luego decidimos enviar una carta a la mina, haci\u00e9ndoles saber nuestras intenciones. Si las torres de caza no eran destru\u00eddas por ellos, no ser\u00eda s\u00f3lo el equipamiento de caza lo que arder\u00eda, sino que tambi\u00e9n toda su maquinaria ser\u00eda una bola de fuego. Creemos haber tenido \u00e9xito ya que todos los puestos han sido demolidos o retirados.<\/i><\/p>\n<p align=\"justify\"><i>Que esto sea un gui\u00f1o de solidaridad con nuestres amigues en prisi\u00f3n. Nueve Hambis est\u00e1n encerrades por resistir ante los maderos la destrucci\u00f3n de un bello bosque. Nueve individues con amigues, con una sed incontrolable de libertad, est\u00e1n siendo encerrades por preocuparse por el planeta.<\/i><\/p>\n<p align=\"justify\"><i>No lo olvid\u00e9is. Estamos actives, no tenemos miedo y atacaremos cuando sea necesario. No nos preocupan las consecuencias y no alcanzaremos negociaci\u00f3n alguna.<\/i><\/p>\n<p align=\"justify\"><i>Por un futuro sin especismo y donde les animales puedan ser libres. Por un futuro donde el planeta sea respetado y amado. Por un futuro sin prisiones. Por un futuro anarquista.<\/i><\/p>\n<p align=\"justify\"><strong><i>LA REPRESI\u00d3N ES PARA QUEMARLA<\/i><\/strong><\/p>\n<p align=\"justify\"><strong><i>Algunes anarquistas<\/i><\/strong><\/p>\n<p><iframe title=\"VideoPress Video Player\" aria-label='VideoPress Video Player' width='640' height='360' src='https:\/\/video.wordpress.com\/embed\/7jdOoKm5?hd=0&amp;cover=1' frameborder='0' allowfullscreen allow='clipboard-write'><\/iframe><script src='https:\/\/v0.wordpress.com\/js\/next\/videopress-iframe.js?m=1674852142'><\/script><\/p>\n","protected":false},"excerpt":{"rendered":"<p>En el bosque alem\u00e1n de Hambach no s\u00f3lo se libra una dura batalla por la defensa del propio bosque, del entorno natural y de incalculable valor biol\u00f3gico que representa, frente a la maquinaria de explotaci\u00f3n industrial que lo amenaza, sino &hellip; <a href=\"https:\/\/vozcomoarma.noblogs.org\/?p=19167\">Sigue leyendo <span class=\"meta-nav\">&rarr;<\/span><\/a><\/p>\n","protected":false},"author":7045,"featured_media":0,"comment_status":"closed","ping_status":"open","sticky":false,"template":"","format":"standard","meta":{"footnotes":""},"categories":[58,61,9,345,7],"tags":[51,47,39,30,16,26,42,10,11],"class_list":["post-19167","post","type-post","status-publish","format-standard","hentry","category-acciones","category-noticias","category-noticias-y-comunicados","category-preses-hambach-22-1-2018","category-presxs","tag-alemania","tag-anti-desarrollismo","tag-anti-especismo","tag-critica-anti-industrial","tag-guerra-social","tag-insurreccionalismo","tag-movimientos-sociales","tag-sabotaje","tag-solidaridad"],"_links":{"self":[{"href":"https:\/\/vozcomoarma.noblogs.org\/index.php?rest_route=\/wp\/v2\/posts\/19167","targetHints":{"allow":["GET"]}}],"collection":[{"href":"https:\/\/vozcomoarma.noblogs.org\/index.php?rest_route=\/wp\/v2\/posts"}],"about":[{"href":"https:\/\/vozcomoarma.noblogs.org\/index.php?rest_route=\/wp\/v2\/types\/post"}],"author":[{"embeddable":true,"href":"https:\/\/vozcomoarma.noblogs.org\/index.php?rest_route=\/wp\/v2\/users\/7045"}],"replies":[{"embeddable":true,"href":"https:\/\/vozcomoarma.noblogs.org\/index.php?rest_route=%2Fwp%2Fv2%2Fcomments&post=19167"}],"version-history":[{"count":2,"href":"https:\/\/vozcomoarma.noblogs.org\/index.php?rest_route=\/wp\/v2\/posts\/19167\/revisions"}],"predecessor-version":[{"id":19170,"href":"https:\/\/vozcomoarma.noblogs.org\/index.php?rest_route=\/wp\/v2\/posts\/19167\/revisions\/19170"}],"wp:attachment":[{"href":"https:\/\/vozcomoarma.noblogs.org\/index.php?rest_route=%2Fwp%2Fv2%2Fmedia&parent=19167"}],"wp:term":[{"taxonomy":"category","embeddable":true,"href":"https:\/\/vozcomoarma.noblogs.org\/index.php?rest_route=%2Fwp%2Fv2%2Fcategories&post=19167"},{"taxonomy":"post_tag","embeddable":true,"href":"https:\/\/vozcomoarma.noblogs.org\/index.php?rest_route=%2Fwp%2Fv2%2Ftags&post=19167"}],"curies":[{"name":"wp","href":"https:\/\/api.w.org\/{rel}","templated":true}]}}