{"id":19175,"date":"2018-02-15T15:35:29","date_gmt":"2018-02-15T14:35:29","guid":{"rendered":"https:\/\/vozcomoarma.noblogs.org\/?p=19175"},"modified":"2018-02-15T15:36:02","modified_gmt":"2018-02-15T14:36:02","slug":"suiza-ataque-incendiario-en-schmitten-contra-un-vehiculo-propiedad-de-implenia-empresa-de-construccion-activa-en-los-trabajos-de-ampliacion-de-la-prision-para-extranjeres-de-basslergut-basilea","status":"publish","type":"post","link":"https:\/\/vozcomoarma.noblogs.org\/?p=19175","title":{"rendered":"Suiza &#8211; Ataque incendiario en Schmitten contra un veh\u00edculo propiedad de Implenia, empresa de construcci\u00f3n activa en los trabajos de ampliaci\u00f3n de la prisi\u00f3n para extranjeres de B\u00e4sslergut (Basilea)"},"content":{"rendered":"<p align=\"justify\"><strong><a href=\"https:\/\/anarchistnews.org\/content\/schmitten-switzerland-%E2%80%93-incendiary-attack-implenia-involved-construction-prison-b%C3%A4sslergut\"><img loading=\"lazy\" decoding=\"async\" class=\"size-full wp-image-19178 alignright\" src=\"https:\/\/vozcomoarma.noblogs.org\/files\/2018\/02\/Direct-Action-rabbit-150x150.png\" alt=\"\" width=\"150\" height=\"150\" \/>Recojo<\/a><\/strong>, traduzco a castellano y difundo a continuaci\u00f3n el siguiente comunicado por el que algunes anarquistas an\u00f3nimes reivindican el incendio de un coche propiedad de Implenia en Schmitten, Su\u00edza, con el fin de atacar a la empresa y se\u00f1alarla por estar implicada en los trabajos de ampliaci\u00f3n de B\u00e4sslergut, un centro de internamiento para personas extranjeras en Basilea.<\/p>\n<p align=\"justify\">Recordemos que este no es el \u00fanico ataque llevado a cabo recientemente contra los intereses de Implenia, que durante los \u00faltimos meses ha estado en el punto de mira. En el pasado verano, mes de junio de 2017, <strong><a href=\"https:\/\/vozcomoarma.noblogs.org\/?p=17143\">otro veh\u00edculo de su propiedad fue pasto de las llamas<\/a><\/strong> en Zurich, mientras que en octubre ardieron dos veh\u00edculos m\u00e1s (furgonetas de reparto) en el distrito 5 de la misma ciudad (de esta noticia no encontr\u00e9 comunicado, pero fue listada por la prensa <strong><a href=\"http:\/\/www.20min.ch\/schweiz\/news\/story\/Anschlaege--Drohungen---Linksextreme-greifen-an-16321265\">aqu\u00ed<\/a><\/strong>). Por \u00faltimo en el pasado mes de noviembre de 2017 se llev\u00f3 a cabo en Berna <strong><a href=\"https:\/\/vozcomoarma.noblogs.org\/?p=18657\">un ataque incendiario que destruy\u00f3 varias m\u00e1quinas de construcci\u00f3n<\/a><\/strong>.<\/p>\n<p align=\"justify\">&#8212;&#8212;&#8212;&#8212;&#8212;&#8212;&#8212;&#8212;&#8212;&#8212;&#8212;&#8212;&#8212;&#8211;<\/p>\n<p align=\"justify\"><em>En la noche entre el 14 y el 15 de enero se colocaron y prendieron mecheros en los neum\u00e1ticos de un veh\u00edculo propiedad de la empresa de construcci\u00f3n Implenia en Schmitten (cant\u00f3n de Fribourg).<\/em><\/p>\n<p align=\"justify\"><strong><em>\u00abOtra vez los v\u00e1ndalos de la extrema izquierda\u00bb<\/em><\/strong><\/p>\n<p align=\"justify\"><em>Sea cual sea la etiqueta que quieran adherirnos, s\u00f3lo est\u00e1n tratando de distraernos de lo que queremos transmitir realmente. Somos un grupo de amigues que estamos hartes de aceptar pasivamente los mecanismos de opresi\u00f3n que gobiernan y devastan el mundo. Con frecuencia debatimos sobre lo que nos perturba y qu\u00e9 es lo que podemos hacer para oponernos a ello.<\/em><\/p>\n<p align=\"justify\"><strong><em>\u00ab\u00a1Vamos! \u00a1S\u00f3lo es otro mero acto de vandalismo!\u00bb<\/em><\/strong><\/p>\n<p align=\"justify\"><em>El hecho de que decidi\u00e9semos atacar a Implenia no lleg\u00f3 por casualidad. Implenia es una de las compa\u00f1\u00edas m\u00e1s importantes implicadas en la ampliaci\u00f3n de la prisi\u00f3n para personas extranjeras de B\u00e4sslergut en Basilea.<\/em><\/p>\n<p align=\"justify\"><em>Ya no toleraremos m\u00e1s el hecho de que las empresas se lucren encerrando y deportando a la gente.<\/em><\/p>\n<p align=\"justify\"><em>En cualquier caso estamos muy enfadades. Poco importa si tenemos 15, 25, 45 o 75 a\u00f1os, esto no cambia el hecho de que no podemos y no queremos vivir sin hacer nada, con esta rabia en nuestro interior.<\/em><\/p>\n<p align=\"justify\"><em>\u00bfC\u00f3mo podr\u00edamos ser de otro modo si fuimos separades de nuestres amigues que fueron deportades o \u00abdevueltes fuera de las fronteras\u00bb como dicen en su jerga pol\u00edtica?<\/em><\/p>\n<p align=\"justify\"><em>Estamos rabioses con todo aquello que acepta y apoya esta mierda y con aquelles que como Implenia se benefician de ello.<\/em><\/p>\n<p align=\"justify\"><em>No queremos resignarnos o conformarnos con las reglas ni tampoco queremos hacer como si esta realidad no existiera. Queremos expresar nuestra rabia y oponernos a la dominaci\u00f3n de una forma activa.<\/em><\/p>\n<p align=\"justify\"><strong><em>\u00abPero acciones como esta no llegan a nada. \u00bfQu\u00e9 est\u00e1is intentando lograr exactamente?\u00bb<\/em><\/strong><\/p>\n<p align=\"justify\"><em>Las acciones directas como esta son uno de los muchos medios para desafiar la imagen p\u00fablica de las empresas apuntando a sus coches, bulldozers y terrenos. Si son el objetivo del sabotaje a todas horas en todas partes, pronto no ser\u00e1n capaces de mostrar sus se\u00f1ales en todas partes. Menos espacio para sus anuncios = Menos beneficios.<\/em><\/p>\n<p align=\"justify\"><em>Adem\u00e1s las empresas son obligadas a gastar m\u00e1s dinero en reparaciones y en la compra de veh\u00edculos nuevos. Sufren p\u00e9rdidas de beneficios porque ya no tienen coches, bulldozers y otros veh\u00edculos.<\/em><\/p>\n<p align=\"justify\"><em>Tristemente en la sociedad no hay una cr\u00edtica del sistema carcelario y de la maquinaria de deportaci\u00f3n como un todo. <span lang=\"es-ES\">Los medios de comunicaci\u00f3n despotrican sobre las noticias y hacen sensacionalismo, pero no mencionan ninguna cr\u00edtica en profundidad. Nos gustar\u00eda poner fin a todo esto y mostrar que muchas cosas importantes est\u00e1n sucediendo con muchas acciones directas. Otras formas de acci\u00f3n tambi\u00e9n son parte de la resistencia contra el mundo de la opresi\u00f3n y no son ni m\u00e1s ni menos importantes. Tal vez la campa\u00f1a medi\u00e1tica construida en torno a estas acciones directas arroje algo de luz sobre la gama de acciones de resistencia, peque\u00f1as y grandes, pac\u00edficas y combativas.<\/span><\/em><\/p>\n<p align=\"justify\"><em>Finalmente, por supuesto, esperamos que las empresas que participan en trabajos de construcci\u00f3n como \u00e9ste de B\u00e4sslergut en Basilea, la sede policial en Zurich, los campos federales y otras prisiones teman por su imagen y beneficios y pierdan sus contratos.<\/em><\/p>\n<p align=\"justify\"><strong><em>\u00abPero estamos bien aqu\u00ed, \u00bfpor qu\u00e9 est\u00e1is gimiento todo el tiempo?\u00bb<\/em><\/strong><\/p>\n<p align=\"justify\"><em>[&#8230;] Porque incluso en la \u00abbella y perfecta\u00bb Su\u00edza, mucha gente est\u00e1 realmente en la mierda. S\u00f3lo que su sufrimiento a menudo es invisible. Por ejemplo en el \u00faltimo a\u00f1o una docena de personas muri\u00f3 en prisi\u00f3n, con frecuencia tras episodios de autolesi\u00f3n, lo cual es ejemplar del grado de desesperaci\u00f3n de les prisioneres. Aqu\u00ed va una lista, ciertamente incompleta:<\/em><\/p>\n<ul>\n<li>\n<p align=\"justify\"><em>En noviembre un hombre de 61 a\u00f1os se suicid\u00f3 en la prisi\u00f3n regional de Thun.<\/em><\/p>\n<\/li>\n<li>\n<p align=\"justify\"><em>El 7 de diciembre un joven de 21 a\u00f1os se suicid\u00f3 en la prisi\u00f3n regional de Berna.<\/em><\/p>\n<\/li>\n<li>\n<p align=\"justify\"><em>En febrero dos personas se suicidaron en la prisi\u00f3n de Muttenz, cerca de Basilea.<\/em><\/p>\n<\/li>\n<li>\n<p align=\"justify\"><em>En junio un joven de 29 a\u00f1os se suicid\u00f3 en la prisi\u00f3n de Champ-Dollon en Ginebra.<\/em><\/p>\n<\/li>\n<li>\n<p align=\"justify\"><em>En julio un hombre se ahorc\u00f3 en la prisi\u00f3n de La Crois\u00e9e, cerca de Orbe.<\/em><\/p>\n<\/li>\n<li>\n<p align=\"justify\"><em>En septiembre un preso se neg\u00f3 a volver a la celda tras su hora en el patio de ejercicios de la prisi\u00f3n de Bochuz, se subi\u00f3 al tejado y amenaz\u00f3 con suicidarse. Luego fue contenido por los carceleros y puesto en confinamiento solitario y destroz\u00f3 la celda en el mismo d\u00eda.<\/em><\/p>\n<\/li>\n<li>\n<p align=\"justify\"><em>El 24 de octubre un joven de 23 a\u00f1os muri\u00f3 en la prisi\u00f3n de Blecherette en Lausanne en circunstancias sospechosas.<\/em><\/p>\n<\/li>\n<li>\n<p align=\"justify\"><em>El 25 de octubre un hombre de 61 a\u00f1os fue encontrado muerto en la prisi\u00f3n de Farera en Ticino.<\/em><\/p>\n<\/li>\n<\/ul>\n<p align=\"justify\"><em>Esta lista es muy dolorosa y ciertamente est\u00e1 incompleta. Pero muestra una brutal continuidad y que es importante rebelarse contra el sistema carcelario. Por ejemplo, atacando a aquellos que construyen las prisiones.<\/em><\/p>\n<p align=\"justify\"><strong><em>\u00a1Por un mundo sin tanta opresi\u00f3n y dominaci\u00f3n como sea posible!<\/em><\/strong><\/p>\n","protected":false},"excerpt":{"rendered":"<p>Recojo, traduzco a castellano y difundo a continuaci\u00f3n el siguiente comunicado por el que algunes anarquistas an\u00f3nimes reivindican el incendio de un coche propiedad de Implenia en Schmitten, Su\u00edza, con el fin de atacar a la empresa y se\u00f1alarla por &hellip; <a href=\"https:\/\/vozcomoarma.noblogs.org\/?p=19175\">Sigue leyendo <span class=\"meta-nav\">&rarr;<\/span><\/a><\/p>\n","protected":false},"author":7045,"featured_media":0,"comment_status":"closed","ping_status":"open","sticky":false,"template":"","format":"standard","meta":{"footnotes":""},"categories":[58,61,9],"tags":[35,17,16,26,42,34,24,19,10,11,55,71],"class_list":["post-19175","post","type-post","status-publish","format-standard","hentry","category-acciones","category-noticias","category-noticias-y-comunicados","tag-asesinato-de-estado","tag-carcel","tag-guerra-social","tag-insurreccionalismo","tag-movimientos-sociales","tag-racismo","tag-reflexion","tag-represion","tag-sabotaje","tag-solidaridad","tag-suiza","tag-tortura"],"_links":{"self":[{"href":"https:\/\/vozcomoarma.noblogs.org\/index.php?rest_route=\/wp\/v2\/posts\/19175","targetHints":{"allow":["GET"]}}],"collection":[{"href":"https:\/\/vozcomoarma.noblogs.org\/index.php?rest_route=\/wp\/v2\/posts"}],"about":[{"href":"https:\/\/vozcomoarma.noblogs.org\/index.php?rest_route=\/wp\/v2\/types\/post"}],"author":[{"embeddable":true,"href":"https:\/\/vozcomoarma.noblogs.org\/index.php?rest_route=\/wp\/v2\/users\/7045"}],"replies":[{"embeddable":true,"href":"https:\/\/vozcomoarma.noblogs.org\/index.php?rest_route=%2Fwp%2Fv2%2Fcomments&post=19175"}],"version-history":[{"count":2,"href":"https:\/\/vozcomoarma.noblogs.org\/index.php?rest_route=\/wp\/v2\/posts\/19175\/revisions"}],"predecessor-version":[{"id":19179,"href":"https:\/\/vozcomoarma.noblogs.org\/index.php?rest_route=\/wp\/v2\/posts\/19175\/revisions\/19179"}],"wp:attachment":[{"href":"https:\/\/vozcomoarma.noblogs.org\/index.php?rest_route=%2Fwp%2Fv2%2Fmedia&parent=19175"}],"wp:term":[{"taxonomy":"category","embeddable":true,"href":"https:\/\/vozcomoarma.noblogs.org\/index.php?rest_route=%2Fwp%2Fv2%2Fcategories&post=19175"},{"taxonomy":"post_tag","embeddable":true,"href":"https:\/\/vozcomoarma.noblogs.org\/index.php?rest_route=%2Fwp%2Fv2%2Ftags&post=19175"}],"curies":[{"name":"wp","href":"https:\/\/api.w.org\/{rel}","templated":true}]}}