{"id":19226,"date":"2018-02-21T20:25:11","date_gmt":"2018-02-21T19:25:11","guid":{"rendered":"https:\/\/vozcomoarma.noblogs.org\/?p=19226"},"modified":"2018-02-21T20:33:50","modified_gmt":"2018-02-21T19:33:50","slug":"internacional-mas-muestras-de-solidaridad-con-les-antifascistas-y-les-anarquistas-perseguides-en-rusia","status":"publish","type":"post","link":"https:\/\/vozcomoarma.noblogs.org\/?p=19226","title":{"rendered":"Internacional &#8211; M\u00e1s muestras de solidaridad con les antifascistas y les anarquistas perseguides en Rusia"},"content":{"rendered":"<p align=\"justify\"><em><strong>-&gt;<\/strong> <\/em><em>Ver tambi\u00e9n: <strong><a href=\"https:\/\/vozcomoarma.noblogs.org\/?p=19207\">Internacional \u2013 Recuento de acciones en la Semana de solidaridad con les anarquistas y antifascistas represaliades en Rusia<\/a><\/strong><\/em><\/p>\n<p align=\"justify\">Desde <strong><a href=\"https:\/\/insurrectionnewsworldwide.com\/2018\/02\/15\/berlin-germany-we-are-all-terrorists-solidarity-with-anarchist-prisoners-in-russia\/\">Insurrection News<\/a><\/strong> recojo, traduzco (cuando hay algo que traducir) y difundo estos gestos de solidaridad con les antifascistas y les anarquistas golpeades por la represi\u00f3n en Rusia en los \u00faltimos meses, a manos del terrorismo de Estado del FSB (servicio secreto ruso).<\/p>\n<p>&#8212;&#8212;&#8212;&#8212;&#8212;&#8212;&#8212;&#8212;-<\/p>\n<p><strong><em>Berna, Su\u00edza:<\/em><\/strong><\/p>\n<div id=\"attachment_19228\" style=\"width: 650px\" class=\"wp-caption alignnone\"><img loading=\"lazy\" decoding=\"async\" aria-describedby=\"caption-attachment-19228\" class=\"wp-image-19228 size-full\" src=\"https:\/\/vozcomoarma.noblogs.org\/files\/2018\/02\/27.jpg\" alt=\"\" width=\"640\" height=\"480\" \/><p id=\"caption-attachment-19228\" class=\"wp-caption-text\">\u00abLibertad a todes les prisioneres anarquistas en Rusia\u00bb<\/p><\/div>\n<p><img loading=\"lazy\" decoding=\"async\" class=\"size-full wp-image-19227 aligncenter\" src=\"https:\/\/vozcomoarma.noblogs.org\/files\/2018\/02\/18.jpg\" alt=\"\" width=\"640\" height=\"445\" \/><\/p>\n<p>&#8212;-<\/p>\n<p align=\"justify\"><strong><em>Berl\u00edn, Alemania:<\/em><\/strong><\/p>\n<p align=\"justify\"><em>Desde la calle Rigaer enviamos se\u00f1ales de solidaridad y rabia a les prisioneres anarquistas en Rusia, respondiendo a la llamada desde Rusia para unos d\u00edas de solidaridad internacional con les prisioneres pol\u00edtiques anarquistas.<\/em><\/p>\n<p align=\"justify\"><em>Estos d\u00edas o\u00edmos acerca de los arrestos de antifascistas y anarquistas en Rusia. Ya anteriormente, en los meses de octubre y noviembre de 2017, en la ciudad de Penza, seis personas fueron arrestadas y brutalmente torturadas por el servicio secreto federal FSB. En enero de este a\u00f1o, en la ciudad de San Petersburgo, les sigui\u00f3 una segunda oleada de arrestos, con dos personas primero siendo secuestradas por el FSB durante un d\u00eda y luego al d\u00eda siguiente registrades en prisi\u00f3n preventiva. La ofensiva de los servicios secretos, dirigidos por el r\u00e9gimen de Putin, estuvo acompa\u00f1ada por redadas a viviendas en diferentes ciudades del pa\u00eds. Como una raz\u00f3n para la represi\u00f3n el FSB fabric\u00f3 un grupo anarquista terrorista, llamado \u00abNet\u00bb, planeando una serie de ataques contra las elecciones presidenciales en marzo de 2018 as\u00ed como en la Copa del Mundo de f\u00fatbol en junio\/julio de 2018 en Rusia, conduciendo a una insurrecci\u00f3n armada y el cual se supone que existir\u00eda en varias ciudades de Rusia y Bielorrusia. No hay evidencias probando la existencia real de este grupo. Las \u00fanicas evidencias usadas son las declaraciones de les arrestades, las cuales el FSB sonsac\u00f3 a les prisioneres usando la tortura y las amenazas. En Penza, el grupo fue fabricado mediante las declaraciones de la primera persona arrestada. El enlace entre les \u00abmiembros\u00bb del grupo es haber jugado partidas de airsoft juntes. Excepto la primera persona, que fue liberada a principios de a\u00f1o quedando en arresto domiciliario, todes les dem\u00e1s siguen en prisi\u00f3n preventiva.<\/em><\/p>\n<p align=\"justify\"><em>Las experiencias de intimidaci\u00f3n y violencia f\u00edsica en la prisi\u00f3n preventiva a las cuales estuvieron sometides les prisioneres, revelan la crueldad del aparato estatal. Mientras la democracia en Alemania sigue intentando velar la brutalidad del poder estatal, las cuentas desde Rusia nos afirman que los perros guardianes del sistema &#8211; la retorcida basura de los ejecutivos &#8211; son capaces de mantener su autoridad s\u00f3lo por medio de la tortura y la implementaci\u00f3n de violencia f\u00edsica.<\/em><\/p>\n<p align=\"justify\"><em>La represi\u00f3n est\u00e1 pensada para desalentarnos, derrotar a los movimientos y constre\u00f1irnos individualmente en el sistema controlado o incluso destru\u00edrnos. No es nada f\u00e1cil no sentirse sin fuerzas, no sentirse incapaz de oponerse a su masividad. Pero si escuchamos los mensajes de rabia y de lucha anarquista desde exactamente esos lugares, las l\u00edneas e im\u00e1genes nos alientan. Nos muestran que en cada lugar donde hay un coraz\u00f3n humano latiendo al ritmo de la rebeli\u00f3n, es probable que ocurran momentos de resistencia. Nos muestran que no importa lo dura que sea la represi\u00f3n, siempre habr\u00e1 gente que no se resigne a dejar de luchar por sus ideas. La resonancia de la solidaridad es nuestra arma.<\/em><\/p>\n<p align=\"justify\"><em>Desde les prisioneres de la lucha contra la cumbre del G-20 en Hamburgo hasta les prisioneres en Penza o San Petersburgo y en Berl\u00edn, cuanto m\u00e1s fuerte sea su represi\u00f3n, m\u00e1s furiosa y apasionada ser\u00e1 nuestra resistencia.<\/em><\/p>\n<p><em><strong><a href=\"http:\/\/rigaer94.squat.net\/2018\/02\/14\/we-are-all-terrorists\/\" target=\"_blank\" rel=\"noopener\">Okupa Rigaer 94<\/a><\/strong><\/em><\/p>\n<p><strong><em>+ Informaci\u00f3n sobre les detenides (en ingl\u00e9s): <a href=\"https:\/\/avtonom.org\/en\/people\/case-anti-fascists-st-petersburg-and-penza\">Aqu\u00ed<\/a> y <a href=\"https:\/\/abc-belarus.org\">aqu\u00ed<\/a><\/em><\/strong><\/p>\n<div id=\"attachment_19229\" style=\"width: 650px\" class=\"wp-caption aligncenter\"><img loading=\"lazy\" decoding=\"async\" aria-describedby=\"caption-attachment-19229\" class=\"size-full wp-image-19229\" src=\"https:\/\/vozcomoarma.noblogs.org\/files\/2018\/02\/weareallterrorists.jpg\" alt=\"\" width=\"640\" height=\"427\" \/><p id=\"caption-attachment-19229\" class=\"wp-caption-text\">\u00abTodes somos terroristas &#8211; Solidaridad con les prisioneres anarquistas en Rusia\u00bb<\/p><\/div>\n","protected":false},"excerpt":{"rendered":"<p>-&gt; Ver tambi\u00e9n: Internacional \u2013 Recuento de acciones en la Semana de solidaridad con les anarquistas y antifascistas represaliades en Rusia Desde Insurrection News recojo, traduzco (cuando hay algo que traducir) y difundo estos gestos de solidaridad con les antifascistas &hellip; <a href=\"https:\/\/vozcomoarma.noblogs.org\/?p=19226\">Sigue leyendo <span class=\"meta-nav\">&rarr;<\/span><\/a><\/p>\n","protected":false},"author":7045,"featured_media":0,"comment_status":"closed","ping_status":"open","sticky":false,"template":"","format":"standard","meta":{"footnotes":""},"categories":[58,347,61,9,7,344],"tags":[51,14,153,16,42,24,19,43,11,55,71],"class_list":["post-19226","post","type-post","status-publish","format-standard","hentry","category-acciones","category-companeres-represaliades-en-rusia-2017-2018","category-noticias","category-noticias-y-comunicados","category-presxs","category-viktor-filinkov","tag-alemania","tag-anti-fascismo","tag-bielorrusia","tag-guerra-social","tag-movimientos-sociales","tag-reflexion","tag-represion","tag-rusia","tag-solidaridad","tag-suiza","tag-tortura"],"_links":{"self":[{"href":"https:\/\/vozcomoarma.noblogs.org\/index.php?rest_route=\/wp\/v2\/posts\/19226","targetHints":{"allow":["GET"]}}],"collection":[{"href":"https:\/\/vozcomoarma.noblogs.org\/index.php?rest_route=\/wp\/v2\/posts"}],"about":[{"href":"https:\/\/vozcomoarma.noblogs.org\/index.php?rest_route=\/wp\/v2\/types\/post"}],"author":[{"embeddable":true,"href":"https:\/\/vozcomoarma.noblogs.org\/index.php?rest_route=\/wp\/v2\/users\/7045"}],"replies":[{"embeddable":true,"href":"https:\/\/vozcomoarma.noblogs.org\/index.php?rest_route=%2Fwp%2Fv2%2Fcomments&post=19226"}],"version-history":[{"count":2,"href":"https:\/\/vozcomoarma.noblogs.org\/index.php?rest_route=\/wp\/v2\/posts\/19226\/revisions"}],"predecessor-version":[{"id":19255,"href":"https:\/\/vozcomoarma.noblogs.org\/index.php?rest_route=\/wp\/v2\/posts\/19226\/revisions\/19255"}],"wp:attachment":[{"href":"https:\/\/vozcomoarma.noblogs.org\/index.php?rest_route=%2Fwp%2Fv2%2Fmedia&parent=19226"}],"wp:term":[{"taxonomy":"category","embeddable":true,"href":"https:\/\/vozcomoarma.noblogs.org\/index.php?rest_route=%2Fwp%2Fv2%2Fcategories&post=19226"},{"taxonomy":"post_tag","embeddable":true,"href":"https:\/\/vozcomoarma.noblogs.org\/index.php?rest_route=%2Fwp%2Fv2%2Ftags&post=19226"}],"curies":[{"name":"wp","href":"https:\/\/api.w.org\/{rel}","templated":true}]}}