{"id":1923,"date":"2013-12-09T19:50:39","date_gmt":"2013-12-09T18:50:39","guid":{"rendered":"http:\/\/vozcomoarma.noblogs.org\/?p=1923"},"modified":"2013-12-11T20:56:12","modified_gmt":"2013-12-11T19:56:12","slug":"sobre-la-represion-a-los-anarquistas-en-cuba-por-parte-del-supuesto-regimen-revolucionario-y-socialista","status":"publish","type":"post","link":"https:\/\/vozcomoarma.noblogs.org\/?p=1923","title":{"rendered":"Sobre la represi\u00f3n a los anarquistas en Cuba por parte del supuesto r\u00e9gimen revolucionario y socialista."},"content":{"rendered":"<p align=\"JUSTIFY\">Desde Cuba, compa\u00f1erxs anarquistas env\u00edan el siguiente comunicado sobre la represi\u00f3n que algunxs compas sufren por parte del Estado cubano, el cual se dice revolucionario, amigo de lxs explotadxs y desfavorecidxs y enemigo del capital y sus pol\u00edticas represoras y asesinas, aunque centraliza en un Estado con intereses propios su presunta labor \u00abrevolucionaria\u00bb bloqueando cualquier otro planteamiento o enfoque para la lucha contra el Capital y secuestrando en unas estructuras gestoras a su servicio la capacidad del pueblo de autogestionar su vida y de auto-organizarse para llevar a cabo su propia lucha sin la necesidad de l\u00edderes, vanguardias ni representantes que conviertan sus propios puntos de vista en el nuevo status-quo que imponer y proteger con leyes, c\u00e1rceles y cuerpos de mercenarios.<\/p>\n<p align=\"JUSTIFY\">Una vez m\u00e1s, los rojos nos muestran su aut\u00e9ntico rostro mientras parlotean sobre unidad y sobre ese \u00abenemigo com\u00fan\u00bb con el que intentan mendigar nuestro apoyo. Algunxs se olvidan del pasado demasiado r\u00e1pido, y tambi\u00e9n olvidan que nosotrxs tenemos muchxs enemigxs, \u00a1y vosotros, represores, est\u00e1is entre ellxs!<\/p>\n<p align=\"JUSTIFY\">Supongo que ahora lxs comunistas dir\u00e1n que es que estxs anarquistas son de la CIA o est\u00e1n compinchadxs con Miami o alguna acusaci\u00f3n que les haga autojustificarse.<\/p>\n<p align=\"JUSTIFY\">\u00a1Me da igual de qu\u00e9 color se disfrace el opresor!<br \/>\nNi rojos, ni dem\u00f3cratas ni fascistas. \u00a1A por la anarqu\u00eda!<\/p>\n<p align=\"JUSTIFY\">&#8212;&#8212;&#8212;&#8212;&#8212;&#8212;&#8212;&#8212;-<\/p>\n<p align=\"JUSTIFY\"><i>En Cuba, la represi\u00f3n a lxs opositorxs pol\u00edticxs ocurre m\u00e1s o menos insidiosamente. Nuestrxs compa\u00f1erxs anarquistas fueron convocados, detenidos o despedidos a causa de sus convicciones pol\u00edticas. Como \u00faltimo ejemplo reciente, lxs miembros del Observatorio Cr\u00edtico fueron amenazadxs con represalias si contin\u00faan discutiendo p\u00fablicamente el anteproyecto del C\u00f3digo del Trabajo.<\/i><\/p>\n<p align=\"JUSTIFY\"><i>El domingo 29 de septiembre de 2013 cerca de 13 personas debatian sobre el documento en el parque popular El Curita. El Partido Comunista y la Central de los Trabajadores de Cuba pidieron un debate p\u00fablico; ese tipo de cosas no pueden suceder fuera de los locales de trabajo, bajo la tutela de las instituciones del Estado y sus fieles secciones sindicales \u2013 y el c\u00famulo es que la polic\u00eda dispone de poderosas estructuras para hacer respetar sus deseos. Esta reuni\u00f3n en el parque, por lo tanto, ser\u00eda considerada un crimen.<\/i><\/p>\n<p align=\"JUSTIFY\"><i>Nuestro compa\u00f1ero Isbel Diaz Torres fue detenido. Los polic\u00edas le dijeron que no iban a permitir ninguna acci\u00f3n contrarrevolucionaria, a lo que el compa\u00f1ero respondi\u00f3 que se sentia m\u00e1s revolucionario y m\u00e1s a la izquierda que cualquiera de ellxs. Est\u00e1 claro que hablamos de dos conceptos distintos de la revoluci\u00f3n: el de la polic\u00eda, que est\u00e1 vinculado a la preservaci\u00f3n del status-quo, y el nuestro, que est\u00e1 formulado desde el deseo de liberar y socializar la capacidad de autogesti\u00f3n popular. Otro compa\u00f1ero, Jimmy Roque, fue despedido recientemente tambi\u00e9n por sus ideas anarquistas.<\/i><\/p>\n<p align=\"JUSTIFY\"><i>Estos m\u00e9todos de intimidaci\u00f3n y represi\u00f3n deben ser denunciados. Ayudaremos como podamos a nuestros compa\u00f1eros cubanos para que puedan plantar cara a las medidas represivas policiales de las que son v\u00edctimas y puedan continuar su \u00abrevoluci\u00f3n dentro de la revoluci\u00f3n\u00bb.<\/i><\/p>\n<p align=\"JUSTIFY\"><i>Internacional de Federaciones Anarquistas.<\/i><\/p>\n<p align=\"JUSTIFY\"><i>Domingo, 1 de diciembre de 2013.<\/i><\/p>\n<p align=\"JUSTIFY\"><i>www.i-f-a.org | secretariat@i-f-a.org<\/i><\/p>\n","protected":false},"excerpt":{"rendered":"<p>Desde Cuba, compa\u00f1erxs anarquistas env\u00edan el siguiente comunicado sobre la represi\u00f3n que algunxs compas sufren por parte del Estado cubano, el cual se dice revolucionario, amigo de lxs explotadxs y desfavorecidxs y enemigo del capital y sus pol\u00edticas represoras y &hellip; <a href=\"https:\/\/vozcomoarma.noblogs.org\/?p=1923\">Sigue leyendo <span class=\"meta-nav\">&rarr;<\/span><\/a><\/p>\n","protected":false},"author":7045,"featured_media":0,"comment_status":"closed","ping_status":"open","sticky":false,"template":"","format":"standard","meta":{"footnotes":""},"categories":[61,9],"tags":[139,42,24,19,11],"class_list":["post-1923","post","type-post","status-publish","format-standard","hentry","category-noticias","category-noticias-y-comunicados","tag-cuba","tag-movimientos-sociales","tag-reflexion","tag-represion","tag-solidaridad"],"_links":{"self":[{"href":"https:\/\/vozcomoarma.noblogs.org\/index.php?rest_route=\/wp\/v2\/posts\/1923","targetHints":{"allow":["GET"]}}],"collection":[{"href":"https:\/\/vozcomoarma.noblogs.org\/index.php?rest_route=\/wp\/v2\/posts"}],"about":[{"href":"https:\/\/vozcomoarma.noblogs.org\/index.php?rest_route=\/wp\/v2\/types\/post"}],"author":[{"embeddable":true,"href":"https:\/\/vozcomoarma.noblogs.org\/index.php?rest_route=\/wp\/v2\/users\/7045"}],"replies":[{"embeddable":true,"href":"https:\/\/vozcomoarma.noblogs.org\/index.php?rest_route=%2Fwp%2Fv2%2Fcomments&post=1923"}],"version-history":[{"count":6,"href":"https:\/\/vozcomoarma.noblogs.org\/index.php?rest_route=\/wp\/v2\/posts\/1923\/revisions"}],"predecessor-version":[{"id":2032,"href":"https:\/\/vozcomoarma.noblogs.org\/index.php?rest_route=\/wp\/v2\/posts\/1923\/revisions\/2032"}],"wp:attachment":[{"href":"https:\/\/vozcomoarma.noblogs.org\/index.php?rest_route=%2Fwp%2Fv2%2Fmedia&parent=1923"}],"wp:term":[{"taxonomy":"category","embeddable":true,"href":"https:\/\/vozcomoarma.noblogs.org\/index.php?rest_route=%2Fwp%2Fv2%2Fcategories&post=1923"},{"taxonomy":"post_tag","embeddable":true,"href":"https:\/\/vozcomoarma.noblogs.org\/index.php?rest_route=%2Fwp%2Fv2%2Ftags&post=1923"}],"curies":[{"name":"wp","href":"https:\/\/api.w.org\/{rel}","templated":true}]}}