{"id":19307,"date":"2018-02-23T19:43:54","date_gmt":"2018-02-23T18:43:54","guid":{"rendered":"https:\/\/vozcomoarma.noblogs.org\/?p=19307"},"modified":"2018-02-23T19:43:54","modified_gmt":"2018-02-23T18:43:54","slug":"francia-llamado-abierto-a-defender-la-montana-de-limousin-contra-el-proyecto-de-construccion-de-una-planta-de-biomasa-torrefacta","status":"publish","type":"post","link":"https:\/\/vozcomoarma.noblogs.org\/?p=19307","title":{"rendered":"Francia &#8211; Llamado abierto a defender la monta\u00f1a de Limousin contra el proyecto de construcci\u00f3n de una planta de biomasa torrefacta"},"content":{"rendered":"<p align=\"JUSTIFY\">A continuaci\u00f3n, recojo de <strong><a href=\"https:\/\/insurrectionnewsworldwide.com\/2018\/02\/15\/correze-france-the-torrefied-pellet-plant-will-not-be-built-on-limousin-mountain\/\">Insurrection News<\/a><\/strong>, traduzco a castellano y difundo el siguiente llamado a contribu\u00edr, ya sea yendo all\u00ed personalmente u organizando acciones y eventos de apoyo desde otros lugares, con la lucha en defensa de la monta\u00f1a de Limousin en Corr\u00e8ze, Francia, de la construcci\u00f3n de una planta de biomasa torrefacta que bajo los disfraces del capitalismo verde y sus \u00abfuentes de energ\u00eda ecol\u00f3gicas y renovables\u00bb pretende convertir en un desierto y en un cheque sin fondos un nuevo espacio de incalculable valor biol\u00f3gico y ecol\u00f3gico.<\/p>\n<p align=\"JUSTIFY\">&#8212;&#8212;&#8212;&#8212;&#8212;&#8212;&#8212;&#8212;&#8212;&#8212;&#8212;&#8212;-<\/p>\n<p align=\"JUSTIFY\"><strong><em>Esta es una invitaci\u00f3n desde la Monta\u00f1a de Limousin a todes les c\u00f3mplices potenciales que se oponen a la ofensiva industrial teniendo lugar actualmente bajo el velo de una \u201ctransici\u00f3n ecol\u00f3gica\u201d.<\/em><\/strong><\/p>\n<p align=\"JUSTIFY\"><em>A nuestres querides amigues en lucha en Khimky, en Bure, en Islandia, en Notre Dame des Landes, en Bia\u0142owie\u017ca, en Durham, en las Monta\u00f1as de Cevennes, en el Territorio Mi&#8217;kmaq, en la Amazonia, en los bosques de Charnie, en Cambo, en Salau, en Val di Susa, en Dompierre, en Ro\u015fia Montan\u0103, en Standing Rock, en Gueret, en Atenco, en el istmo de Tehuantepec, en Halkidiki, en Saint Victor, en el Lago Baikal, en Wallmapu (territorio mapuche), en Guayana, en Saint-Yrieix-la-Perche, en Pyh\u00e4joki, en las dunas de Tr\u00e9gor, en Estambul, en Landivisiau, en el bosque de Hambach, en los bosques de Chambaran, en el Campamento Makwa (territorios ojibwe), en Loc Envel, en el territorio K&#8217;iche, en Kafue, en Wendland, en el Delta del N\u00edger, en el Gran Chaco, en Merl\u00e9ac, en Norra K\u00e4rr V\u00e4ttern, en los jardines de Lentill\u00e8res, en los bosques de Treburer, en Jabiluka (territorio mirarr) \u2013 y en todas partes donde la gente enfrenta la locura industrial&#8230;<\/em><\/p>\n<p align=\"JUSTIFY\"><strong><em>Hola<\/em><\/strong><\/p>\n<p align=\"JUSTIFY\"><em>Os escribimos desde las monta\u00f1as de Limousin, en alg\u00fan lugar de la Francia central. Nuestra regi\u00f3n est\u00e1 siendo amenazada con la construcci\u00f3n de una planta de biomasa torrefacta. Este proyecto industrial a gran escala est\u00e1 siendo planeado en los peque\u00f1os pueblos rurales de Bugeat y Viam, en la regi\u00f3n de Corr\u00e8ze, una zona que es un refugio natural con valles, bosques y p\u00e1ramos.<\/em><\/p>\n<p align=\"JUSTIFY\"><em>Los planes de desarrollo est\u00e1n siendo dirigidos por una joint-venture capitalista (1) que tropez\u00f3 con una gran oportunidad de hacer un negocio r\u00e1pido cuando entabl\u00f3 amistad con el presidente del consejo de la ciudad de Corr\u00e9ze, que es conocido por sus lazos con los lobbies agroindustriales (2). A pesar de numerosas preocupaciones y de una oposici\u00f3n bien argumentada al plan, el resultado de la encuesta p\u00fablica ha anunciado su apoyo al proyecto. Esto aclara que intentan llevar a cabo sus planes de desarrollo por la fuerza. As\u00ed hemos entrado en una nueva fase de nuestra lucha y ha llegado el momento de llamar a vuestro apoyo.<\/em><\/p>\n<p align=\"JUSTIFY\"><em>La meta de este proyecto es introducir un nuevo m\u00e9todo de torrefacci\u00f3n que fue desarrollado por los EE.UU. El producto producido ser\u00e1 mercantilizable como \u201cenerg\u00eda renovable\u201d y ser\u00e1 quemado en plantas de carb\u00f3n francesas. En resumen, esto es un obvio intento de una campa\u00f1a de \u201cgreen-washing\u201d que busca salvar el mismo sistema devorador de energ\u00eda que nos ha empujado al borde del colapso. La magnitud del proyecto y las cantidades astron\u00f3micas de materia prima vegetal que se convertir\u00eda en carb\u00f3n (incluyendo las ra\u00edces de los \u00e1rboles ca\u00eddos) pronto formar\u00edan un desierto de nuestros fr\u00e1giles suelos monta\u00f1osos.<\/em><\/p>\n<p align=\"JUSTIFY\"><em>En d\u00e9cadas recientes, estos suelos han sufrido ya de la explotaci\u00f3n industrial de plantaciones de bosques resinosos. La maquinaria pesada, la tala sistem\u00e1tica, la eliminaci\u00f3n de portainjertos, los pesticidas y las fuertes lluvias han causado ya graves estragos en nuestro entorno. Es innegable que este proceso de explotaci\u00f3n de nuestros recursos naturales es desastroso. La planta de pellet servir\u00eda como una bonificaci\u00f3n para esta l\u00f3gica suicida.<\/em><\/p>\n<p align=\"JUSTIFY\"><em><span lang=\"es-ES\">El desarrollo de la energ\u00eda de \u00abbiomasa\u00bb busca poner en funcionamiento el bosque en su conjunto. Esta voraz bestia tambi\u00e9n est\u00e1 a punto de atacar los hermosos bosques de frondosas de la meseta. Estos bosques mixtos volvieron a crecer en la tierra de manera no regulada despu\u00e9s de que fuesen abandonados durante el \u00e9xodo rural. Estas tierras ahora est\u00e1n siendo atacadas por desarrolladores que desean controlar, calcular y sacar provecho de estas regiones salvajes.<\/span><\/em><\/p>\n<p align=\"JUSTIFY\"><em><span lang=\"es-ES\">Para nosotres, la lucha va de mucho m\u00e1s que de la mera administraci\u00f3n responsable de recursos o de la preservaci\u00f3n de nuestro estilo de vida particular. Esta es una lucha para afirmar una forma diferente de relacionarse con el mundo. Nosotres, les humanes, no somos m\u00e1s que una peque\u00f1a fracci\u00f3n de este mundo. Como muches de vosotres, nosotres hemos decidido dar la espalda a la fren\u00e9tica carrera de nuestra especie hacia su propia destrucci\u00f3n. Este destino fatal de la humanidad no es el nuestro. Nosotres elegimos vivir como terr\u00edcolas entre una diversidad de terr\u00edcolas, y defender lo que hace la vida posible. Es en nombre de la naturaleza misma y sus impulsos violentos para defenderse (de los que s\u00f3lo hemos visto una peque\u00f1a porci\u00f3n) que hemos tomado la decisi\u00f3n de obstaculizar a cualquiera que busque aumentar el pillaje general.<\/span><\/em><\/p>\n<p align=\"JUSTIFY\"><em><span lang=\"es-ES\">Las diversas luchas que todes vosotres hab\u00e9is conducido alrededor del mundo en a\u00f1os recientes han sido una gran inspiraci\u00f3n para nosotres. Hoy nos gustar\u00eda contribu\u00edr a un esfuerzo necesario de coordinaci\u00f3n al menos a escala europea. Hay mucho que compartir y que aprender sobre hacer frente a estos proyectos. Incluso aunque cada proyecto parezca diferente, todos son expresiones de la misma vieja l\u00f3gica extractivista. Una l\u00f3gica que intenta ocultarse escondi\u00e9ndose tras la coartada moral de una \u201ctransici\u00f3n ecol\u00f3gica\u201d.<\/span><\/em><\/p>\n<p align=\"JUSTIFY\"><em><span lang=\"es-ES\">Compartamos nuestros an\u00e1lisis, nuestras historias, nuestras t\u00e9cnicas y estrategias, muchas de las cuales ya han tenido \u00e9xito en el pasado.<\/span><\/em><\/p>\n<p align=\"JUSTIFY\"><em><span lang=\"es-ES\">Os invitamos a venir y visitarnos, a echarnos una mano si surge la necesidad, o a expresar vuestro apoyo de cualquier manera posible. Tanto si es hoy, como si es ma\u00f1ana, o en las semanas y meses venideros, esperamos que todes vosotres luch\u00e9is a nuestro lado durante este momento decisivo y que nos ayud\u00e9is a enterrar este proyecto de una vez y para siempre.<\/span><\/em><\/p>\n<p align=\"JUSTIFY\"><em><span lang=\"es-ES\">Muchas gracias a todes vosotres. Esperamos veros pronto.<\/span><\/em><\/p>\n<p align=\"JUSTIFY\"><em><strong>Amigues del bosque de Limousin<\/strong><br \/>\n<\/em><em>amisdelaforet[at]riseup.net<\/em><\/p>\n<p align=\"JUSTIFY\"><em><strong>*1 M.<\/strong> Gaudriot CEO de las empresas CARBON\u2019 ENGINEER BUGEAT-VIAM y SOMIVAL<\/em><br \/>\n<em><strong>*2 M<\/strong>. Coste, presidente del Conseil G\u00e9n\u00e9ral de la Corr\u00e8ze.<\/em><\/p>\n<p align=\"JUSTIFY\"><img loading=\"lazy\" decoding=\"async\" class=\"alignnone size-full wp-image-19309\" src=\"https:\/\/vozcomoarma.noblogs.org\/files\/2018\/02\/limousin.jpg\" alt=\"\" width=\"640\" height=\"640\" srcset=\"https:\/\/vozcomoarma.noblogs.org\/files\/2018\/02\/limousin.jpg 640w, https:\/\/vozcomoarma.noblogs.org\/files\/2018\/02\/limousin-300x300.jpg 300w\" sizes=\"auto, (max-width: 640px) 100vw, 640px\" \/><\/p>\n","protected":false},"excerpt":{"rendered":"<p>A continuaci\u00f3n, recojo de Insurrection News, traduzco a castellano y difundo el siguiente llamado a contribu\u00edr, ya sea yendo all\u00ed personalmente u organizando acciones y eventos de apoyo desde otros lugares, con la lucha en defensa de la monta\u00f1a de &hellip; <a href=\"https:\/\/vozcomoarma.noblogs.org\/?p=19307\">Sigue leyendo <span class=\"meta-nav\">&rarr;<\/span><\/a><\/p>\n","protected":false},"author":7045,"featured_media":0,"comment_status":"closed","ping_status":"open","sticky":false,"template":"","format":"standard","meta":{"footnotes":""},"categories":[58,59,61,9],"tags":[47,39,30,54,16,42,37,24,11],"class_list":["post-19307","post","type-post","status-publish","format-standard","hentry","category-acciones","category-convocatorias","category-noticias","category-noticias-y-comunicados","tag-anti-desarrollismo","tag-anti-especismo","tag-critica-anti-industrial","tag-francia","tag-guerra-social","tag-movimientos-sociales","tag-okupacion","tag-reflexion","tag-solidaridad"],"_links":{"self":[{"href":"https:\/\/vozcomoarma.noblogs.org\/index.php?rest_route=\/wp\/v2\/posts\/19307","targetHints":{"allow":["GET"]}}],"collection":[{"href":"https:\/\/vozcomoarma.noblogs.org\/index.php?rest_route=\/wp\/v2\/posts"}],"about":[{"href":"https:\/\/vozcomoarma.noblogs.org\/index.php?rest_route=\/wp\/v2\/types\/post"}],"author":[{"embeddable":true,"href":"https:\/\/vozcomoarma.noblogs.org\/index.php?rest_route=\/wp\/v2\/users\/7045"}],"replies":[{"embeddable":true,"href":"https:\/\/vozcomoarma.noblogs.org\/index.php?rest_route=%2Fwp%2Fv2%2Fcomments&post=19307"}],"version-history":[{"count":2,"href":"https:\/\/vozcomoarma.noblogs.org\/index.php?rest_route=\/wp\/v2\/posts\/19307\/revisions"}],"predecessor-version":[{"id":19336,"href":"https:\/\/vozcomoarma.noblogs.org\/index.php?rest_route=\/wp\/v2\/posts\/19307\/revisions\/19336"}],"wp:attachment":[{"href":"https:\/\/vozcomoarma.noblogs.org\/index.php?rest_route=%2Fwp%2Fv2%2Fmedia&parent=19307"}],"wp:term":[{"taxonomy":"category","embeddable":true,"href":"https:\/\/vozcomoarma.noblogs.org\/index.php?rest_route=%2Fwp%2Fv2%2Fcategories&post=19307"},{"taxonomy":"post_tag","embeddable":true,"href":"https:\/\/vozcomoarma.noblogs.org\/index.php?rest_route=%2Fwp%2Fv2%2Ftags&post=19307"}],"curies":[{"name":"wp","href":"https:\/\/api.w.org\/{rel}","templated":true}]}}