{"id":19406,"date":"2018-03-12T16:05:25","date_gmt":"2018-03-12T15:05:25","guid":{"rendered":"https:\/\/vozcomoarma.noblogs.org\/?p=19406"},"modified":"2018-03-12T16:05:45","modified_gmt":"2018-03-12T15:05:45","slug":"alemania-ataques-en-alemania-contra-los-intereses-del-fascismo-turco","status":"publish","type":"post","link":"https:\/\/vozcomoarma.noblogs.org\/?p=19406","title":{"rendered":"Alemania &#8211; Ataques en Berl\u00edn y Hamburgo contra los intereses del fascismo turco y en solidaridad con Afr\u00edn"},"content":{"rendered":"<p align=\"justify\">A continuaci\u00f3n, recojo y traduzco a castellano desde Insurrection News varios comunicados de distintos grupos reivindicando distintos actos de ataque y sabotaje contra entidades c\u00f3mplices del genocidio que el Estado turco lleva a cabo sobre la poblaci\u00f3n kurda, centrando ahora en Afr\u00edn sus pol\u00edticas imperialistas y de masacre.<\/p>\n<p align=\"justify\"><strong>Biji Kurdistan Azad!<\/strong><br \/>\n<strong>Berxwedan Jiyane!<\/strong><\/p>\n<p align=\"justify\">&#8212;&#8212;&#8212;&#8212;&#8212;&#8212;&#8212;&#8212;&#8212;&#8212;&#8212;&#8212;<\/p>\n<p align=\"justify\"><strong><a href=\"https:\/\/insurrectionnewsworldwide.com\/2018\/03\/12\/hamburg-germany-attack-against-a-commerzbank-branch-in-solidarity-with-the-afrin-resistance\/\">Sabotajes a una sucursal de Commerzbank en Hamburgo, Alemania, por lucrarse con la fabricaci\u00f3n y venta de armas al Estado turco y por lo tanto, haciendo negocio con la guerra en Afr\u00edn.<\/a><\/strong><\/p>\n<p align=\"justify\"><em><strong>12.03.18:<\/strong> Durante m\u00e1s de 50 d\u00edas, les compa\u00f1eres han resistido a las tropas imperialistas turcas. Durante 50 d\u00edas, la gente ha sido asesinada por armamento alem\u00e1n en Afr\u00edn. Durante m\u00e1s de 50 d\u00edas, Alemania y el mundo han estado en silencio sobre los ataques fascistas contra el proyecto de Rojava.<\/em><\/p>\n<p align=\"justify\"><em>Para romper este silencio atacamos la sucursal de Commerzbank en Hamburger Strasse. Rompimos las ventanas y dejamos esl\u00f3ganes pintados. Commerzbank se lucra con sus inversiones en compa\u00f1\u00edas de defensa, como Kraus-Maffei Wegmann (KMW), y con la guerra en Afr\u00edn. El tanque Leopard 2 fue producido por KMW junto con muchas otras empresas alemanas. Ahora el Leopard 2 es usado contra el proyecto de Rojava para parar la revoluci\u00f3n.<\/em><\/p>\n<p align=\"justify\"><strong><em>\u00a1Tomemos acciones en el coraz\u00f3n del imperialismo para dar un respiro a las guerras por todo el mundo!<\/em><\/strong><\/p>\n<p align=\"justify\"><strong><em>\u00a1Larga vida a la resistencia en Afr\u00edn!<\/em><\/strong><\/p>\n<p align=\"justify\">&#8212;&#8212;&#8212;&#8212;&#8212;&#8212;&#8212;&#8212;&#8212;&#8212;&#8212;&#8212;<\/p>\n<p align=\"justify\"><strong><a href=\"https:\/\/insurrectionnewsworldwide.com\/2018\/03\/12\/hamburg-germany-arson-attack-against-a-turkish-nationalists-car-in-response-to-the-call-to-fight4afrin\/\">Incendiado el coche de un simpatizante del fascismo turco en Hamburgo.<\/a><\/strong><\/p>\n<p align=\"justify\"><strong><em>11.03.18 Afr\u00edn est\u00e1 en todas partes, la resistencia est\u00e1 en todas partes.<\/em><\/strong><\/p>\n<p align=\"justify\"><em>Prendimos fuego al coche de un nacionalista turco en Wilhelmsburg, Hamburgo, durante la noche del 8 al 9 de marzo.<\/em><\/p>\n<p align=\"justify\"><em>Esta acci\u00f3n fue en respuesta al <strong><a href=\"https:\/\/vozcomoarma.noblogs.org\/?p=19403\">llamado de grupos aut\u00f3nomos a defender Afr\u00edn con acciones militantes.*<\/a><\/strong><\/em><\/p>\n<p align=\"justify\">&#8212;<\/p>\n<p align=\"justify\"><strong>N. de T. de La Rebeli\u00f3n de las Palabras:<\/strong> No confundir \u00abmilitante\u00bb con militar, o con el concepto de militancia dentro de una organizaci\u00f3n o colectivo. En Alemania, es frecuente referirse as\u00ed a las acciones y luchas que se plantean desde ambientes aut\u00f3nomos y que cuentan con un contenido m\u00e1s insurrecto y ofensivo.<\/p>\n<p align=\"justify\">&#8212;&#8212;&#8212;&#8212;&#8212;&#8212;&#8212;&#8212;&#8212;&#8212;&#8212;&#8212;<\/p>\n<p align=\"justify\"><a href=\"https:\/\/insurrectionnewsworldwide.com\/2018\/03\/12\/berlin-germany-police-patrol-ambushed-on-rigaer-strase-against-repression-in-solidarity-with-the-call-to-fight4afrin\/\"><strong>Emboscada y apedreada una patrulla de polic\u00edas en la calle Rigaer (Berl\u00edn)<\/strong><\/a><\/p>\n<p align=\"justify\"><em><strong>11.03.18:<\/strong> Durante la noche del s\u00e1bado al domingo, tendimos una emboscada con piedras a un grupo de polic\u00edas que patrullaban en su coche.<\/em><\/p>\n<p align=\"justify\"><em>La patrulla<span lang=\"es-ES\"> ten\u00eda casco y estaba asignada para ocupar y aterrorizar a nuestro <\/span><span lang=\"es-ES\">barrio<\/span><span lang=\"es-ES\">. Nada nuevo <\/span><span lang=\"es-ES\">en<\/span><span lang=\"es-ES\"> Nordkiez &#8230; pero es hora de atacar de nuevo.<\/span><\/em><\/p>\n<p align=\"justify\"><em><span lang=\"es-ES\">Nuestras piedras est\u00e1n pensadas como una represalia por los controles de identidad de las \u00faltimas semanas. Adem\u00e1s, la lucha de la juventud apo\u00edsta y de los grupos aut\u00f3nomos en Berl\u00edn deber\u00eda ser apoyada forzando a las unidades de contrainsurgencia a tener que usar sus fuerzas aqu\u00ed.<\/span><\/em><\/p>\n<p align=\"justify\"><em>Para nosotres, Berl\u00edn es un epicentro de las fuerzas capitalistas, en forma de tecnologizaci\u00f3n, en forma de la integraci\u00f3n de todo dentro de la l\u00f3gica de la autoevaluaci\u00f3n y el control social y en forma de guerra y de amistad leal con aut\u00f3cratas fascistas de todo el mundo.<\/em><\/p>\n<p align=\"justify\"><em>Estamos contra eso y no participamos en su reacci\u00f3n contra la Revoluci\u00f3n.<\/em><\/p>\n<p align=\"justify\"><strong><em>AZ Silvio Meier<\/em><\/strong><\/p>\n<p align=\"justify\">&#8212;&#8212;&#8212;&#8212;&#8212;&#8212;&#8212;&#8212;&#8212;&#8212;&#8212;&#8212;<\/p>\n<p align=\"justify\"><strong><a href=\"https:\/\/insurrectionnewsworldwide.com\/2018\/03\/11\/berlin-germany-molotov-attack-against-a-ditib-propaganda-center\/\">Ataque incendiario contra centro de propaganda de la D\u0130T\u0130B en Berl\u00edn<\/a><\/strong><\/p>\n<p align=\"justify\"><em><i><strong>11.03.18:<\/strong> <\/i><\/em><em><i>En Berl\u00edn hubo una acci\u00f3n con c\u00f3cteles molotov contra un centro de propaganda de la <\/i><\/em><em><i>D\u0130T\u0130B (<\/i><\/em><em><i>Uni\u00f3n Turco-Isl\u00e1mica para Asuntos Religiosos). La <\/i><\/em><em><i>D\u0130T\u0130B <\/i><\/em><em><i>est\u00e1 directamente controlada por el Estado fascista turco y recibe sus instrucciones de \u00e9l. Cuando el ataque internacional contra Afr\u00edn comenz\u00f3, la mayor\u00eda de mezquitas de la <\/i><\/em><em><i>D\u0130T\u0130B <\/i><\/em><em><i>en Europa rezaron por la victoria del ej\u00e9rcito de ocupaci\u00f3n turco. Los objetivos de los centros de propaganda de la D<\/i><\/em><em><i>\u0130T\u0130B <\/i><\/em><em><i>son desacreditar los valores del Islam democr\u00e1tico y en su lugar transmitir una visi\u00f3n de la humanidad con el esp\u00edritu del r\u00e9gimen del AKP-MHP que aspira a una sociedad patriarcal y fascista. Hace s\u00f3lo unos meses, la autoridad supervisora de la <\/i><\/em><em><i>D\u0130T\u0130B <\/i><\/em><em><i>en Ankara anunci\u00f3 que las mujeres j\u00f3venes eran aptas para el matrimonio a partir de los 9 a\u00f1os de edad&#8230;<\/i><\/em><\/p>\n<p align=\"justify\"><img loading=\"lazy\" decoding=\"async\" class=\"size-full wp-image-19407 aligncenter\" src=\"https:\/\/vozcomoarma.noblogs.org\/files\/2018\/03\/14.jpg\" alt=\"\" width=\"640\" height=\"480\" srcset=\"https:\/\/vozcomoarma.noblogs.org\/files\/2018\/03\/14.jpg 640w, https:\/\/vozcomoarma.noblogs.org\/files\/2018\/03\/14-300x225.jpg 300w\" sizes=\"auto, (max-width: 640px) 100vw, 640px\" \/> <img loading=\"lazy\" decoding=\"async\" class=\"alignnone size-full wp-image-19408\" src=\"https:\/\/vozcomoarma.noblogs.org\/files\/2018\/03\/25.jpg\" alt=\"\" width=\"640\" height=\"480\" srcset=\"https:\/\/vozcomoarma.noblogs.org\/files\/2018\/03\/25.jpg 640w, https:\/\/vozcomoarma.noblogs.org\/files\/2018\/03\/25-300x225.jpg 300w\" sizes=\"auto, (max-width: 640px) 100vw, 640px\" \/><\/p>\n","protected":false},"excerpt":{"rendered":"<p>A continuaci\u00f3n, recojo y traduzco a castellano desde Insurrection News varios comunicados de distintos grupos reivindicando distintos actos de ataque y sabotaje contra entidades c\u00f3mplices del genocidio que el Estado turco lleva a cabo sobre la poblaci\u00f3n kurda, centrando ahora &hellip; <a href=\"https:\/\/vozcomoarma.noblogs.org\/?p=19406\">Sigue leyendo <span class=\"meta-nav\">&rarr;<\/span><\/a><\/p>\n","protected":false},"author":7045,"featured_media":0,"comment_status":"closed","ping_status":"open","sticky":false,"template":"","format":"standard","meta":{"footnotes":""},"categories":[58,61,9],"tags":[51,14,49,35,188,16,26,42,10,11],"class_list":["post-19406","post","type-post","status-publish","format-standard","hentry","category-acciones","category-noticias","category-noticias-y-comunicados","tag-alemania","tag-anti-fascismo","tag-anti-sexismo","tag-asesinato-de-estado","tag-conflicto-kurdo","tag-guerra-social","tag-insurreccionalismo","tag-movimientos-sociales","tag-sabotaje","tag-solidaridad"],"_links":{"self":[{"href":"https:\/\/vozcomoarma.noblogs.org\/index.php?rest_route=\/wp\/v2\/posts\/19406","targetHints":{"allow":["GET"]}}],"collection":[{"href":"https:\/\/vozcomoarma.noblogs.org\/index.php?rest_route=\/wp\/v2\/posts"}],"about":[{"href":"https:\/\/vozcomoarma.noblogs.org\/index.php?rest_route=\/wp\/v2\/types\/post"}],"author":[{"embeddable":true,"href":"https:\/\/vozcomoarma.noblogs.org\/index.php?rest_route=\/wp\/v2\/users\/7045"}],"replies":[{"embeddable":true,"href":"https:\/\/vozcomoarma.noblogs.org\/index.php?rest_route=%2Fwp%2Fv2%2Fcomments&post=19406"}],"version-history":[{"count":2,"href":"https:\/\/vozcomoarma.noblogs.org\/index.php?rest_route=\/wp\/v2\/posts\/19406\/revisions"}],"predecessor-version":[{"id":19411,"href":"https:\/\/vozcomoarma.noblogs.org\/index.php?rest_route=\/wp\/v2\/posts\/19406\/revisions\/19411"}],"wp:attachment":[{"href":"https:\/\/vozcomoarma.noblogs.org\/index.php?rest_route=%2Fwp%2Fv2%2Fmedia&parent=19406"}],"wp:term":[{"taxonomy":"category","embeddable":true,"href":"https:\/\/vozcomoarma.noblogs.org\/index.php?rest_route=%2Fwp%2Fv2%2Fcategories&post=19406"},{"taxonomy":"post_tag","embeddable":true,"href":"https:\/\/vozcomoarma.noblogs.org\/index.php?rest_route=%2Fwp%2Fv2%2Ftags&post=19406"}],"curies":[{"name":"wp","href":"https:\/\/api.w.org\/{rel}","templated":true}]}}