{"id":19417,"date":"2018-03-12T16:30:06","date_gmt":"2018-03-12T15:30:06","guid":{"rendered":"https:\/\/vozcomoarma.noblogs.org\/?p=19417"},"modified":"2018-03-12T16:30:06","modified_gmt":"2018-03-12T15:30:06","slug":"maderos-son-maltratadores-con-placa-represion-y-brutales-cargas-policiales-al-termino-de-la-manifestacion-feminista-del-8-de-marzo-en-murcia","status":"publish","type":"post","link":"https:\/\/vozcomoarma.noblogs.org\/?p=19417","title":{"rendered":"Maderos son maltratadores con placa: Represi\u00f3n y brutales cargas policiales al t\u00e9rmino de la manifestaci\u00f3n feminista del 8 de marzo en Murcia"},"content":{"rendered":"<p align=\"justify\">Recojo de <strong><a href=\"https:\/\/www.portaloaca.com\/videos\/noticiasvideo\/13539-videos-brutal-represion-en-murcia-al-termino-de-la-manifestacion-del-8-de-marzo.html\">Portal Libertario Oaca<\/a><\/strong> y difundo la siguiente noticia, acompa\u00f1ada de varios v\u00eddeos ilustrativos de lo narrado, sobre la violencia policial vivida en Murcia el pasado 8 de marzo, cuando al t\u00e9rmino de la manifestaci\u00f3n feminista enmarcada en la jornada de huelga feminista convocada para ese d\u00eda en multitud de ciudades y pa\u00edses, la polic\u00eda decidi\u00f3 cargar con brutalidad contra las mujeres y contra cualquiera que all\u00ed se encontrase, a escasa distancia de donde se mantiene la protesta contra las obras del tramo ferroviario del AVE, y donde en los \u00faltimos meses se han vivido tambi\u00e9n sucesivos episodios de violencia policial.<\/p>\n<p align=\"justify\">No difundo esto con victimismo, cualquiera que luche sabe que no puede esperarse otra cosa de los mercenarios del Estado, cuerpos formados por maltratadores, matones de instituto y fascistas. Tan acostumbrados que est\u00e1n a pegar a sus parejas e hijas, y a cualquiera que les desobedezca, no es sorprendente que arremetiesen contra algunas manifestaciones del 8-M (Murcia no es la \u00fanica ciudad donde se vivieron episodios as\u00ed en esa jornada).<\/p>\n<p align=\"justify\">No obstante, me parece necesario difundirlo, ya que en algunos lugares, un a\u00f1o m\u00e1s, se vio a grupos de personas defendiendo y aplaudiendo la represi\u00f3n de los maderos a aquellas mujeres que expresaron su rabia en la calle m\u00e1s all\u00e1 de los cauces inocuos que el Estado dispone para el curso (y anulaci\u00f3n) de la disidencia, o que simplemente, se encontraban plantando cara al orden patriarcal sin el que el capitalismo no podr\u00eda sobrevivir.<\/p>\n<p align=\"justify\"><strong>1312<br \/>\nLos polic\u00edas no son personas, son polic\u00edas.<\/strong><\/p>\n<p align=\"justify\">&#8212;&#8212;&#8212;&#8212;&#8212;&#8212;&#8212;&#8212;&#8211;<\/p>\n<p align=\"justify\"><em>El barrio Santiago el Mayor, que lleva 180 d\u00edas en lucha contra las v\u00edas del AVE, sufri\u00f3 ayer nuevamente la represi\u00f3n de la Polic\u00eda. Hay 2 detenid@s y un herido grave.<\/em><\/p>\n<p align=\"justify\"><em>Ayer, durante la jornada de Huelga Feminista se vivieron escenas de brutal represi\u00f3n en la ciudad de Murcia. Ya por la ma\u00f1ana, la polic\u00eda llevo a cabo agresiones contra varias activistas junto a las v\u00edas del tren, a unos metros de donde desde hace meses permanecen acampad@s l@s activistas de la asamblea Murcia sin muros, acampada popular contra el muro que pretende aislar el barrio de Santiago el Mayor para el paso del tren.<\/em><\/p>\n<p><iframe loading=\"lazy\" title=\"Carga policial Santiago el mayor huelga feminista 8M Murcia\" width=\"640\" height=\"360\" src=\"https:\/\/www.youtube.com\/embed\/SHeNyDkm9TU?feature=oembed\" frameborder=\"0\" allow=\"accelerometer; autoplay; clipboard-write; encrypted-media; gyroscope; picture-in-picture; web-share\" referrerpolicy=\"strict-origin-when-cross-origin\" allowfullscreen><\/iframe><\/p>\n<div><\/div>\n<div>\n<p><iframe loading=\"lazy\" title=\"Carga policial Murcia 8M\" width=\"640\" height=\"360\" src=\"https:\/\/www.youtube.com\/embed\/1gAblOnJBWs?feature=oembed\" frameborder=\"0\" allow=\"accelerometer; autoplay; clipboard-write; encrypted-media; gyroscope; picture-in-picture; web-share\" referrerpolicy=\"strict-origin-when-cross-origin\" allowfullscreen><\/iframe><\/p>\n<p align=\"justify\"><em>Por la tarde, la manifestaci\u00f3n de la huelga feminista sali\u00f3 del centro de la ciudad y se dirigi\u00f3 a Santiago el Mayor, que est\u00e1 en el extraradio. La idea era solidarizarse tambi\u00e9n con esa lucha que lleva 6 meses en pie de guerra contra la imposici\u00f3n del muro que dividir\u00e1 la ciudad.<\/em><\/p>\n<p align=\"justify\"><em>Los problemas empezaron cuando la Polic\u00eda tapon\u00f3 el paso a nivel impidiendo la Polic\u00eda que un bloque de la manifestaci\u00f3n lo atravesase, activistas denuncian que ese tap\u00f3n podr\u00eda haber desembocado en una tragedia humana en caso de estampida: \u00aben Santiago el Mayor adonde lleg\u00f3 mucha gente pudo haber pasado una desgracia por la incompetencia y el sadismo del Delegado del Gobierno, Francisco Bernab\u00e9\u00bb nos relata un manifestante.\u00a0Despu\u00e9s ocurri\u00f3 lo que la mayor\u00eda de la gente ya se tem\u00eda: la polic\u00eda carg\u00f3 con sa\u00f1a contra l@s manifestantes, uno de los agredidos, persona activa en la lucha contra las v\u00edas, recibi\u00f3 contundentes golpes en la cabeza, hasta el punto de que l@s activistas llegaron a temer por su vida y tuvo que ser hospitalizado con pron\u00f3stico grave. Adem\u00e1s, la Polic\u00eda detuvo a dos personas, una pareja que transitaba por la zona al margen de la manifestaci\u00f3n, seg\u00fan nos relatan a\u00a0<strong><a href=\"http:\/\/www.lahaine.org\/\">La Haine<\/a><\/strong>\u00a0personas presentes en aquel momento \u00absimplemente los secuestraron, los echaron a la furgoneta y no sabemos nada m\u00e1s\u00bb.<\/em><\/p>\n<p align=\"justify\"><em>Los v\u00eddeos y fotos de la brutal carga policial y sus consecuencias hablan por s\u00ed solos:<\/em><\/p>\n<p><iframe loading=\"lazy\" title=\"Cargas en Murcia el 8 de Marzo\" width=\"640\" height=\"360\" src=\"https:\/\/www.youtube.com\/embed\/Op8mOOl0Jcs?feature=oembed\" frameborder=\"0\" allow=\"accelerometer; autoplay; clipboard-write; encrypted-media; gyroscope; picture-in-picture; web-share\" referrerpolicy=\"strict-origin-when-cross-origin\" allowfullscreen><\/iframe><\/p>\n<p><iframe loading=\"lazy\" title=\"Manifestante gravemente herido en Murcia 8M\" width=\"640\" height=\"360\" src=\"https:\/\/www.youtube.com\/embed\/Y_bvL69469E?feature=oembed\" frameborder=\"0\" allow=\"accelerometer; autoplay; clipboard-write; encrypted-media; gyroscope; picture-in-picture; web-share\" referrerpolicy=\"strict-origin-when-cross-origin\" allowfullscreen><\/iframe><\/p>\n<p align=\"justify\"><em>Seg\u00fan nos relata un activista, destacan \u00abla falsa acusaci\u00f3n de la polic\u00eda, argumentaci\u00f3n falsa donde dicen que fueron agredidos&#8230; All\u00ed no hubo ninguna piedra, ning\u00fan pu\u00f1etazo ni ninguna botella&#8230; S\u00f3lo hostias gratuitas de ellos\u00bb<\/em><\/p>\n<p align=\"justify\"><em>Por otro lado, esta ma\u00f1ana en declaraciones a la cadena SER, el delegado de gobierno en Murcia ha amenazado a l@s manifestantes:\u00a0\u00abAviso a navegantes: est\u00e1n grabados y vamos a continuar con nuestra pol\u00edtica de sanciones. No nos va a temblar el pulso. Van a ser muchos m\u00e1s los que en v\u00eda administrativa van a recibir un saludo cordial de este delegado del Gobierno en virtud de las denuncias que va a poner la Polic\u00eda Nacional\u00bb.<\/em><\/p>\n<p align=\"justify\"><em>De esta forma, el gobierno contin\u00faa su pol\u00edtica de hostigamiento a l@s vecin@s que no quieren ser aislados del resto de la ciudad. Ya hace unas semanas se produjeron detenciones y varios cargos pol\u00edticos hablaron de \u00abterrorismo\u00bb por los sabotajes ocurridos en las v\u00edas.<\/em><\/p>\n<p align=\"justify\"><strong><em><a href=\"https:\/\/twitter.com\/Boro_LH\" target=\"_blank\" rel=\"noopener\">Boro LH<\/a><\/em><\/strong><\/p>\n<\/div>\n","protected":false},"excerpt":{"rendered":"<p>Recojo de Portal Libertario Oaca y difundo la siguiente noticia, acompa\u00f1ada de varios v\u00eddeos ilustrativos de lo narrado, sobre la violencia policial vivida en Murcia el pasado 8 de marzo, cuando al t\u00e9rmino de la manifestaci\u00f3n feminista enmarcada en la &hellip; <a href=\"https:\/\/vozcomoarma.noblogs.org\/?p=19417\">Sigue leyendo <span class=\"meta-nav\">&rarr;<\/span><\/a><\/p>\n","protected":false},"author":7045,"featured_media":0,"comment_status":"closed","ping_status":"open","sticky":false,"template":"","format":"standard","meta":{"footnotes":""},"categories":[61,9],"tags":[49,16,82,42,128,19],"class_list":["post-19417","post","type-post","status-publish","format-standard","hentry","category-noticias","category-noticias-y-comunicados","tag-anti-sexismo","tag-guerra-social","tag-machirulismo-abusos-de-genero","tag-movimientos-sociales","tag-murcia","tag-represion"],"_links":{"self":[{"href":"https:\/\/vozcomoarma.noblogs.org\/index.php?rest_route=\/wp\/v2\/posts\/19417","targetHints":{"allow":["GET"]}}],"collection":[{"href":"https:\/\/vozcomoarma.noblogs.org\/index.php?rest_route=\/wp\/v2\/posts"}],"about":[{"href":"https:\/\/vozcomoarma.noblogs.org\/index.php?rest_route=\/wp\/v2\/types\/post"}],"author":[{"embeddable":true,"href":"https:\/\/vozcomoarma.noblogs.org\/index.php?rest_route=\/wp\/v2\/users\/7045"}],"replies":[{"embeddable":true,"href":"https:\/\/vozcomoarma.noblogs.org\/index.php?rest_route=%2Fwp%2Fv2%2Fcomments&post=19417"}],"version-history":[{"count":1,"href":"https:\/\/vozcomoarma.noblogs.org\/index.php?rest_route=\/wp\/v2\/posts\/19417\/revisions"}],"predecessor-version":[{"id":19418,"href":"https:\/\/vozcomoarma.noblogs.org\/index.php?rest_route=\/wp\/v2\/posts\/19417\/revisions\/19418"}],"wp:attachment":[{"href":"https:\/\/vozcomoarma.noblogs.org\/index.php?rest_route=%2Fwp%2Fv2%2Fmedia&parent=19417"}],"wp:term":[{"taxonomy":"category","embeddable":true,"href":"https:\/\/vozcomoarma.noblogs.org\/index.php?rest_route=%2Fwp%2Fv2%2Fcategories&post=19417"},{"taxonomy":"post_tag","embeddable":true,"href":"https:\/\/vozcomoarma.noblogs.org\/index.php?rest_route=%2Fwp%2Fv2%2Ftags&post=19417"}],"curies":[{"name":"wp","href":"https:\/\/api.w.org\/{rel}","templated":true}]}}