{"id":19638,"date":"2018-04-04T15:21:18","date_gmt":"2018-04-04T13:21:18","guid":{"rendered":"https:\/\/vozcomoarma.noblogs.org\/?p=19638"},"modified":"2018-04-04T15:21:18","modified_gmt":"2018-04-04T13:21:18","slug":"abril-2018-el-proyecto-insurrection-news-en-un-hiato","status":"publish","type":"post","link":"https:\/\/vozcomoarma.noblogs.org\/?p=19638","title":{"rendered":"Abril 2018: El proyecto Insurrection News en un hiato"},"content":{"rendered":"<p align=\"justify\">Traduzco y difundo la siguiente nota de les compa\u00f1eres de <a href=\"https:\/\/insurrectionnewsworldwide.com\/2018\/04\/04\/april-2018-blog-project-on-hiatus\/\"><strong>Insurrection News<\/strong><\/a> sobre la pausa (todav\u00eda no saben si temporal o definitiva) que han decidido hacer en su proyecto virtual. Aun sabiendo que se echar\u00e1 de menos su colaboraci\u00f3n en la traducci\u00f3n y difusi\u00f3n de noticias y textos, tienen raz\u00f3n en que quedan muchos otros proyectos, y que adem\u00e1s, la vida no est\u00e1 en las cuatro paredes de este gueto virtual de la llamada \u00abcontrainformaci\u00f3n\u00bb anarquista, sino en la vida real, de la que a menudo tanto nos olvidamos quienes participamos de un modo u otro en esta clase de proyectos.<\/p>\n<p align=\"justify\">Su blog permanecer\u00e1 abierto a modo de archivo, pero al menos por ahora no ser\u00e1 actualizado.<\/p>\n<p align=\"justify\">Saludos a les compas de <a href=\"https:\/\/insurrectionnewsworldwide.com\/2018\/04\/04\/april-2018-blog-project-on-hiatus\/\"><strong>Insurrection News<\/strong><\/a>, agradecimientos por su trabajo en todo este tiempo, y fuerza y \u00e1nimo para sus dem\u00e1s proyectos presentes o futuros.<\/p>\n<p align=\"justify\">&#8212;&#8212;&#8212;&#8212;&#8212;&#8212;&#8212;&#8212;&#8212;&#8212;&#8212;&#8212;&#8212;-<\/p>\n<p align=\"justify\"><em><strong>04.04.18:<\/strong> A esta fecha, el proyecto online Insurrection News est\u00e1 en un hiato. Es incierto en esta fase si esto va a ser algo a corto plazo o permanente, en cualquier caso el blog y sus contenidos permanecer\u00e1 como un archivo de noticias as\u00ed como nuestro feed de Twitter.<\/em><\/p>\n<p align=\"justify\"><em>Nos gustar\u00eda dar las gracias a todes les que contribuyeron de cualquier manera a este proyecto desde su iniciaci\u00f3n, hay demasiades de vosotres como para gratificaros individualmente, pero sab\u00e9is que vuestras contribuciones y ayuda durante este par de a\u00f1os pasados han sido enormemente apreciadas.<\/em><\/p>\n<p align=\"justify\"><em>Mientras este proyecto anarquista de contrainformaci\u00f3n online se ha vuelto ahora inactivo para el futuro cercano, hay multitud de otros proyectos de naturaleza similar que aun existen y que merecen ayuda (pod\u00e9is encontrar la mayor\u00eda de ellos en la secci\u00f3n de enlaces de este blog).<\/em><\/p>\n<p align=\"justify\"><em>Este proyecto puede haber cesado por ahora, pero como siempre, nada ha terminado, todo contin\u00faa. Adem\u00e1s, la anarqu\u00eda es mucho m\u00e1s que una representaci\u00f3n virtual \/ en una pantalla de nuestra incesante guerra insurreccional contra la autoridad.<\/em><\/p>\n<p align=\"justify\"><strong><em>\u00a1La anarqu\u00eda vive cuando es vivida!<\/em><\/strong><\/p>\n<p align=\"justify\"><em>\u201cCasi hemos olvidado que cuando queremos hablar con alguien, podemos ir a su casa y llamar a la puerta. Casi hemos olvidado lo que significa comunicarse en persona, con emociones, risas, o rabia que puedan ser le\u00eddas en nuestra cara, en el tono de nuestra voz, en el temblor de nuestras manos. Casi hemos olvidado que no hace tanto tiempo estas m\u00e1quinas no eran parte de nuestras vidas, que no est\u00e1bamos encerrades en estos mundos digitales que llevan un control cada vez mayor a nuestros d\u00edas, que la gente viv\u00eda, amaba, se comunicaba, y nos manten\u00eda al tanto de las noticias sin estas tecnolog\u00edas invasivas.<\/em><\/p>\n<p align=\"justify\"><em>A veces en el metro, nos sentimos como intrusos, como uno de esos raros individuos no absorbidos por su peque\u00f1a pantalla y sus auriculares, imperceptible para las personas a su alrededor. <span lang=\"es-ES\">Al plegarnos sobre nosotros mismos de esta manera, ni siquiera notamos c\u00f3mo la sociedad es cambiada por estas tecnolog\u00edas.<\/span><\/em><\/p>\n<p align=\"justify\"><em>\u2026 \u00bfY si volvi\u00e9semos a aprender c\u00f3mo vivir sin estas m\u00e1quinas? \u00bfY si cort\u00e1semos el cable virtual y reconect\u00e1semos les unes con les otres, tejiendo complicidades en persona para llenar el vac\u00edo creado por nuestra atomizaci\u00f3n? Podr\u00edamos reconectar con el tiempo, el espacio, y con les dem\u00e1s, con todo lo que la fr\u00eda interacci\u00f3n con las m\u00e1quinas ha empujado al fondo.<\/em><\/p>\n<p align=\"justify\"><em>\u00bfY si blasfem\u00e1semos abiertamente contra la religi\u00f3n de la conectividad? \u00bfY si asalt\u00e1semos este tan cacareado cielo tecnol\u00f3gico que parece m\u00e1s una pesadilla de ciencia ficci\u00f3n?<\/em><\/p>\n<p align=\"justify\"><em>\u00bfY si destruy\u00e9semos las m\u00e1quinas&#8230;\u201d<\/em><\/p>\n<ul>\n<li><strong>Extra\u00eddo del peri\u00f3dico anarquista <a href=\"https:\/\/blasphegme.noblogs.org\/\" target=\"_blank\" rel=\"noopener\">\u2018Blasphegme\u2019 <\/a><\/strong><\/li>\n<\/ul>\n","protected":false},"excerpt":{"rendered":"<p>Traduzco y difundo la siguiente nota de les compa\u00f1eres de Insurrection News sobre la pausa (todav\u00eda no saben si temporal o definitiva) que han decidido hacer en su proyecto virtual. Aun sabiendo que se echar\u00e1 de menos su colaboraci\u00f3n en &hellip; <a href=\"https:\/\/vozcomoarma.noblogs.org\/?p=19638\">Sigue leyendo <span class=\"meta-nav\">&rarr;<\/span><\/a><\/p>\n","protected":false},"author":7045,"featured_media":0,"comment_status":"closed","ping_status":"open","sticky":false,"template":"","format":"standard","meta":{"footnotes":""},"categories":[2,61,9],"tags":[42,24],"class_list":["post-19638","post","type-post","status-publish","format-standard","hentry","category-avisos-importantes","category-noticias","category-noticias-y-comunicados","tag-movimientos-sociales","tag-reflexion"],"_links":{"self":[{"href":"https:\/\/vozcomoarma.noblogs.org\/index.php?rest_route=\/wp\/v2\/posts\/19638","targetHints":{"allow":["GET"]}}],"collection":[{"href":"https:\/\/vozcomoarma.noblogs.org\/index.php?rest_route=\/wp\/v2\/posts"}],"about":[{"href":"https:\/\/vozcomoarma.noblogs.org\/index.php?rest_route=\/wp\/v2\/types\/post"}],"author":[{"embeddable":true,"href":"https:\/\/vozcomoarma.noblogs.org\/index.php?rest_route=\/wp\/v2\/users\/7045"}],"replies":[{"embeddable":true,"href":"https:\/\/vozcomoarma.noblogs.org\/index.php?rest_route=%2Fwp%2Fv2%2Fcomments&post=19638"}],"version-history":[{"count":2,"href":"https:\/\/vozcomoarma.noblogs.org\/index.php?rest_route=\/wp\/v2\/posts\/19638\/revisions"}],"predecessor-version":[{"id":19641,"href":"https:\/\/vozcomoarma.noblogs.org\/index.php?rest_route=\/wp\/v2\/posts\/19638\/revisions\/19641"}],"wp:attachment":[{"href":"https:\/\/vozcomoarma.noblogs.org\/index.php?rest_route=%2Fwp%2Fv2%2Fmedia&parent=19638"}],"wp:term":[{"taxonomy":"category","embeddable":true,"href":"https:\/\/vozcomoarma.noblogs.org\/index.php?rest_route=%2Fwp%2Fv2%2Fcategories&post=19638"},{"taxonomy":"post_tag","embeddable":true,"href":"https:\/\/vozcomoarma.noblogs.org\/index.php?rest_route=%2Fwp%2Fv2%2Ftags&post=19638"}],"curies":[{"name":"wp","href":"https:\/\/api.w.org\/{rel}","templated":true}]}}