{"id":19714,"date":"2018-05-15T18:23:47","date_gmt":"2018-05-15T16:23:47","guid":{"rendered":"https:\/\/vozcomoarma.noblogs.org\/?p=19714"},"modified":"2018-05-15T18:23:47","modified_gmt":"2018-05-15T16:23:47","slug":"jornadas-feministas-en-ciudad-real","status":"publish","type":"post","link":"https:\/\/vozcomoarma.noblogs.org\/?p=19714","title":{"rendered":"Jornadas Feministas en Ciudad Real"},"content":{"rendered":"<p align=\"justify\">Compa\u00f1eras de Ciudad Real enviaron por mail la informaci\u00f3n de esta convocatoria para las jornadas feministas que preparan para los pr\u00f3ximos d\u00edas 19 y 20 de mayo y que se llevar\u00e1n a cabo en la Casa del Parque, en el parque Gasset. Las jornadas constar\u00e1n del siguiente programa de actividades (tened en cuenta que algunas actividades ser\u00e1n no-mixtas):<\/p>\n<p>&#8212;&#8212;&#8212;&#8212;&#8212;&#8212;&#8212;&#8212;&#8212;&#8212;&#8212;&#8212;&#8212;<\/p>\n<h3 class=\"western\" align=\"justify\"><em><strong>S\u00e1bado 19 de mayo.<\/strong><\/em><\/h3>\n<p align=\"justify\"><em>\u2022<strong>11:00h <\/strong>Apertura y bienvenida.<\/em><\/p>\n<p align=\"justify\"><em>\u2022<strong>11:30h<\/strong> Violencia de G\u00e9nero: una aproximaci\u00f3n te\u00f3rica desde una perspectiva feminista.<\/em><\/p>\n<p align=\"justify\"><em>En la charla se ver\u00e1n conceptos b\u00e1sicos as\u00ed como se abordar\u00e1 el proceso y los distintos mitos de la Violencia de G\u00e9nero.<\/em><\/p>\n<p align=\"justify\"><em>\u2022<strong>13:00h<\/strong> Taller. Hac\u00eda la reconciliaci\u00f3n con nuestros miedos.<\/em><\/p>\n<p align=\"justify\"><em>Sentir miedo es algo natural lo importante es el aprender a reaccionar ante \u00e9l. Con este taller pretendemos buscar herramientas de manera colectiva para aprender a convivir con nuestros miedos desde una perspectiva feminista.<\/em><br \/>\n<strong><em> Actividad no mixta. Para mujeres, identidades femeninas y no binarias.<\/em><\/strong><br \/>\n<strong><em> &gt;Plazas limitadas, inscripci\u00f3n en: <a href=\"mailto:nofeminismnoparty@riseup.net\">nofeminismnoparty@riseup.net<\/a><\/em><\/strong><\/p>\n<p align=\"justify\"><em>\u2022<strong>15:00h<\/strong> Comedor vegano.<\/em><\/p>\n<p align=\"justify\"><em>\u2022<strong>17:00h<\/strong> Charla. Una condena compartida. Mujer, prisi\u00f3n y maternidad entre rejas.<\/em><\/p>\n<p align=\"justify\"><em>Se abordar\u00e1 de manera general la situaci\u00f3n que sufren las mujeres en el sistema penitenciario, visibilizando c\u00f3mo las c\u00e1rceles reproducen el sistema patriarcal llev\u00e1ndolo al extremo. Adem\u00e1s se har\u00e1 especial menci\u00f3n a la realidad que viven lxs ni\u00f1as y ni\u00f1xs que acompa\u00f1an a sus madres en algunos centros penintenciarios.<\/em><\/p>\n<p align=\"justify\"><em>\u2022<strong>19:00h<\/strong> Psiquiatrizaci\u00f3n de la violencia machista: el diagn\u00f3stico TLP.<\/em><\/p>\n<p align=\"justify\"><em>\u00bfQu\u00e9 pasa cu\u00e1ndo la sintomatolog\u00eda de una supuesta enfermedad mental coincide con los s\u00edntomas de alguien que est\u00e1 sufriendo violencia machista?<\/em><\/p>\n<p align=\"justify\"><em>Mujer con una autoimagen da\u00f1ada, hipersexualizada, impulsiva, depresiva y con miedo patol\u00f3gico al abandono. El diagn\u00f3stico de Trastorno L\u00edmite de la Personalidad, casi siempre diagnosticado a mujeres, se solapa con una vida de maltrato.<\/em><\/p>\n<p align=\"justify\"><em>Una relaci\u00f3n de maltrato se convierte en un problema colectivo que todas deber\u00edamos saber identificar y ayudar lejos de una in\u00fatil psiquiatrizaci\u00f3n.<\/em><\/p>\n<p align=\"justify\"><em>\u2022<strong>21:00h<\/strong> Cenador vegano.<\/em><\/p>\n<p align=\"justify\"><em>\u2022<strong>21:30h<\/strong> Proyecci\u00f3n del documental \u201cLas que faltaban\u201d.<\/em><\/p>\n<h3 class=\"western\" align=\"justify\"><em><strong>Domingo 20 de mayo.<\/strong><\/em><\/h3>\n<p align=\"justify\"><em>\u2022<strong>11:30h<\/strong> Taller. Introducci\u00f3n a la autodefensa digital feminista. No mixto.\u00a0 <\/em><\/p>\n<p align=\"justify\"><em><strong>&gt;Portatil opcional y plazas limitadas, inscripci\u00f3n en:<\/strong> <a href=\"mailto:nofeminismnoparty@riseup.net\">nofeminismnoparty@riseup.net<\/a><\/em><\/p>\n<p align=\"justify\"><em>\u2022<strong>13:30h<\/strong> Taller de autodefensa.<\/em><\/p>\n<p align=\"justify\"><em>Aprenderemos t\u00e9cnicas b\u00e1sicas de autodefensa que nos inviten a reconocer nuestros cuerpos y poderes ante situaciones de agresi\u00f3n. El taller est\u00e1 indicado para todo tipo de mujeres.<\/em><br \/>\n<strong><em> No mixto. Para mujeres, identidades femeninas y no binarias.<\/em><\/strong><br \/>\n<strong><em> &gt;Plazas limitadas, inscripci\u00f3n en: <a href=\"mailto:nofeminismnoparty@riseup.net\">nofeminismnoparty@riseup.net<\/a><\/em><\/strong><\/p>\n<p align=\"justify\"><em>\u2022<strong>15:00h<\/strong> Comedor vegano.<\/em><\/p>\n<p align=\"justify\"><em>\u2022<strong>17:00h<\/strong> Charla-presentaci\u00f3n de Rudas, empoderamiento feminista.<\/em><\/p>\n<p align=\"justify\"><em>\u2022<strong>18:30h<\/strong> Cierre de las jornadas.<\/em><\/p>\n<p align=\"justify\"><strong><em>**Durante todo el fin de semana habr\u00e1 un espacio para les peques con actividades para elles: cuentacuentos, pinturas, juegos\u2026<\/em><\/strong><\/p>\n<p align=\"justify\"><img loading=\"lazy\" decoding=\"async\" class=\"size-full wp-image-19715 aligncenter\" src=\"https:\/\/vozcomoarma.noblogs.org\/files\/2018\/05\/programa_jornadas-feministas-CR.jpg\" alt=\"\" width=\"892\" height=\"1261\" srcset=\"https:\/\/vozcomoarma.noblogs.org\/files\/2018\/05\/programa_jornadas-feministas-CR.jpg 892w, https:\/\/vozcomoarma.noblogs.org\/files\/2018\/05\/programa_jornadas-feministas-CR-212x300.jpg 212w, https:\/\/vozcomoarma.noblogs.org\/files\/2018\/05\/programa_jornadas-feministas-CR-768x1086.jpg 768w, https:\/\/vozcomoarma.noblogs.org\/files\/2018\/05\/programa_jornadas-feministas-CR-724x1024.jpg 724w\" sizes=\"auto, (max-width: 892px) 100vw, 892px\" \/><\/p>\n","protected":false},"excerpt":{"rendered":"<p>Compa\u00f1eras de Ciudad Real enviaron por mail la informaci\u00f3n de esta convocatoria para las jornadas feministas que preparan para los pr\u00f3ximos d\u00edas 19 y 20 de mayo y que se llevar\u00e1n a cabo en la Casa del Parque, en el &hellip; <a href=\"https:\/\/vozcomoarma.noblogs.org\/?p=19714\">Sigue leyendo <span class=\"meta-nav\">&rarr;<\/span><\/a><\/p>\n","protected":false},"author":7045,"featured_media":0,"comment_status":"closed","ping_status":"open","sticky":false,"template":"","format":"standard","meta":{"footnotes":""},"categories":[59,61,9],"tags":[49,332,82,42],"class_list":["post-19714","post","type-post","status-publish","format-standard","hentry","category-convocatorias","category-noticias","category-noticias-y-comunicados","tag-anti-sexismo","tag-ciudad-real","tag-machirulismo-abusos-de-genero","tag-movimientos-sociales"],"_links":{"self":[{"href":"https:\/\/vozcomoarma.noblogs.org\/index.php?rest_route=\/wp\/v2\/posts\/19714","targetHints":{"allow":["GET"]}}],"collection":[{"href":"https:\/\/vozcomoarma.noblogs.org\/index.php?rest_route=\/wp\/v2\/posts"}],"about":[{"href":"https:\/\/vozcomoarma.noblogs.org\/index.php?rest_route=\/wp\/v2\/types\/post"}],"author":[{"embeddable":true,"href":"https:\/\/vozcomoarma.noblogs.org\/index.php?rest_route=\/wp\/v2\/users\/7045"}],"replies":[{"embeddable":true,"href":"https:\/\/vozcomoarma.noblogs.org\/index.php?rest_route=%2Fwp%2Fv2%2Fcomments&post=19714"}],"version-history":[{"count":2,"href":"https:\/\/vozcomoarma.noblogs.org\/index.php?rest_route=\/wp\/v2\/posts\/19714\/revisions"}],"predecessor-version":[{"id":19717,"href":"https:\/\/vozcomoarma.noblogs.org\/index.php?rest_route=\/wp\/v2\/posts\/19714\/revisions\/19717"}],"wp:attachment":[{"href":"https:\/\/vozcomoarma.noblogs.org\/index.php?rest_route=%2Fwp%2Fv2%2Fmedia&parent=19714"}],"wp:term":[{"taxonomy":"category","embeddable":true,"href":"https:\/\/vozcomoarma.noblogs.org\/index.php?rest_route=%2Fwp%2Fv2%2Fcategories&post=19714"},{"taxonomy":"post_tag","embeddable":true,"href":"https:\/\/vozcomoarma.noblogs.org\/index.php?rest_route=%2Fwp%2Fv2%2Ftags&post=19714"}],"curies":[{"name":"wp","href":"https:\/\/api.w.org\/{rel}","templated":true}]}}