{"id":19774,"date":"2018-05-29T19:13:45","date_gmt":"2018-05-29T17:13:45","guid":{"rendered":"https:\/\/vozcomoarma.noblogs.org\/?p=19774"},"modified":"2018-05-29T19:24:44","modified_gmt":"2018-05-29T17:24:44","slug":"el-valor-de-los-cristales-por-a-irmandade-da-costa","status":"publish","type":"post","link":"https:\/\/vozcomoarma.noblogs.org\/?p=19774","title":{"rendered":"\u00abEl valor de los cristales\u00bb, por A Irmandade da Costa"},"content":{"rendered":"<p class=\"western\" lang=\"es-ES\" align=\"justify\">Hace unos d\u00edas, fue desalojado en A Coru\u00f1a (Galiza) el Centro Social Okupado A Insumisa. El ayuntamiento \u00abdel cambio\u00bb de Marea Atl\u00e1ntica, partido socialdem\u00f3crata que pretende convencernos de la buena fe de su dominaci\u00f3n \u00abbenigna\u00bb y \u00abciudadana\u00bb, destruy\u00f3 un nuevo espacio para la lucha y la creaci\u00f3n pol\u00edtica y cultural al margen del poder y sus instituciones, agentes y ataduras. Su excusa fue descarada, pretend\u00edan crear un \u00abcentro cultural para la ciudadan\u00eda\u00bb, es decir, pretend\u00edan suplantar una de las principales funciones que ya desarrollaba el CSO, pero control\u00e1ndolo ellos, ya que la idea de que exista un espacio beligerante con toda autoridad y cuyos valores chocan con el poder al fomentar la autogesti\u00f3n, la responsabilidad individual y colectiva y el apoyo mutuo frente a los valores competitivos del Estado, no interesa. El cinismo de la Marea tras el desalojo, donde su polic\u00eda local se ensa\u00f1\u00f3 con las cabezas y articulaciones de compa\u00f1eres solidaries, dejando m\u00e1s de 10 herides, algunes de elles con lesiones de consideraci\u00f3n que necesitaron varios puntos de sutura, fue igual de repugnante, c\u00ednico y rastrero.<\/p>\n<p lang=\"es-ES\" align=\"justify\">En este contexto, el local de Marea Atl\u00e1ntica en la coru\u00f1esa Plaza del Humor recibi\u00f3 una vengativa visita nocturna en la que tras forzar la verja exterior, un grupo de encapuchades accedi\u00f3 al interior destrozando a mazazo limpio cristales, puertas y otros elementos del inmueble, que qued\u00f3 en un estado un tanto desastroso. Cosas que pasan cuando un partido formado por ex-miembros de asambleas de okupaci\u00f3n y movimientos alternativos decide traicionar todos los valores defendidos con anterioridad (incluso en los primeros pasos de su partidito, cuando promet\u00edan que no interferir\u00edan en los movimientos pol\u00edticos de car\u00e1cter independiente y aut\u00f3nomo) y destruir un proyecto como el CSO A Insumisa mediante golpes y spray de pimienta. Porque Marea ped\u00eda di\u00e1logo sin entender que cuando la pregunta es violenta, es probable que la respuesta tambi\u00e9n lo sea.<\/p>\n<p lang=\"es-ES\" align=\"justify\">A continuaci\u00f3n, sigue el texto <strong><em>\u00abEl valor de los cristales\u00bb<\/em><\/strong>, tomado del blog anarquista coru\u00f1\u00e9s A Irmandade da Costa, y que contiene una reflexi\u00f3n al respecto de las m\u00e1s que predecibles reacciones de condena de ciertos sectores de la <em>\u00abciudadan\u00eda-de-bien\u00bb<\/em>, para la cual parece resultar muy violento el destrozo a golpes de unos cristales pero no en cambio el destrozo a golpes de las cabezas y los huesos de manifestantes solidaries y luchadores sociales.<\/p>\n<p lang=\"es-ES\" align=\"justify\"><strong>DIEZ, CIEN, MIL CENTROS SOCIALES<\/strong><\/p>\n<p lang=\"es-ES\" align=\"justify\">&#8212;&#8212;&#8212;&#8212;&#8212;&#8212;&#8211;<\/p>\n<p align=\"JUSTIFY\"><em>Unos pobres cristalitos amanecieron rotos. Al parecer sufrieron mucho, a juzgar por el horror levantado entre pol\u00edticos biempensantes y ciudadanos respetables. Debieron de pasarlo realmente mal cuando unos crueles desaprensivos decidieron golpearlos con sa\u00f1a y nocturnidad. No como los okupas a los que les abrieron las cabezas a porrazos, eso es mucho m\u00e1s normal y exento de crueldad. Todo el mundo sabe que apalear perroflautas es un acto de lo m\u00e1s respetable dentro del estado de derecho\u2026 pero los pobres cristalitos, esos s\u00ed que debieron sufrir lo indecible en su ag\u00f3nico martirio. Adem\u00e1s es por todos conocido que nuestro sistema democr\u00e1tico se sustenta mucho m\u00e1s en cristalinos escaparates que en las aporreables cabezas de las chusmas disidentes.<\/em><\/p>\n<p align=\"JUSTIFY\"><em>Porque romper cristales es un acto de violencia, mientras que desalojar Centros Sociales a golpe de porra y gas pimienta es un ejemplo de filantr\u00f3pico compromiso ciudadanista. Quiz\u00e1 las okupas deber\u00edan de haber puesto la otra mejilla\u2026 as\u00ed quedar\u00edan ambas mejillas compensadas con otros nueve puntos de sutura.<\/em><\/p>\n<p align=\"JUSTIFY\"><em>\u00a1Ya les vale tomarla con los cristales! \u00a1Qu\u00e9 horrenda desfachatez! Si a\u00fan hubieran \u201cno cargado\u201d contra Roc\u00edo Fraga, contusion\u00e1ndola, gaspiment\u00e1ndola y abri\u00e9ndole la cabeza, la respuesta habr\u00eda sido mucho m\u00e1s proporcionada\u2026 aunque quiz\u00e1 no vale lo mismo la cabeza abierta de un pol\u00edtico que la de quince perroflautas apaleados. Es un l\u00edo esta aritm\u00e9tica biempensante de educaci\u00f3n para la ciudadan\u00eda.<\/em><\/p>\n<p align=\"JUSTIFY\"><em>Porque cuando se ahogan los sinpapeles en el estrecho no es violencia, como tampoco lo es cuando se mueren mientras corren con la polic\u00eda \u201cdel cambio\u201d a sus espaldas. Que te echen de tu piso despu\u00e9s de haber sido enga\u00f1ado por un banco rescatado por el Estado tampoco es violencia. No lo es tampoco no poder alimentar a tus hijos por falta del trabajo cuyo derecho te garantiza la constituci\u00f3n. Destruir con sangre y porrazos los espacios liberados, gestionados de forma libre, horizontal y participativa evidentemente tampoco es violencia, sino la pol\u00edtica del cambio. Al parecer la violencia es romper unos pocos cristales en respuesta desesperada a la monol\u00edtica y opresiva no violencia del Estado.<\/em><\/p>\n<p align=\"JUSTIFY\"><strong><em>\u00a1Cerremos filas contra la violencia y demos-cracias al se\u00f1or!<\/em><\/strong><\/p>\n<p align=\"JUSTIFY\"><strong><em>C.R.<\/em><\/strong><\/p>\n<p align=\"JUSTIFY\"><img loading=\"lazy\" decoding=\"async\" class=\"alignnone size-full wp-image-19785\" src=\"https:\/\/vozcomoarma.noblogs.org\/files\/2018\/05\/2018052621591570351-1.jpg\" alt=\"\" width=\"840\" height=\"430\" srcset=\"https:\/\/vozcomoarma.noblogs.org\/files\/2018\/05\/2018052621591570351-1.jpg 840w, https:\/\/vozcomoarma.noblogs.org\/files\/2018\/05\/2018052621591570351-1-300x154.jpg 300w, https:\/\/vozcomoarma.noblogs.org\/files\/2018\/05\/2018052621591570351-1-768x393.jpg 768w\" sizes=\"auto, (max-width: 840px) 100vw, 840px\" \/><img loading=\"lazy\" decoding=\"async\" class=\"alignnone size-full wp-image-19784\" src=\"https:\/\/vozcomoarma.noblogs.org\/files\/2018\/05\/00-109-1.jpg\" alt=\"\" width=\"1000\" height=\"563\" srcset=\"https:\/\/vozcomoarma.noblogs.org\/files\/2018\/05\/00-109-1.jpg 1000w, https:\/\/vozcomoarma.noblogs.org\/files\/2018\/05\/00-109-1-300x169.jpg 300w, https:\/\/vozcomoarma.noblogs.org\/files\/2018\/05\/00-109-1-768x432.jpg 768w\" sizes=\"auto, (max-width: 1000px) 100vw, 1000px\" \/><\/p>\n","protected":false},"excerpt":{"rendered":"<p>Hace unos d\u00edas, fue desalojado en A Coru\u00f1a (Galiza) el Centro Social Okupado A Insumisa. El ayuntamiento \u00abdel cambio\u00bb de Marea Atl\u00e1ntica, partido socialdem\u00f3crata que pretende convencernos de la buena fe de su dominaci\u00f3n \u00abbenigna\u00bb y \u00abciudadana\u00bb, destruy\u00f3 un nuevo &hellip; <a href=\"https:\/\/vozcomoarma.noblogs.org\/?p=19774\">Sigue leyendo <span class=\"meta-nav\">&rarr;<\/span><\/a><\/p>\n","protected":false},"author":7045,"featured_media":0,"comment_status":"closed","ping_status":"open","sticky":false,"template":"","format":"standard","meta":{"footnotes":""},"categories":[58,61,9],"tags":[62,21,16,42,37,24,19,10],"class_list":["post-19774","post","type-post","status-publish","format-standard","hentry","category-acciones","category-noticias","category-noticias-y-comunicados","tag-desalojo","tag-disturbios","tag-guerra-social","tag-movimientos-sociales","tag-okupacion","tag-reflexion","tag-represion","tag-sabotaje"],"_links":{"self":[{"href":"https:\/\/vozcomoarma.noblogs.org\/index.php?rest_route=\/wp\/v2\/posts\/19774","targetHints":{"allow":["GET"]}}],"collection":[{"href":"https:\/\/vozcomoarma.noblogs.org\/index.php?rest_route=\/wp\/v2\/posts"}],"about":[{"href":"https:\/\/vozcomoarma.noblogs.org\/index.php?rest_route=\/wp\/v2\/types\/post"}],"author":[{"embeddable":true,"href":"https:\/\/vozcomoarma.noblogs.org\/index.php?rest_route=\/wp\/v2\/users\/7045"}],"replies":[{"embeddable":true,"href":"https:\/\/vozcomoarma.noblogs.org\/index.php?rest_route=%2Fwp%2Fv2%2Fcomments&post=19774"}],"version-history":[{"count":6,"href":"https:\/\/vozcomoarma.noblogs.org\/index.php?rest_route=\/wp\/v2\/posts\/19774\/revisions"}],"predecessor-version":[{"id":19787,"href":"https:\/\/vozcomoarma.noblogs.org\/index.php?rest_route=\/wp\/v2\/posts\/19774\/revisions\/19787"}],"wp:attachment":[{"href":"https:\/\/vozcomoarma.noblogs.org\/index.php?rest_route=%2Fwp%2Fv2%2Fmedia&parent=19774"}],"wp:term":[{"taxonomy":"category","embeddable":true,"href":"https:\/\/vozcomoarma.noblogs.org\/index.php?rest_route=%2Fwp%2Fv2%2Fcategories&post=19774"},{"taxonomy":"post_tag","embeddable":true,"href":"https:\/\/vozcomoarma.noblogs.org\/index.php?rest_route=%2Fwp%2Fv2%2Ftags&post=19774"}],"curies":[{"name":"wp","href":"https:\/\/api.w.org\/{rel}","templated":true}]}}