{"id":19786,"date":"2018-05-29T19:41:54","date_gmt":"2018-05-29T17:41:54","guid":{"rendered":"https:\/\/vozcomoarma.noblogs.org\/?p=19786"},"modified":"2018-05-29T20:13:20","modified_gmt":"2018-05-29T18:13:20","slug":"registros-en-viviendas-de-companeres-en-madrid","status":"publish","type":"post","link":"https:\/\/vozcomoarma.noblogs.org\/?p=19786","title":{"rendered":"Registros en viviendas de compa\u00f1eres en Madrid"},"content":{"rendered":"<p align=\"JUSTIFY\">Seg\u00fan informaciones recibidas por este blog mediante correo electr\u00f3nico y fuentes m\u00e1s cercanas, los maderos habr\u00edan efectuado esta ma\u00f1ana registros en varias viviendas de compa\u00f1eres de distintos puntos de la ciudad de Madrid. Hasta donde hemos tenido conocimiento, habr\u00edan sido allanadas por la polic\u00eda dos viviendas en\u00a0 el barrio de Carabanchel y una en la zona de Bravo Murillo en el barrio de Tetu\u00e1n.<\/p>\n<p align=\"JUSTIFY\">Los allanamientos estar\u00edan enmarcados en una nueva investigaci\u00f3n a nivel europeo y en la que tambi\u00e9n se habr\u00edan producido intervenciones policiales similares en Francia, Suiza e Italia, en relaci\u00f3n al desplazamiento de activistas de estos pa\u00edses a la ciudad alemana de Hamburgo en julio del a\u00f1o pasado, 2017, para participar en las movilizaciones contra la cumbre del G-20.<\/p>\n<p align=\"JUSTIFY\">De momento no habr\u00eda detenides y permanecemos a la espera de m\u00e1s informaci\u00f3n. Habr\u00eda procesos investigativos abiertos, con lo que no se descartar\u00edan m\u00e1s maniobras policiales.<\/p>\n","protected":false},"excerpt":{"rendered":"<p>Seg\u00fan informaciones recibidas por este blog mediante correo electr\u00f3nico y fuentes m\u00e1s cercanas, los maderos habr\u00edan efectuado esta ma\u00f1ana registros en varias viviendas de compa\u00f1eres de distintos puntos de la ciudad de Madrid. Hasta donde hemos tenido conocimiento, habr\u00edan sido &hellip; <a href=\"https:\/\/vozcomoarma.noblogs.org\/?p=19786\">Sigue leyendo <span class=\"meta-nav\">&rarr;<\/span><\/a><\/p>\n","protected":false},"author":7045,"featured_media":0,"comment_status":"closed","ping_status":"open","sticky":false,"template":"","format":"standard","meta":{"footnotes":""},"categories":[61,9],"tags":[51,54,16,38,67,42,19,55],"class_list":["post-19786","post","type-post","status-publish","format-standard","hentry","category-noticias","category-noticias-y-comunicados","tag-alemania","tag-francia","tag-guerra-social","tag-italia","tag-madrid","tag-movimientos-sociales","tag-represion","tag-suiza"],"_links":{"self":[{"href":"https:\/\/vozcomoarma.noblogs.org\/index.php?rest_route=\/wp\/v2\/posts\/19786","targetHints":{"allow":["GET"]}}],"collection":[{"href":"https:\/\/vozcomoarma.noblogs.org\/index.php?rest_route=\/wp\/v2\/posts"}],"about":[{"href":"https:\/\/vozcomoarma.noblogs.org\/index.php?rest_route=\/wp\/v2\/types\/post"}],"author":[{"embeddable":true,"href":"https:\/\/vozcomoarma.noblogs.org\/index.php?rest_route=\/wp\/v2\/users\/7045"}],"replies":[{"embeddable":true,"href":"https:\/\/vozcomoarma.noblogs.org\/index.php?rest_route=%2Fwp%2Fv2%2Fcomments&post=19786"}],"version-history":[{"count":2,"href":"https:\/\/vozcomoarma.noblogs.org\/index.php?rest_route=\/wp\/v2\/posts\/19786\/revisions"}],"predecessor-version":[{"id":19789,"href":"https:\/\/vozcomoarma.noblogs.org\/index.php?rest_route=\/wp\/v2\/posts\/19786\/revisions\/19789"}],"wp:attachment":[{"href":"https:\/\/vozcomoarma.noblogs.org\/index.php?rest_route=%2Fwp%2Fv2%2Fmedia&parent=19786"}],"wp:term":[{"taxonomy":"category","embeddable":true,"href":"https:\/\/vozcomoarma.noblogs.org\/index.php?rest_route=%2Fwp%2Fv2%2Fcategories&post=19786"},{"taxonomy":"post_tag","embeddable":true,"href":"https:\/\/vozcomoarma.noblogs.org\/index.php?rest_route=%2Fwp%2Fv2%2Ftags&post=19786"}],"curies":[{"name":"wp","href":"https:\/\/api.w.org\/{rel}","templated":true}]}}