{"id":20344,"date":"2018-08-14T13:48:37","date_gmt":"2018-08-14T11:48:37","guid":{"rendered":"https:\/\/vozcomoarma.noblogs.org\/?p=20344"},"modified":"2018-08-14T13:48:37","modified_gmt":"2018-08-14T11:48:37","slug":"reino-unido-sabotajes-en-bristol-al-coche-de-un-conocido-fascista","status":"publish","type":"post","link":"https:\/\/vozcomoarma.noblogs.org\/?p=20344","title":{"rendered":"Reino Unido &#8211; Sabotajes en Bristol al coche de un conocido fascista"},"content":{"rendered":"<p align=\"justify\">A continuaci\u00f3n, tras traducirlo desde <strong><a href=\"https:\/\/325.nostate.net\/2018\/08\/12\/known-fascist-has-car-vandalised-in-bristol-uk\/\">325<\/a><\/strong>, dejo el comunicado que reivindica pintadas, ruedas pinchadas y carrocer\u00eda rayada en el veh\u00edculo particular de un conocido neonazi polaco residente en Bristol, Reino Unido. La acci\u00f3n se llev\u00f3 a cabo en memoria de Anna Campbell, compa\u00f1era de Bristol activa en luchas anarquistas, transfeministas y por la liberaci\u00f3n animal, que perdi\u00f3 la vida en un bombardeo turco sobre Afr\u00edn, a donde la compa\u00f1era se hab\u00eda desplazado para contribu\u00edr al proceso revolucionario en Rojava y a la derrota del ISIS y de la geopol\u00edtica imperialista en Oriente Medio, como miembro de las YPJ bajo el pseud\u00f3nimo de Anna Hevlin.<\/p>\n<p align=\"justify\">&#8212;&#8212;&#8212;&#8212;&#8212;&#8212;&#8212;&#8212;&#8212;&#8212;&#8212;&#8212;&#8212;-<\/p>\n<p align=\"justify\"><em>El guitarrista de \u00abQueensbury Rules\u00bb (una banda musical af\u00edn a &#8216;Blood &amp; Honour&#8217;*) recibi\u00f3 sabotajes a su coche en la madrugada del 7 de agosto.<\/em><\/p>\n<p align=\"justify\"><em>Wojciech (Woj) Wasilewski, un conocido fascista, acab\u00f3 con las 4 ruedas de su coche pinchadas, la carrocer\u00eda rayada y un mensaje pintado con spray que dice: <strong>\u00abWof=Fascista\u00bb<\/strong> y en el otro lado <strong>\u00ab\u2665 ANNA YPJ\u00bb<\/strong>.<\/em><\/p>\n<p align=\"justify\"><em>El coche estaba aparcado en la calle Trinity (New Town) en St Philips, y a veces aparca en Hassel Drive, ambas cerca de la comisar\u00eda de polic\u00eda de Trinity, en Bristol. Su coche es un Hyundai rojo matr\u00edcula: EA60TWX<\/em><\/p>\n<p align=\"justify\"><em>Woj y sus amigos polacos viven sobre \u00abSkin Deep\u00bb, una tienda de tatuajes en Old Market (cerca de donde el coche estaba aparcado). La tienda es de &#8216;Ozzie&#8217;, un viejo miembro del Frente Nacional de Kingswood, Bristol.<\/em><\/p>\n<p lang=\"es-ES\" align=\"justify\"><em>Woj ha sido visto llevando una camiseta de &#8216;Queensbury Rules&#8217; con &#8216;Pie &amp; Mash&#8217; impreso en la parte posterior (rima cockney para &#8216;Fascista&#8217;). Tambi\u00e9n ten\u00eda el lema: \u00abCinco peque\u00f1as palabras\u00bb que significa \u00abVamos a donde queramos\u00bb. Pero la realidad es que no, sus actuaciones son muy reservadas, as\u00ed que decidimos ir por debajo del cintur\u00f3n y darle una patada en los cojones.<\/em><\/p>\n<p align=\"justify\"><em>Hay un graffiti cerca del piso de Woj, el cual est\u00e1 separado de este ataque, pero que tambi\u00e9n menciona a Anna Campbell: \u00ab<span lang=\"es-ES\">Cuando luchas contra el fascismo, las reglas de enfrentamiento deben ser las tuyas propias\u00bb.<\/span><\/em><\/p>\n<p align=\"justify\"><strong><em>C\u00e9lula Ll\u00e9valos al Punto Ciego<\/em><\/strong><\/p>\n<p align=\"justify\">&#8212;&#8212;&#8212;&#8212;&#8212;&#8212;&#8212;&#8212;&#8212;&#8212;&#8212;-<\/p>\n<p align=\"justify\"><strong>* Nota de La Rebeli\u00f3n de las Palabras:<\/strong> Blood &amp; Honour (Sangre y Honor) es una organizaci\u00f3n neonazi y abiertamente racista internacional, con una gran cantidad de miembros repartidos entre diferentes pa\u00edses. Tambi\u00e9n tiene relaciones muy cordiales con el KKK en EE.UU. y con diferentes agrupaciones fascistas, ulltraderechistas y supremacistas blancas europeas.<\/p>\n","protected":false},"excerpt":{"rendered":"<p>A continuaci\u00f3n, tras traducirlo desde 325, dejo el comunicado que reivindica pintadas, ruedas pinchadas y carrocer\u00eda rayada en el veh\u00edculo particular de un conocido neonazi polaco residente en Bristol, Reino Unido. La acci\u00f3n se llev\u00f3 a cabo en memoria de &hellip; <a href=\"https:\/\/vozcomoarma.noblogs.org\/?p=20344\">Sigue leyendo <span class=\"meta-nav\">&rarr;<\/span><\/a><\/p>\n","protected":false},"author":7045,"featured_media":0,"comment_status":"closed","ping_status":"open","sticky":false,"template":"","format":"standard","meta":{"footnotes":""},"categories":[58,61,9],"tags":[14,35,188,16,42,34,10,11],"class_list":["post-20344","post","type-post","status-publish","format-standard","hentry","category-acciones","category-noticias","category-noticias-y-comunicados","tag-anti-fascismo","tag-asesinato-de-estado","tag-conflicto-kurdo","tag-guerra-social","tag-movimientos-sociales","tag-racismo","tag-sabotaje","tag-solidaridad"],"_links":{"self":[{"href":"https:\/\/vozcomoarma.noblogs.org\/index.php?rest_route=\/wp\/v2\/posts\/20344","targetHints":{"allow":["GET"]}}],"collection":[{"href":"https:\/\/vozcomoarma.noblogs.org\/index.php?rest_route=\/wp\/v2\/posts"}],"about":[{"href":"https:\/\/vozcomoarma.noblogs.org\/index.php?rest_route=\/wp\/v2\/types\/post"}],"author":[{"embeddable":true,"href":"https:\/\/vozcomoarma.noblogs.org\/index.php?rest_route=\/wp\/v2\/users\/7045"}],"replies":[{"embeddable":true,"href":"https:\/\/vozcomoarma.noblogs.org\/index.php?rest_route=%2Fwp%2Fv2%2Fcomments&post=20344"}],"version-history":[{"count":1,"href":"https:\/\/vozcomoarma.noblogs.org\/index.php?rest_route=\/wp\/v2\/posts\/20344\/revisions"}],"predecessor-version":[{"id":20345,"href":"https:\/\/vozcomoarma.noblogs.org\/index.php?rest_route=\/wp\/v2\/posts\/20344\/revisions\/20345"}],"wp:attachment":[{"href":"https:\/\/vozcomoarma.noblogs.org\/index.php?rest_route=%2Fwp%2Fv2%2Fmedia&parent=20344"}],"wp:term":[{"taxonomy":"category","embeddable":true,"href":"https:\/\/vozcomoarma.noblogs.org\/index.php?rest_route=%2Fwp%2Fv2%2Fcategories&post=20344"},{"taxonomy":"post_tag","embeddable":true,"href":"https:\/\/vozcomoarma.noblogs.org\/index.php?rest_route=%2Fwp%2Fv2%2Ftags&post=20344"}],"curies":[{"name":"wp","href":"https:\/\/api.w.org\/{rel}","templated":true}]}}