{"id":2064,"date":"2013-12-13T15:46:49","date_gmt":"2013-12-13T14:46:49","guid":{"rendered":"http:\/\/vozcomoarma.noblogs.org\/?p=2064"},"modified":"2014-01-27T20:01:46","modified_gmt":"2014-01-27T19:01:46","slug":"mientras-nelson-mandela-recibe-vitores-nadie-se-acuerda-de-mumia-abu-jamal-32-anos-sepultado-por-el-sistema-carcelario-yanki-y-contando","status":"publish","type":"post","link":"https:\/\/vozcomoarma.noblogs.org\/?p=2064","title":{"rendered":"Mientras Nelson Mandela recibe v\u00edtores, nadie se acuerda de Mumia Abu Jamal, 32 a\u00f1os sepultado por el sistema carcelario yanki y contando&#8230;"},"content":{"rendered":"<p style=\"text-align: justify\">En estos d\u00edas la palestra medi\u00e1tica fue invadida por noticias de todos los tipos sobre el fallecimiento de Nelson Mandela, de cuya lucha contra el apartheid se aprovechan ahora los poderes f\u00e1cticos para llenarse la boca una vez m\u00e1s con discursos de integraci\u00f3n racial. Olvidan que los mismos que en su d\u00eda desplegaron sus estrategias colonialistas y su brutalidad imperialista y racista sobre el sur del continente africano son quienes ahora ostentan gran parte del poder financiero global. El capital cambia de manos pero nunca de clase. Olvidan tambi\u00e9n esos periodistas que mientras lanzan sus alabanzas a Nelson Mandela y a su noble lucha contra la exclusi\u00f3n de las personas negras (de la cual por otro lado s\u00f3lo hablan parcialmente, pues muy poco cuentan acerca de su ac\u00e9rrima lucha armada contra la injusticia social y por la dignidad, y cuando tratan el tema es siempre en voz bajita, no sea que cunda el ejemplo) sus mentiras televisadas o impresas en peri\u00f3dicos contin\u00faan legitimando la consolidaci\u00f3n de un Estado policial que suprime las libertades y derechos m\u00e1s fundamentales y que, c\u00f3mo no, se ensa\u00f1a con las personas migrantes, que bien por carecer de papeles o bien por, simplemente, ser de otra etnia o nacionalidad, sufren el acoso de maderos e instituciones, perseguidxs en las calles, torturadxs en los CIE&#8217;s y asesinadxs impunemente en las fronteras. Se olvidan tambi\u00e9n de que el colonialismo de ayer en Sud\u00e1frica son las intervenciones de los genocidas de la OTAN en Afganist\u00e1n, Irak, Somalia, Libia, Siria y dentro de poco Mali. Nada cambia, y la esclavitud, si bien perdi\u00f3 parte de su preciado terreno, no fue derrotada, aunque como ya dijeron algunos sabios, el Estado\/Capital todo lo recupera y absorbe y c\u00f3mo no, hay que crear mitos, desmontando su historia y present\u00e1ndoles como h\u00e9roes de la libertad y la democracia, para seguir con su teatrillo de igualdad y bienestar para todxs, \u00a1el fin de la historia lo llaman!<\/p>\n<p style=\"text-align: justify\">Ojo, no es mi intenci\u00f3n en absoluto idealizar a Mandela. Tanto su opci\u00f3n de actuar como pol\u00edtico y escoger el camino de la presidencia perpetuando las jerarqu\u00edas estatistas, como el gran pastizal que su otrora precaria familia ostenta actualmente (con acciones en m\u00e1s de 110 empresas que van desde el sector inmobiliario hasta la miner\u00eda salvaje pasando por una larga lista de corporaciones dedicadas a actividades nocivas y especulativas, y que proporcionaron a la familia Mandela una herencia valorada en m\u00e1s de 16 millones de d\u00f3lares) revelan que, una vez m\u00e1s, en este mundo de mierda, tienes que estar forrado de dinero para que esos medios de comunicaci\u00f3n-empresa multinacional controlados por el gran capital hablen bien de ti y para que en tu funeral aparezcan figuritas tan insignes como la de los pr\u00edncipes de Asturias (que ahora hablan de Mandela como paradigma de la lucha contra la discriminaci\u00f3n pero que cada 12 de octubre celebran con ostentosos desfiles militares el genocidio racista cometido en Am\u00e9rica por las tropas espa\u00f1olas en 1492) o el presidente Obama de EE.UU. (que llora a Mandela mientras bombardea y tirotea indiscriminadamente a civiles inocentes en Oriente Medio en nombre de la santa globalizaci\u00f3n). No obstante, tampoco caer\u00e9 en el juego f\u00e1cil de demonizarle, reconociendo su lucha, en un periodo de su vida, y los resultados positivos que tal lucha trajo consigo.<\/p>\n<p style=\"text-align: justify\">De todos modos, es en EE.UU. donde ahora me gustar\u00eda detenerme. En sus mazmorras, sepultado, un verdadero ejemplo de lucha contra la exclusi\u00f3n, contra la discriminaci\u00f3n y contra la autoridad, Mumia Abu Jamal. El pasado 10 de diciembre se cumplieron 32 a\u00f1os desde su encarcelamiento, despu\u00e9s de que la sentencia inicial (pena de muerte) fuese conmutada a una cadena perpetua por la presi\u00f3n ejercida por diferentes movimientos solidarios.<\/p>\n<p style=\"text-align: justify\">Tras tomarlo de <a href=\"http:\/\/abordaxerevista.blogspot.com\/2013\/12\/eeuu-mumia-abu-jamal-32-anos.html\">Abordaxe!<\/a>, reproduzco aqu\u00ed el siguiente escrito difundido por el colectivo <a href=\"http:\/\/amigosdemumiamx.wordpress.com\/2013\/11\/28\/convocatoria-llevemos-a-mumia-a-casa-2\/\">Amig@s de Mumia en M\u00e9xico<\/a> durante un acto pol\u00edtico-cultural realizado ante la embajada estadounidense en el D.F. con motivo de este triste aniversario y de la muerte de Nelson Mandela, en un intento de impedir que los medios silencien a aquellxs activistas que de verdad lucharon y siguen luchando hasta el final:<\/p>\n<p style=\"text-align: justify\">&#8212;&#8212;&#8212;&#8212;&#8212;&#8212;&#8212;&#8212;&#8211;<\/p>\n<p align=\"JUSTIFY\"><em>\u00bfConocen su caso?<\/em><\/p>\n<p align=\"JUSTIFY\"><em>A la edad de 27 a\u00f1os, el periodista conocido como \u201cla voz de los sin voz\u201d fue incriminado por el asesinato de un polic\u00eda blanco y condenado a muerte debido a su historia con los Panteras Negras y MOVE \u2013\u2013dos organizaciones a las cuales el FBI y la polic\u00eda pol\u00edtica de Philadelphia hab\u00edan declarado la guerra desde hac\u00eda a\u00f1os.<\/em><\/p>\n<p align=\"JUSTIFY\"><em>Desde diciembre del 2011, Mumia ya no tiene la pena de muerte gracias al movimiento internacional en su apoyo, pero sus enemigxs en la polic\u00eda y fiscal\u00eda de Filadelfia juran que \u00e9l morir\u00e1 en prisi\u00f3n. Nuestra tarea es llevarlo a casa. Les invitamos a mostrar su apoyo por \u00e9l y todas las y los presxs pol\u00edticxs afuera de la embajada de Estados Unidos el lunes 9 de diciembre a las 12 del d\u00eda y tambi\u00e9n a participar en las otras actividades que llevaremos a cabo durante la semana anterior.<\/em><\/p>\n<p align=\"JUSTIFY\"><em>Tras los muros, el esp\u00edritu de lucha de Mumia Abu-Jamal no se apaga; por lo contrario, es m\u00e1s fuerte que nunca. Desde abajo y contra el poder, escribe sobre temas que van desde las guerras imperiales hasta la educaci\u00f3n, la historia y la m\u00fasica. Se solidariza con los movimientos por la justicia y la libertad en el mundo y exige libertad para otrxs presxs pol\u00edticxs como Leonard Peltier, \u201clos 9 de MOVE\u201d, Sundiata Acoli, Sekou Odinga, Dr. Mutulu Shakur y Albert Woodfox, entre muchxs otrxs.<\/em><\/p>\n<p align=\"JUSTIFY\"><em>Uno de los temas principales de sus escritos es el sistema carcelario estadounidense que encierra m\u00e1s de su propia gente que cualquier otro pa\u00eds del mundo, en su mayor\u00eda negra y latina. En particular, Mumia ha lanzado una campa\u00f1a contra el aislamiento prolongado en una celda, una forma de tortura que \u00e9l mismo vivi\u00f3 durante casi tres d\u00e9cadas.<\/em><\/p>\n<p align=\"JUSTIFY\"><em>Al protestar ante la embajada de Estados Unidos, decimos NO al exporte de este sistema carcelario a M\u00e9xico. Aqu\u00ed estamos viendo la construcci\u00f3n masiva de nuevas prisiones con cada vez m\u00e1s privatizaci\u00f3n, incluyendo las prisiones de s\u00faper m\u00e1xima seguridad denunciadas por presxs pol\u00edticxs mexicanxs que han estado recluidxs en ellas, como lxs presxs Loxicha en Oacaxa, cuya libertad exigimos, y Alberto Patisht\u00e1n, cuya reciente liberaci\u00f3n festejamos con mucha alegr\u00eda. Al salir libre, el profesor Patisht\u00e1n denunci\u00f3 la prisi\u00f3n supermax en Guasave, Sinaloa, como \u201cel cementerio de los vivos, el \u00fanico penal que conozco sin atenci\u00f3n de salud. Encierro toda la semana, con una hora al aire libre, ni un reloj, prohibido hablar, muerto todo.\u201d<\/em><\/p>\n<p align=\"JUSTIFY\"><em>En un momento cuando el magisterio se moviliza con apoyo estudiantil y de madres y padres de familia, cuando la autonom\u00eda zapatista se extiende, y cuando nuevos grupos de auto-defensa se organizan en el pa\u00eds, la mano dura del Estado se siente en M\u00e9xico bajo la tutela y financiamiento de Estados Unidos. Exigimos un fin a la criminalizaci\u00f3n y prohibici\u00f3n de la protesta social que ahora se hace bajo el pretexto de acabar con el enemigo de moda: \u201cel anarquismo\u201d.<\/em><\/p>\n<p align=\"JUSTIFY\"><em>Exigimos libertad para todxs lxs presxs pol\u00edticxs de Estados Unidos, M\u00e9xico y el mundo. Entre los m\u00e1s recientes que tenemos aqu\u00ed en M\u00e9xico son los del 2 de octubre \u2013\u2013 V\u00edctor, Salvador, Daniel, Adri\u00e1n, Ilia, Iribar, Alejandro y Abraham, detenidos sin fianza en el Reclusorio Norte, y Mario Gonz\u00e1lez, quien lleva una larga huelga de hambre en el Reclusorio Oriente. URGE su libertad porque su vida est\u00e1 en peligro. Tambi\u00e9n exigimos justicia para Carlos Sinuh\u00e9 Cuevas, Kuy Kendall y la presentaci\u00f3n con vida de Teodulfo Torres \u201cEl T\u00edo\u201d, unos compa\u00f1eros que durante a\u00f1os apoyaron a Mumia Abu-Jamal. De poder hacerlo, seguramente estar\u00edan con nosotrxs este 9 de diciembre.<\/em><\/p>\n<p align=\"JUSTIFY\"><em>\u00a1LIBERTAD PARA MUMIA ABU-JAMAL! \u00a1PRESAS Y PRESOS POL\u00cdTICXS LIBERTAD! \u00a1MUERTE AL SISTEMA CARCELARIO!<\/em><\/p>\n<p align=\"JUSTIFY\"><a href=\"https:\/\/vozcomoarma.noblogs.org\/files\/2013\/12\/cropped-mumiaembajada97.jpg\"><img loading=\"lazy\" decoding=\"async\" class=\"aligncenter size-full wp-image-2065\" alt=\"Mumia a la calle\" src=\"https:\/\/vozcomoarma.noblogs.org\/files\/2013\/12\/cropped-mumiaembajada97.jpg\" width=\"1000\" height=\"288\" srcset=\"https:\/\/vozcomoarma.noblogs.org\/files\/2013\/12\/cropped-mumiaembajada97.jpg 1000w, https:\/\/vozcomoarma.noblogs.org\/files\/2013\/12\/cropped-mumiaembajada97-300x86.jpg 300w\" sizes=\"auto, (max-width: 1000px) 100vw, 1000px\" \/><\/a><\/p>\n","protected":false},"excerpt":{"rendered":"<p>En estos d\u00edas la palestra medi\u00e1tica fue invadida por noticias de todos los tipos sobre el fallecimiento de Nelson Mandela, de cuya lucha contra el apartheid se aprovechan ahora los poderes f\u00e1cticos para llenarse la boca una vez m\u00e1s con &hellip; <a href=\"https:\/\/vozcomoarma.noblogs.org\/?p=2064\">Sigue leyendo <span class=\"meta-nav\">&rarr;<\/span><\/a><\/p>\n","protected":false},"author":7045,"featured_media":0,"comment_status":"closed","ping_status":"open","sticky":false,"template":"","format":"standard","meta":{"footnotes":""},"categories":[59,140,61,9,27,7,4],"tags":[17,65,16,152,42,34,24,19,11,71],"class_list":["post-2064","post","type-post","status-publish","format-standard","hentry","category-convocatorias","category-mumia-abu-jamal","category-noticias","category-noticias-y-comunicados","category-panfletos","category-presxs","category-publicaciones","tag-carcel","tag-ee-uu","tag-guerra-social","tag-historia","tag-movimientos-sociales","tag-racismo","tag-reflexion","tag-represion","tag-solidaridad","tag-tortura"],"_links":{"self":[{"href":"https:\/\/vozcomoarma.noblogs.org\/index.php?rest_route=\/wp\/v2\/posts\/2064","targetHints":{"allow":["GET"]}}],"collection":[{"href":"https:\/\/vozcomoarma.noblogs.org\/index.php?rest_route=\/wp\/v2\/posts"}],"about":[{"href":"https:\/\/vozcomoarma.noblogs.org\/index.php?rest_route=\/wp\/v2\/types\/post"}],"author":[{"embeddable":true,"href":"https:\/\/vozcomoarma.noblogs.org\/index.php?rest_route=\/wp\/v2\/users\/7045"}],"replies":[{"embeddable":true,"href":"https:\/\/vozcomoarma.noblogs.org\/index.php?rest_route=%2Fwp%2Fv2%2Fcomments&post=2064"}],"version-history":[{"count":1,"href":"https:\/\/vozcomoarma.noblogs.org\/index.php?rest_route=\/wp\/v2\/posts\/2064\/revisions"}],"predecessor-version":[{"id":2066,"href":"https:\/\/vozcomoarma.noblogs.org\/index.php?rest_route=\/wp\/v2\/posts\/2064\/revisions\/2066"}],"wp:attachment":[{"href":"https:\/\/vozcomoarma.noblogs.org\/index.php?rest_route=%2Fwp%2Fv2%2Fmedia&parent=2064"}],"wp:term":[{"taxonomy":"category","embeddable":true,"href":"https:\/\/vozcomoarma.noblogs.org\/index.php?rest_route=%2Fwp%2Fv2%2Fcategories&post=2064"},{"taxonomy":"post_tag","embeddable":true,"href":"https:\/\/vozcomoarma.noblogs.org\/index.php?rest_route=%2Fwp%2Fv2%2Ftags&post=2064"}],"curies":[{"name":"wp","href":"https:\/\/api.w.org\/{rel}","templated":true}]}}