{"id":20717,"date":"2018-11-03T13:18:55","date_gmt":"2018-11-03T12:18:55","guid":{"rendered":"https:\/\/vozcomoarma.noblogs.org\/?p=20717"},"modified":"2018-11-03T13:37:09","modified_gmt":"2018-11-03T12:37:09","slug":"jornadas-de-memoria-y-lucha-antifascista-zaragoza","status":"publish","type":"post","link":"https:\/\/vozcomoarma.noblogs.org\/?p=20717","title":{"rendered":"Jornadas de Memoria y Lucha Antifascista (Zaragoza)"},"content":{"rendered":"<p style=\"text-align: justify\">Compa\u00f1eres de Zaragoza organizan y comparten v\u00eda e-mail esta noticia sobre las jornadas de memoria y lucha antifascista que organizan para este mes de noviembre y que comenzar\u00e1n el s\u00e1bado que viene.<\/p>\n<p style=\"text-align: justify\">A continuaci\u00f3n el programa de actividades previstas:<\/p>\n<p style=\"text-align: justify\">&#8212;&#8212;&#8212;&#8212;&#8212;&#8212;&#8212;&#8212;&#8212;&#8212;<\/p>\n<p style=\"text-align: justify\"><em><b>JORNADAS DE MEMORIA Y LUCHA ANTIFASCISTA (NOVIEMBRE 2018)<\/b><\/em><\/p>\n<p style=\"text-align: justify\"><em><b>S\u00e1bado 10: Jornada antirracista a las 11:30 en el CSO Kike Mur.<\/b><\/em><br \/>\n<em>Org: 12N Zaragoza antirracista.<\/em><\/p>\n<p style=\"text-align: justify\"><em><b>Lunes 12: Concentraci\u00f3n por la memoria, la resistencia antirracista y la lucha decolonial a las 19h en la Plaza Espa\u00f1a.<\/b><\/em><br \/>\n<em>Org: 12N Zaragoza antirracista.<\/em><\/p>\n<p style=\"text-align: justify\"><em><b>Viernes 16: Charla\u00bbAnarquistas en la guerrilla antifranquista\u00bba las 19:30 en el CSO Kike Mur.<\/b><\/em><\/p>\n<p style=\"text-align: justify\"><em><b>Domingo 18: Comida popular a las 14:30h, teatro okupado \u00absketches e impros\u00bb a las 16:30 y charla \u00abPostfranquismo\u00bb con Fermin Escribano a las 18h en el CSO Kike Mur.<\/b><\/em><\/p>\n<p style=\"text-align: justify\"><em><b>Martes 20: Manifestaci\u00f3n Antifascista a las 19:30h en la Plaza de la Magdalena.<\/b><\/em><\/p>\n<p style=\"text-align: justify\"><em><b>Viernes 23: Acto para el 50 aniversario de la muerte de Amparo Poch. Tapeo, actuaci\u00f3n sorpresa y pinchada a las 20:30 en la Via L\u00e1ctea.<\/b><\/em><br \/>\n<em>Org: Anarcofeministas Zaragoza<\/em><\/p>\n<p style=\"text-align: justify\"><em><b>S\u00e1bado 24: Festival rap solidario a las 17h en el CSO Kike Mur.<\/b><\/em><\/p>\n<p><img loading=\"lazy\" decoding=\"async\" class=\"size-full wp-image-20723 aligncenter\" src=\"https:\/\/vozcomoarma.noblogs.org\/files\/2018\/11\/jornadas.jpg\" alt=\"\" width=\"1587\" height=\"2245\" srcset=\"https:\/\/vozcomoarma.noblogs.org\/files\/2018\/11\/jornadas.jpg 1587w, https:\/\/vozcomoarma.noblogs.org\/files\/2018\/11\/jornadas-212x300.jpg 212w, https:\/\/vozcomoarma.noblogs.org\/files\/2018\/11\/jornadas-768x1086.jpg 768w, https:\/\/vozcomoarma.noblogs.org\/files\/2018\/11\/jornadas-724x1024.jpg 724w\" sizes=\"auto, (max-width: 1587px) 100vw, 1587px\" \/><\/p>\n","protected":false},"excerpt":{"rendered":"<p>Compa\u00f1eres de Zaragoza organizan y comparten v\u00eda e-mail esta noticia sobre las jornadas de memoria y lucha antifascista que organizan para este mes de noviembre y que comenzar\u00e1n el s\u00e1bado que viene. A continuaci\u00f3n el programa de actividades previstas: &#8212;&#8212;&#8212;&#8212;&#8212;&#8212;&#8212;&#8212;&#8212;&#8212; &hellip; <a href=\"https:\/\/vozcomoarma.noblogs.org\/?p=20717\">Sigue leyendo <span class=\"meta-nav\">&rarr;<\/span><\/a><\/p>\n","protected":false},"author":7045,"featured_media":0,"comment_status":"closed","ping_status":"open","sticky":false,"template":"","format":"standard","meta":{"footnotes":""},"categories":[59,61,9],"tags":[14,49,35,16,152,42,118],"class_list":["post-20717","post","type-post","status-publish","format-standard","hentry","category-convocatorias","category-noticias","category-noticias-y-comunicados","tag-anti-fascismo","tag-anti-sexismo","tag-asesinato-de-estado","tag-guerra-social","tag-historia","tag-movimientos-sociales","tag-zaragoza"],"_links":{"self":[{"href":"https:\/\/vozcomoarma.noblogs.org\/index.php?rest_route=\/wp\/v2\/posts\/20717","targetHints":{"allow":["GET"]}}],"collection":[{"href":"https:\/\/vozcomoarma.noblogs.org\/index.php?rest_route=\/wp\/v2\/posts"}],"about":[{"href":"https:\/\/vozcomoarma.noblogs.org\/index.php?rest_route=\/wp\/v2\/types\/post"}],"author":[{"embeddable":true,"href":"https:\/\/vozcomoarma.noblogs.org\/index.php?rest_route=\/wp\/v2\/users\/7045"}],"replies":[{"embeddable":true,"href":"https:\/\/vozcomoarma.noblogs.org\/index.php?rest_route=%2Fwp%2Fv2%2Fcomments&post=20717"}],"version-history":[{"count":3,"href":"https:\/\/vozcomoarma.noblogs.org\/index.php?rest_route=\/wp\/v2\/posts\/20717\/revisions"}],"predecessor-version":[{"id":20724,"href":"https:\/\/vozcomoarma.noblogs.org\/index.php?rest_route=\/wp\/v2\/posts\/20717\/revisions\/20724"}],"wp:attachment":[{"href":"https:\/\/vozcomoarma.noblogs.org\/index.php?rest_route=%2Fwp%2Fv2%2Fmedia&parent=20717"}],"wp:term":[{"taxonomy":"category","embeddable":true,"href":"https:\/\/vozcomoarma.noblogs.org\/index.php?rest_route=%2Fwp%2Fv2%2Fcategories&post=20717"},{"taxonomy":"post_tag","embeddable":true,"href":"https:\/\/vozcomoarma.noblogs.org\/index.php?rest_route=%2Fwp%2Fv2%2Ftags&post=20717"}],"curies":[{"name":"wp","href":"https:\/\/api.w.org\/{rel}","templated":true}]}}