{"id":20854,"date":"2018-11-19T01:31:01","date_gmt":"2018-11-19T00:31:01","guid":{"rendered":"https:\/\/vozcomoarma.noblogs.org\/?p=20854"},"modified":"2018-11-19T01:31:01","modified_gmt":"2018-11-19T00:31:01","slug":"presentacion-del-libro-historia-del-movimiento-libertario-espanol-durante-la-dictadura-franquista-en-cnt-palencia","status":"publish","type":"post","link":"https:\/\/vozcomoarma.noblogs.org\/?p=20854","title":{"rendered":"Presentaci\u00f3n del libro \u00abHistoria del Movimiento Libertario espa\u00f1ol durante la Dictadura Franquista\u00bb en CNT Palencia"},"content":{"rendered":"<p align=\"JUSTIFY\">Recibo en el correo electr\u00f3nico esta convocatoria para una presentaci\u00f3n del libro <strong>\u00abHistoria del Movimiento Libertario espa\u00f1ol durante la Dictadura Franquista\u00bb<\/strong> a cargo de su traductor, en el local de CNT en Palencia. La actividad se enmarca en las Jornadas de Memoria Hist\u00f3rica.<\/p>\n<p align=\"JUSTIFY\">&#8212;&#8212;&#8212;&#8212;&#8212;&#8212;&#8211;<\/p>\n<p align=\"JUSTIFY\"><strong><em>Viernes 23 de noviembre de 2018<br \/>\n<\/em><\/strong><strong><em>A las 20.00 horas<\/em><\/strong><\/p>\n<p align=\"JUSTIFY\"><em>Presentaci\u00f3n del libro: <strong>\u00abHistoria del Movimiento Libertario espa\u00f1ol durante la Dictadura Franquista\u00bb<\/strong>\u00a0 por parte de su traductor Juan Merino, militante de CNT Aranjuez<\/em><\/p>\n<p align=\"JUSTIFY\"><em>Lugar en la Sede de <strong>CNT de Palencia<\/strong>, <strong>calle Don Pelayo, 14, Palencia<\/strong><\/em><\/p>\n<p align=\"JUSTIFY\"><em>Tras la actividad se realizar\u00e1 un picoteo aportado entre todas las personas asistentes<\/em><\/p>\n<p align=\"JUSTIFY\"><em>\u2014\u2014\u2014\u2014\u2014\u2014\u2014\u2014\u2014\u2014\u2014\u2014\u2014\u2014-<\/em><\/p>\n<p align=\"JUSTIFY\"><strong><em>Organizan:<\/em><\/strong><\/p>\n<p align=\"JUSTIFY\"><strong><em>\u2013Ateneo Libertario\u00a0Eduardo de Guzm\u00e1n\u00a0de la Confederaci\u00f3n Nacional del Trabajo (CNT) de Palencia<\/em><\/strong><\/p>\n<p align=\"JUSTIFY\"><strong><em>-Palencia Libertaria<\/em><\/strong><\/p>\n<p align=\"JUSTIFY\"><a href=\"http:\/\/palencia.cnt.es\/2018\/10\/07\/palencia-y-villada-jornadas-sobre-memoria-historica-de-cnt-octubre-a-diciembre-de-2018\/\"><strong><em>M\u00e1s informaci\u00f3n sobre las JORNADAS SOBRE MEMORIA HIST\u00d3RICA DE CNT \u2013 Octubre a diciembre de 2018<\/em>.<\/strong><\/a><\/p>\n<p align=\"JUSTIFY\"><img loading=\"lazy\" decoding=\"async\" class=\"size-full wp-image-20855 aligncenter\" src=\"https:\/\/vozcomoarma.noblogs.org\/files\/2018\/11\/CARTEL-PRESENTACI\u00d3N-LIBRO-A-EN-FRANQUISMO.jpg\" alt=\"\" width=\"680\" height=\"680\" srcset=\"https:\/\/vozcomoarma.noblogs.org\/files\/2018\/11\/CARTEL-PRESENTACI\u00d3N-LIBRO-A-EN-FRANQUISMO.jpg 680w, https:\/\/vozcomoarma.noblogs.org\/files\/2018\/11\/CARTEL-PRESENTACI\u00d3N-LIBRO-A-EN-FRANQUISMO-300x300.jpg 300w\" sizes=\"auto, (max-width: 680px) 100vw, 680px\" \/><\/p>\n","protected":false},"excerpt":{"rendered":"<p>Recibo en el correo electr\u00f3nico esta convocatoria para una presentaci\u00f3n del libro \u00abHistoria del Movimiento Libertario espa\u00f1ol durante la Dictadura Franquista\u00bb a cargo de su traductor, en el local de CNT en Palencia. La actividad se enmarca en las Jornadas &hellip; <a href=\"https:\/\/vozcomoarma.noblogs.org\/?p=20854\">Sigue leyendo <span class=\"meta-nav\">&rarr;<\/span><\/a><\/p>\n","protected":false},"author":7045,"featured_media":0,"comment_status":"closed","ping_status":"open","sticky":false,"template":"","format":"standard","meta":{"footnotes":""},"categories":[59,61,9],"tags":[14,152,42,160],"class_list":["post-20854","post","type-post","status-publish","format-standard","hentry","category-convocatorias","category-noticias","category-noticias-y-comunicados","tag-anti-fascismo","tag-historia","tag-movimientos-sociales","tag-palencia"],"_links":{"self":[{"href":"https:\/\/vozcomoarma.noblogs.org\/index.php?rest_route=\/wp\/v2\/posts\/20854","targetHints":{"allow":["GET"]}}],"collection":[{"href":"https:\/\/vozcomoarma.noblogs.org\/index.php?rest_route=\/wp\/v2\/posts"}],"about":[{"href":"https:\/\/vozcomoarma.noblogs.org\/index.php?rest_route=\/wp\/v2\/types\/post"}],"author":[{"embeddable":true,"href":"https:\/\/vozcomoarma.noblogs.org\/index.php?rest_route=\/wp\/v2\/users\/7045"}],"replies":[{"embeddable":true,"href":"https:\/\/vozcomoarma.noblogs.org\/index.php?rest_route=%2Fwp%2Fv2%2Fcomments&post=20854"}],"version-history":[{"count":1,"href":"https:\/\/vozcomoarma.noblogs.org\/index.php?rest_route=\/wp\/v2\/posts\/20854\/revisions"}],"predecessor-version":[{"id":20856,"href":"https:\/\/vozcomoarma.noblogs.org\/index.php?rest_route=\/wp\/v2\/posts\/20854\/revisions\/20856"}],"wp:attachment":[{"href":"https:\/\/vozcomoarma.noblogs.org\/index.php?rest_route=%2Fwp%2Fv2%2Fmedia&parent=20854"}],"wp:term":[{"taxonomy":"category","embeddable":true,"href":"https:\/\/vozcomoarma.noblogs.org\/index.php?rest_route=%2Fwp%2Fv2%2Fcategories&post=20854"},{"taxonomy":"post_tag","embeddable":true,"href":"https:\/\/vozcomoarma.noblogs.org\/index.php?rest_route=%2Fwp%2Fv2%2Ftags&post=20854"}],"curies":[{"name":"wp","href":"https:\/\/api.w.org\/{rel}","templated":true}]}}