{"id":2086,"date":"2013-12-15T23:28:18","date_gmt":"2013-12-15T22:28:18","guid":{"rendered":"http:\/\/vozcomoarma.noblogs.org\/?p=2086"},"modified":"2013-12-16T13:06:57","modified_gmt":"2013-12-16T12:06:57","slug":"grecia-ataque-a-la-comisaria-de-exarchia","status":"publish","type":"post","link":"https:\/\/vozcomoarma.noblogs.org\/?p=2086","title":{"rendered":"Grecia &#8211; Ataque a la comisar\u00eda de Exarchia (Atenas)"},"content":{"rendered":"<p style=\"text-align: justify\">En una fecha con cierto simbolismo (13 del 12), el 13 de diciembre anarquistas atacaron una comisar\u00eda en Exarchia, en venganza por la represi\u00f3n que en esta misma \u00e1rea de Atenas, conocida por su combatividad y su fuerte presencia anarquista, fue desplegada el pasado 6 de diciembre con motivo de las movilizaciones en memoria de Alexis y de la rebeli\u00f3n de diciembre de 2008, las cuales, a pesar del micro-Estado policial creado en el barrio, no se echaron atr\u00e1s y respondieron con rabia y dignidad (m\u00e1s info <a href=\"https:\/\/vozcomoarma.noblogs.org\/?p=1897\">en este blog<\/a> y en <a href=\"http:\/\/es.contrainfo.espiv.net\/2013\/12\/09\/atenas-lucha-callejera-y-gritos-de-dignidad-el-6-de-diciembre\/\">Contrainfo<\/a>). Recordemos que, adem\u00e1s de lo sucedido en la jornada del 6 de diciembre de este a\u00f1o, el d\u00eda 4 de diciembre, dos d\u00edas antes, un grupo peque\u00f1o de compas protagoniz\u00f3 una pelea con un grupo de secretas al que descubrieron sigui\u00e9ndoles. Durante la reyerta, uno de los estupas dispar\u00f3 su arma contra los compas, hiriendo en la pierna a uno de ellos (para ver la noticia en este blog, click <a href=\"https:\/\/vozcomoarma.noblogs.org\/?p=1954\">aqu\u00ed<\/a>).<\/p>\n<p style=\"text-align: justify\">En respuesta a \u00e9sto y a la violencia con la que el Estado somete d\u00eda a d\u00eda los sue\u00f1os de libertad, se produjo el ataque del que habla esta noticia, y del que dejo una cr\u00f3nica a continuaci\u00f3n extra\u00edda de Contrainfo y acompa\u00f1ada de un v\u00eddeo que muestra la calle de la comisar\u00eda ratos despu\u00e9s de los disturbios.<\/p>\n<p style=\"text-align: justify\">1312!<\/p>\n<p style=\"text-align: justify\">&#8212;&#8212;&#8212;&#8212;&#8212;&#8211;<\/p>\n<p align=\"JUSTIFY\"><em>El viernes, 13 de diciembre de 2013 atacamos la comisar\u00eda de polic\u00eda de Exarchia. Cerca de 40 compas persiguieron a los guardias, llegaron por fuera de la comisar\u00eda e incendiaron la entrada, la caseta de seguridad y veh\u00edculos policiales. Al mismo tiempo, otro grupo de 30 compas cortaron el tr\u00e1nsito en la calle Charilaou Trikoupi y levantaron barricadas. Despu\u00e9s de finalizar el ataque, nos fuimos del lugar todxs juntxs sin que hubiera problema alguno. Minutos despu\u00e9s, unidades motorizadas del equipo DELTA interrumpieron en la plaza del barrio, deteniendo completamente al azar a 84 personas que nada tenian que ver con la acci\u00f3n, algo que por supuesto hacen siempre que se realiza alg\u00fan ataque en la zona.<\/em><\/p>\n<p align=\"JUSTIFY\"><em>La acci\u00f3n tuvo lugar como respuesta m\u00ednima al Estado policial y la represi\u00f3n en el barrio de Exarchia el 6 de diciembre. Tambi\u00e9n est\u00e1 dedicada a los anarquistas en huelga de hambre y sed en las prisiones de Koridallos, Fivos Harisis, Argyris Ntalios, Yannis Michailidis, Dimitris Politis, Giorgos Karagiannidis [cabe mencionar que la acci\u00f3n se llev\u00f3 a cabo antes de que Babis Tsilianidis y Grigoris Sarafoudis anunciaran que se un\u00edan a la huelga de hambre y sed].<\/em><\/p>\n<p><em>Anarquistas<\/em><\/p>\n<p style=\"text-align: center\" align=\"JUSTIFY\">[vsw id=\u00bbkNts9a-RaVk\u00bb source=\u00bbyoutube\u00bb width=\u00bb425&#8243; height=\u00bb344&#8243; autoplay=<em>0<\/em>]<\/p>\n","protected":false},"excerpt":{"rendered":"<p>En una fecha con cierto simbolismo (13 del 12), el 13 de diciembre anarquistas atacaron una comisar\u00eda en Exarchia, en venganza por la represi\u00f3n que en esta misma \u00e1rea de Atenas, conocida por su combatividad y su fuerte presencia anarquista, &hellip; <a href=\"https:\/\/vozcomoarma.noblogs.org\/?p=2086\">Sigue leyendo <span class=\"meta-nav\">&rarr;<\/span><\/a><\/p>\n","protected":false},"author":7045,"featured_media":0,"comment_status":"closed","ping_status":"open","sticky":false,"template":"","format":"standard","meta":{"footnotes":""},"categories":[58,116,122,61,9,7],"tags":[21,15,16,26,24,19,10,11],"class_list":["post-2086","post","type-post","status-publish","format-standard","hentry","category-acciones","category-babis-tsilianidis","category-caso-de-velventos-kozani-grecia","category-noticias","category-noticias-y-comunicados","category-presxs","tag-disturbios","tag-grecia","tag-guerra-social","tag-insurreccionalismo","tag-reflexion","tag-represion","tag-sabotaje","tag-solidaridad"],"_links":{"self":[{"href":"https:\/\/vozcomoarma.noblogs.org\/index.php?rest_route=\/wp\/v2\/posts\/2086","targetHints":{"allow":["GET"]}}],"collection":[{"href":"https:\/\/vozcomoarma.noblogs.org\/index.php?rest_route=\/wp\/v2\/posts"}],"about":[{"href":"https:\/\/vozcomoarma.noblogs.org\/index.php?rest_route=\/wp\/v2\/types\/post"}],"author":[{"embeddable":true,"href":"https:\/\/vozcomoarma.noblogs.org\/index.php?rest_route=\/wp\/v2\/users\/7045"}],"replies":[{"embeddable":true,"href":"https:\/\/vozcomoarma.noblogs.org\/index.php?rest_route=%2Fwp%2Fv2%2Fcomments&post=2086"}],"version-history":[{"count":2,"href":"https:\/\/vozcomoarma.noblogs.org\/index.php?rest_route=\/wp\/v2\/posts\/2086\/revisions"}],"predecessor-version":[{"id":2122,"href":"https:\/\/vozcomoarma.noblogs.org\/index.php?rest_route=\/wp\/v2\/posts\/2086\/revisions\/2122"}],"wp:attachment":[{"href":"https:\/\/vozcomoarma.noblogs.org\/index.php?rest_route=%2Fwp%2Fv2%2Fmedia&parent=2086"}],"wp:term":[{"taxonomy":"category","embeddable":true,"href":"https:\/\/vozcomoarma.noblogs.org\/index.php?rest_route=%2Fwp%2Fv2%2Fcategories&post=2086"},{"taxonomy":"post_tag","embeddable":true,"href":"https:\/\/vozcomoarma.noblogs.org\/index.php?rest_route=%2Fwp%2Fv2%2Ftags&post=2086"}],"curies":[{"name":"wp","href":"https:\/\/api.w.org\/{rel}","templated":true}]}}