{"id":20914,"date":"2018-11-22T22:47:20","date_gmt":"2018-11-22T21:47:20","guid":{"rendered":"https:\/\/vozcomoarma.noblogs.org\/?p=20914"},"modified":"2018-11-22T22:48:27","modified_gmt":"2018-11-22T21:48:27","slug":"novedades-sobre-el-juicio-contra-el-banc-expropiat","status":"publish","type":"post","link":"https:\/\/vozcomoarma.noblogs.org\/?p=20914","title":{"rendered":"Novedades sobre el juicio contra el Banc Expropiat"},"content":{"rendered":"<p align=\"JUSTIFY\"><img loading=\"lazy\" decoding=\"async\" class=\"alignright wp-image-20918 size-medium\" src=\"https:\/\/vozcomoarma.noblogs.org\/files\/2018\/11\/asseguren-tornat-entrar-Banc-Expropiat_1589251289_29372178_651x366-300x169.jpg\" alt=\"\" width=\"300\" height=\"169\" srcset=\"https:\/\/vozcomoarma.noblogs.org\/files\/2018\/11\/asseguren-tornat-entrar-Banc-Expropiat_1589251289_29372178_651x366-300x169.jpg 300w, https:\/\/vozcomoarma.noblogs.org\/files\/2018\/11\/asseguren-tornat-entrar-Banc-Expropiat_1589251289_29372178_651x366.jpg 651w\" sizes=\"auto, (max-width: 300px) 100vw, 300px\" \/>A continuaci\u00f3n, dejo traducido el texto de les compa\u00f1eres del <a href=\"https:\/\/bancexpropiatgracia.wordpress.com\/\"><strong>Banc Expropiat<\/strong><\/a>\u00a0(Vila de Gr\u00e1cia, Barcelona) ante las novedades en el proceso judicial contra algunes de elles. Mientras que las dos personas acusadas en la primera parte del juicio fueron finalmente absueltas de todos los cargos, hay otres cinco compa\u00f1eres que se enfrentar\u00e1n el pr\u00f3ximo lunes 26 de noviembre a un juicio donde les acusan de usurpaci\u00f3n, da\u00f1os, resistencia y lesiones por su presunta participaci\u00f3n en la acci\u00f3n conocida como \u00abBanc Sorpresa\u00bb, en la que tambi\u00e9n se trat\u00f3 de reokupar el espacio tras el desalojo.<\/p>\n<p align=\"JUSTIFY\"><strong>Fuerza y solidaridad para les compa\u00f1eres acusades.<\/strong><br \/>\n<strong>Ninguna agresi\u00f3n sin respuesta.<\/strong><\/p>\n<p align=\"JUSTIFY\">&#8212;&#8212;&#8212;&#8212;&#8212;&#8212;&#8212;&#8212;<\/p>\n<p align=\"JUSTIFY\"><em><span lang=\"ca-ES\">El 24 de enero de este a\u00f1o ya tuvo lugar el primer juicio por la resistencia al desalojo del Banc Expropiat. En este juicio se acusaba a dos personas de usurpaci\u00f3n y desobediencia a ra\u00edz del intento de reokupaci\u00f3n del local el segundo d\u00eda de movilizaciones. Finalmente, las dos personas han sido absueltas de todos los cargos.<\/span><\/em><\/p>\n<p align=\"JUSTIFY\"><em><span lang=\"ca-ES\">No se ha podido acreditar que ninguna de ellas okupase el espacio, ya que ning\u00fan polic\u00eda les pudo reconocer entre el grueso de personas encapuchadas que abrieron la puerta. <\/span><span lang=\"es-ES\">As\u00ed mismo tampoco se ha podido demostrar que las herramientas encontradas dentro del espacio fueran de ellas. En referencia al delito de desobediencia tambi\u00e9n han sido absueltas ya que no se puede desobedecer una orden que nunca se ha dado. Seg\u00fan el juez, que se diga desde megafon\u00eda de un furg\u00f3n policial que se har\u00e1 una \u00abactuaci\u00f3n policial en breve\u00bb no es ninguna orden \u00abexpresa, clara y terminante\u00bb, condiciones que deben darse en una orden para que se pueda considerar que est\u00e1 desobedeciendo.<\/span><\/em><\/p>\n<p lang=\"ca-ES\" align=\"JUSTIFY\"><em>Contentas por esta absoluci\u00f3n, ahora encaramos la segunda sesi\u00f3n judicial por aquellos d\u00edas de lucha para defender el Banc Expropiat. Este segundo juicio ser\u00e1 el lunes 26 de noviembre y se juzgar\u00e1 lo que se ha conocido como \u00abBanc Sorpresa\u00bb, aquella reokupaci\u00f3n por la que 5 personas se enfrentan a los cargos de usurpaci\u00f3n, da\u00f1os, resistencia y lesiones.<\/em><\/p>\n<p lang=\"ca-ES\" align=\"JUSTIFY\"><em>Sabemos que no les juzgan s\u00f3lo a eles, sino a todes les que se enfrentan d\u00eda a d\u00eda a las injusticias del capitalismo, a les que paran desahucios, a les que no se resignan a los embates de la represi\u00f3n. No les juzgan s\u00f3lo a elles cinco, somos miles.<\/em><\/p>\n<p align=\"JUSTIFY\"><img loading=\"lazy\" decoding=\"async\" class=\"size-full wp-image-20916 aligncenter\" src=\"https:\/\/vozcomoarma.noblogs.org\/files\/2018\/11\/cartell26n.jpg\" alt=\"\" width=\"1403\" height=\"1984\" srcset=\"https:\/\/vozcomoarma.noblogs.org\/files\/2018\/11\/cartell26n.jpg 1403w, https:\/\/vozcomoarma.noblogs.org\/files\/2018\/11\/cartell26n-212x300.jpg 212w, https:\/\/vozcomoarma.noblogs.org\/files\/2018\/11\/cartell26n-768x1086.jpg 768w, https:\/\/vozcomoarma.noblogs.org\/files\/2018\/11\/cartell26n-724x1024.jpg 724w\" sizes=\"auto, (max-width: 1403px) 100vw, 1403px\" \/><\/p>\n","protected":false},"excerpt":{"rendered":"<p>A continuaci\u00f3n, dejo traducido el texto de les compa\u00f1eres del Banc Expropiat\u00a0(Vila de Gr\u00e1cia, Barcelona) ante las novedades en el proceso judicial contra algunes de elles. Mientras que las dos personas acusadas en la primera parte del juicio fueron finalmente &hellip; <a href=\"https:\/\/vozcomoarma.noblogs.org\/?p=20914\">Sigue leyendo <span class=\"meta-nav\">&rarr;<\/span><\/a><\/p>\n","protected":false},"author":7045,"featured_media":0,"comment_status":"closed","ping_status":"open","sticky":false,"template":"","format":"standard","meta":{"footnotes":""},"categories":[59,61,9],"tags":[107,48,62,16,42,37,19,11],"class_list":["post-20914","post","type-post","status-publish","format-standard","hentry","category-convocatorias","category-noticias","category-noticias-y-comunicados","tag-barcelona","tag-cataluna","tag-desalojo","tag-guerra-social","tag-movimientos-sociales","tag-okupacion","tag-represion","tag-solidaridad"],"_links":{"self":[{"href":"https:\/\/vozcomoarma.noblogs.org\/index.php?rest_route=\/wp\/v2\/posts\/20914","targetHints":{"allow":["GET"]}}],"collection":[{"href":"https:\/\/vozcomoarma.noblogs.org\/index.php?rest_route=\/wp\/v2\/posts"}],"about":[{"href":"https:\/\/vozcomoarma.noblogs.org\/index.php?rest_route=\/wp\/v2\/types\/post"}],"author":[{"embeddable":true,"href":"https:\/\/vozcomoarma.noblogs.org\/index.php?rest_route=\/wp\/v2\/users\/7045"}],"replies":[{"embeddable":true,"href":"https:\/\/vozcomoarma.noblogs.org\/index.php?rest_route=%2Fwp%2Fv2%2Fcomments&post=20914"}],"version-history":[{"count":2,"href":"https:\/\/vozcomoarma.noblogs.org\/index.php?rest_route=\/wp\/v2\/posts\/20914\/revisions"}],"predecessor-version":[{"id":20919,"href":"https:\/\/vozcomoarma.noblogs.org\/index.php?rest_route=\/wp\/v2\/posts\/20914\/revisions\/20919"}],"wp:attachment":[{"href":"https:\/\/vozcomoarma.noblogs.org\/index.php?rest_route=%2Fwp%2Fv2%2Fmedia&parent=20914"}],"wp:term":[{"taxonomy":"category","embeddable":true,"href":"https:\/\/vozcomoarma.noblogs.org\/index.php?rest_route=%2Fwp%2Fv2%2Fcategories&post=20914"},{"taxonomy":"post_tag","embeddable":true,"href":"https:\/\/vozcomoarma.noblogs.org\/index.php?rest_route=%2Fwp%2Fv2%2Ftags&post=20914"}],"curies":[{"name":"wp","href":"https:\/\/api.w.org\/{rel}","templated":true}]}}