{"id":20930,"date":"2018-11-25T23:22:17","date_gmt":"2018-11-25T22:22:17","guid":{"rendered":"https:\/\/vozcomoarma.noblogs.org\/?p=20930"},"modified":"2018-11-25T23:35:55","modified_gmt":"2018-11-25T22:35:55","slug":"chile-contribucion-de-marcelo-villarroel-a-la-viii-convencion-de-tatuajes-y-arte-corporal-solidaridad-a-flor-de-piel","status":"publish","type":"post","link":"https:\/\/vozcomoarma.noblogs.org\/?p=20930","title":{"rendered":"Chile &#8211; Recuento de la VIII Convenci\u00f3n de Tatuajes y Arte Corporal \u00abSolidaridad a Flor de Piel\u00bb + Contribuciones del preso Marcelo Villarroel y de les compa\u00f1eres organizadores de la convenci\u00f3n en Brasil."},"content":{"rendered":"<p align=\"JUSTIFY\">Les compa\u00f1eres de la <strong>VIII Convenci\u00f3n de Tatuajes y Arte Corporal \u00abSolidaridad a Flor de Piel\u00bb<\/strong> celebraron recientemente diez a\u00f1os desde el primero de estos eventos y compartieron por e-mail las siguientes palabras, junto con una peque\u00f1a publicaci\u00f3n informativa repartida en la propia actividad y las contribuciones escritas por Marcelo Villarroel (prisionero subversivo y revolucionario encarcelado en las prisiones chilenas por el denominado Caso Security) y por les compa\u00f1eres que se encargan de la convenci\u00f3n similar \u00abSolidariedade a Flor da Pele\u00bb, la cual se realiza en Brasil.<\/p>\n<p align=\"JUSTIFY\">Para descargar el folleto repartido en la actividad, click <strong><a href=\"https:\/\/vozcomoarma.noblogs.org\/files\/2018\/11\/FLORDEPIEL2018FOLLETO.pdf\">aqu\u00ed<\/a><\/strong>.<\/p>\n<p align=\"JUSTIFY\">&#8212;&#8212;&#8212;&#8212;&#8212;&#8212;&#8212;&#8212;&#8212;&#8212;&#8212;&#8212;&#8212;-<\/p>\n<p align=\"JUSTIFY\"><em>Recuento VIII Convenci\u00f3n de Tatuajes y Arte Corporal Solidaridad a Flor de Piel<\/em><\/p>\n<p align=\"JUSTIFY\"><em>El pasado 10 de noviembre, gracias a la colaboraci\u00f3n y al aporte de diferentes compa\u00f1erxs, se dio vida a la VIII Convenci\u00f3n de Tatuajes y Arte Corporal Solidaridad a Flor de Piel. Mediante los tatuajes, la m\u00fasica, los paneles informativos, las intervenciones de compa\u00f1erxs, los talleres, los videos y la danza, fuimos nutriendo y reafirmando voluntades en conflicto contra la autoridad.<\/em><\/p>\n<p align=\"JUSTIFY\"><em>Hace 10 a\u00f1os realizamos la I Convenci\u00f3n y el paso del tiempo solo confirma la necesidad de abrir espacios de solidaridad anticarcelaria, persistiendo en la difusi\u00f3n de ideas y pr\u00e1cticas an\u00e1rquicas.<\/em><\/p>\n<p align=\"JUSTIFY\"><em>Esta actividad, adem\u00e1s de solidarizar econ\u00f3micamente con compa\u00f1erxs en prisi\u00f3n, pretende difundir y agitar sobre diferentes escenarios de confrontaci\u00f3n, nos acompa\u00f1amos de la memoria del Brujo, asesinado por la polic\u00eda argentina, recordamos al compa\u00f1ero Mikhail Zhlobitsky quien muri\u00f3 el 31 de octubre en un atentado explosivo en Rusia y el reciente asesinato de Kevin Garrido, al interior del centro de exterminio Santiago Uno, que tanto regocijo trajo para gendarmer\u00eda y la ciudadan\u00eda en general.<\/em><\/p>\n<p align=\"JUSTIFY\"><em><a name=\"more-32031\"><\/a>No podemos abstraernos de los d\u00edas intensos que actualmente golpean, queremos saludar y solidarizar con lxs compa\u00f1erxs en argentina, con lxs detenidxs y con Anah\u00ed Salcedo actualmente en coma por la detonaci\u00f3n de un artefacto explosivo, as\u00ed mismo, extendemos la rabia y la complicidad con las comunidades mapuche en conflicto contra el Estado Chileno, tras el reciente asesinato del comunero Camilo Catrillanca, muerto por una bala del comando Jungla.<\/em><\/p>\n<p align=\"JUSTIFY\"><em>Adjuntamos el folleto repartido durante la actividad, m\u00e1s algunas palabras que nos hicieron llegar, hubo compa\u00f1erxs en prisi\u00f3n que si bien escribieron, pidieron que sus palabras no fuesen subidas a internet, a\u00fan cuando no compartimos aquello, pues creemos importante que la voz de lxs prisionerxs traspase cualquier frontera, no pasaremos por sobre la voluntad de unx prisionerx.<\/em><\/p>\n<p align=\"JUSTIFY\"><em>Por el fin de todas las prisiones y jaulas<\/em><\/p>\n<p align=\"JUSTIFY\"><em>Hasta destruir el \u00faltimo basti\u00f3n de la sociedad carcelaria.<\/em><\/p>\n<p align=\"JUSTIFY\"><em>Solidaridad a Flor de Piel<\/em><br \/>\n<em>Noviembre 2018<\/em><\/p>\n<p align=\"JUSTIFY\">&#8212;&#8212;&#8212;&#8212;&#8212;&#8212;&#8212;&#8212;&#8212;&#8212;&#8212;-<\/p>\n<p align=\"JUSTIFY\">A continuaci\u00f3n sigue tal y como la recibimos la contribuci\u00f3n a la convenci\u00f3n Solidaridad a Flor de Piel del preso subversivo Marcelo Villarroel, encarcelado por el Caso Security en las prisiones chilenas.<\/p>\n<p align=\"JUSTIFY\">&#8212;&#8212;&#8212;&#8212;&#8212;&#8212;&#8212;&#8212;&#8212;&#8212;&#8212;-<\/p>\n<p align=\"JUSTIFY\"><em><strong>Saludando la VIII Convenci\u00f3n de Tatuajes y Arte Korporal \u201cSolidaridad a flor de piel\u201d<\/strong><\/em><\/p>\n<p align=\"JUSTIFY\"><em>\u201cKon estas letras yo no digo nada nuevo<\/em><br \/>\n<em>M\u00e1s s\u00f3lo kiero expresar lo ke llevo bien dentro<\/em><br \/>\n<em>No se trata de basura, es mi amargura<\/em><br \/>\n<em>Ke voy sakando fuera para ke no me pudra.\u201d<\/em><\/p>\n<p align=\"JUSTIFY\"><em>Komienzo estas palabras, ke tiene por finalidad saludar y abrazar de manera k\u00f3mplice a kienes organizan y a lxs ke participan de esta nueva jornada solidaria, kon el coraz\u00f3n dolido y el pecho apretado, kon la sangre hirviendo de rabia por el reciente y cobarde asesinato de Kevin Garrido, hecho ocurrido la ma\u00f1ana del viernes 2 de noviembre al interior de la k\u00e1rcel empresa Stgo 1.<\/em><\/p>\n<p align=\"JUSTIFY\"><em>Una alianza entre gendarmes y presos al servicio de la ideolog\u00eda del poder han permitido tan vomitivo akto, ke independiente de las diferencias y miradas ti\u00f1en de sangre la amplia pr\u00e1ktika antiautoritaria ke hoy vive la inevitable bronka de la p\u00e9rdida.<\/em><\/p>\n<p align=\"JUSTIFY\"><em>La k\u00e1rcel es un permanente kampo de batalla, es ak\u00ed en donde se expresan los valores m\u00e0s podridos del Estado y el Kapital, de la jerarqu\u00eda y la autoridad.<\/em><\/p>\n<p align=\"JUSTIFY\"><em>Es en este lugar en donde la esclavitud y el abuso, la tortura y la explotaci\u00f3n se manifiestan kon total normalidad alentada komo pol\u00edtika de kanibalismo social desde los rinkones m\u00e1s oskuros del poder as\u00ed como justifikada deskaradamente y sin tapujo alguno por todxs lxs ke sostienen todo este entramado jur\u00eddiko-penitenciario de control y kastigo.<\/em><\/p>\n<p align=\"JUSTIFY\"><em>El servil respeto a la autoridad, el arribismo aspiracional desesperado, el sometimiento moral a lo divino y el hedonismo son los valores predominantes entre la poblaci\u00f3n penal de las k\u00e1rceles de Chile y kualquiera ke no se someta dignamente vive en el riesgo konstante.<\/em><\/p>\n<p align=\"JUSTIFY\"><em>Decir en la k\u00e1rcel ke el ma\u00f1ana no existe es de alg\u00fan modo certero, el retrato de la kotidianidad vivida en estos centros de exterminio, d\u00eda a d\u00eda van desapareciendo las vidas de kienes no teniendo la fortaleza necesaria y el equilibrio esencial se ven kompelidos a din\u00e1micas de muerte.<\/em><\/p>\n<p align=\"JUSTIFY\"><em>Para kienes nos rebelamos frente a lo existente peleando milim\u00e9tricamente contra este presente de mierda, el llamado es a fortalecer y konstruir redes de complicidad, konfrontando a todxs aquellxs ke siembran la diskordia y fragmentaci\u00f3n atomizante en la lucha antikarcelaria. Generar pr\u00e1ktikas de enkuentro es la urgencia vital para romper con el aislamiento ke viven y han vivido muchxs compa\u00f1erxs kautivxs en los \u00faltimos a\u00f1os.<\/em><\/p>\n<p align=\"JUSTIFY\"><em>Igualmente afilar nuestras ideas y pr\u00e1ktikas, nuesto car\u00e1cter y voluntad de guerra es un imperativo en estos momentos en ke la resistencia al encierro y la kontinuidad de la lucha subversiva contra el Estado, la c\u00e1rcel y el kapitalismo as\u00ed lo exigen.<\/em><\/p>\n<p align=\"JUSTIFY\"><em>Nunka rendidxs, nunca arrepentidxs!!<\/em><br \/>\n<em>Nada ha akabado, todo kontin\u00faa!!<\/em><br \/>\n<em>Kevin Garrido presente hasta la destruxi\u00f3n del \u00faltimo basti\u00f3n de la<\/em><br \/>\n<em>sociedad karcelaria!!<\/em><br \/>\n<em>Frente a la indiferencia masiva: resistencia antikarcelaria activa!!<\/em><br \/>\n<em>Mientras exista miseria, habr\u00e1 rebeli\u00f3n!!<\/em><\/p>\n<p align=\"JUSTIFY\"><em><strong>Marcelo Villarroel Sep\u00falveda<\/strong><\/em><br \/>\n<em><strong>Prisionerx Libertarix<\/strong><\/em><br \/>\n<em><strong>K\u00e1rcel de Alta Seguridad<\/strong><\/em><br \/>\n<em><strong>Stgo\/Chile<\/strong><\/em><br \/>\n<em><strong>Noviembre 2018.<\/strong><\/em><\/p>\n<p align=\"JUSTIFY\">&#8212;&#8212;&#8212;&#8212;&#8212;&#8212;&#8212;&#8212;&#8212;&#8212;&#8212;-<\/p>\n<p align=\"JUSTIFY\">Sigue tambi\u00e9n la contribuci\u00f3n que realizaron quienes con el mismo prop\u00f3sito organizan la convenci\u00f3n <strong>\u00abSolidariedade a Flor da Pele\u00bb<\/strong> en Brasil:<\/p>\n<p align=\"JUSTIFY\">&#8212;&#8212;&#8212;&#8212;&#8212;&#8212;&#8212;&#8212;&#8212;&#8212;&#8212;-<\/p>\n<p align=\"JUSTIFY\"><em>Compas,<\/em><\/p>\n<p><em>Con mucha alegr\u00eda recibimos la noticia que est\u00e1 cumpli\u00e9ndose diez a\u00f1os del Solidaridad A Flor de Piel en el territorio controlado por el estado chileno y el capitalismo global. Nos fortalece saber que de alguna manera, estamos conectados y unidos en la memoria combativa y en la lucha contra la dominaci\u00f3n.<\/em><\/p>\n<p align=\"JUSTIFY\"><em>Es con mucha rabia en el coraz\u00f3n que nos lleg\u00f3 hace unos d\u00edas la triste noticia del asesinato de Kevin Garrido en el centro de exterminio \u201cSantiago 1\u201d. Nos recuerda que, muchas veces, la lucha de quien se encuentra tras las rejas es, antes de todo, la de mantenerse vivo, enfrent\u00e1ndose en cada minuto del cotidiano, a lo m\u00e1s miserable del ser humano.<\/em><\/p>\n<p align=\"JUSTIFY\"><em>Frente a los asesinatos de nuestrxs compa\u00f1erxs por el Estado, la indiferencia no es una opci\u00f3n! Es tambi\u00e9n con esta intenci\u00f3n que decidimos motivarnos a realizar la 4ta edici\u00f3n del Solidariedade a Flor da Pele aqu\u00ed en el sur de Brasil, recordando a la vida en combate del compa\u00f1ero Santiago Maldonado.<\/em><\/p>\n<p align=\"JUSTIFY\"><em>La prisi\u00f3n, infelizmente, es parte posible del camino que hemos escogido y muchos compa\u00f1erxs mostraron que no es el fin pero si, otro frente de batalla. Durante el evento, recordamos a la trayectoria de lucha, afuera de los muros y desde dentro, de algunos compa\u00f1eros, no necesariamente anarquistas, pero que nos ense\u00f1aron que es de la profundidad de las convicciones que se tira la fuerza para seguir combatiendo, mismo bajo las peores circunstancias. Trajimos para los compas de aqu\u00ed, la situaci\u00f3n de Mauricio Norambuena, Ramiro, encerrado en las mazmorras brasileras desde 2002 y la de los compa\u00f1eros Juan Aliste y Marcelo Villaroel, cuya situaci\u00f3n e historia ustedes, bien conocen. Desde aqu\u00ed, hicimos un llamado fuerte a la solidaridad con los 23 condenados por luchar, en Rio de Janeiro. Estos compa\u00f1eros fueron condenados a penas de 5 a 13 a\u00f1os de prisi\u00f3n en relaci\u00f3n a las manifestaciones del a\u00f1o 2013 e 2014 que sacudieron el pa\u00eds. Mismo que hasta ahora est\u00e1n apelando a la decisi\u00f3n en libertad, es muy probable que est\u00e1 decisi\u00f3n sea irrevocable y que tengan que volver a la prisi\u00f3n.<\/em><\/p>\n<p align=\"JUSTIFY\"><em>La solidaridad combativa con los que luchan y que no dejan lugar al arrepentimiento es, sin que deba volverse el fin de la lucha anarquista, creemos, una responsabilidad \u00e9tica con quienes compartimos esta lucha contra la dominaci\u00f3n.<\/em><\/p>\n<p align=\"JUSTIFY\"><em>Estamos aqu\u00ed, viviendo momentos turbulentos, el fracaso de la social-democracia dej\u00f3 lugar a un nuevo r\u00e9gimen que se anuncia terrible para quienes vivimos o luchamos contra la corriente. Son por lo tanto, nuevos desaf\u00edos y caminos que se abren. En este contexto, creemos que lo m\u00e1s importante es permanecer en movimiento, no desvincularse y estar m\u00e1s que nunca, en pie de guerra.<\/em><\/p>\n<p style=\"text-align: left\" align=\"CENTER\"><em><strong>Desde el otro lado de la cordillera,<\/strong><\/em><br \/>\n<em><strong>Mucha fuerza,<\/strong><\/em><br \/>\n<em><strong>La lucha sigue!<\/strong><\/em><br \/>\n<em><strong>Fuego a todas las prisiones y Viva la Anarquia!<\/strong><\/em><\/p>\n<p align=\"JUSTIFY\"><em><strong>Solidariedade a Flor da Pele (Brasil)<\/strong><\/em><br \/>\n<em><strong>Noviembre 2018.<\/strong><\/em><\/p>\n<p align=\"JUSTIFY\"><img loading=\"lazy\" decoding=\"async\" class=\"size-full wp-image-20936 aligncenter\" src=\"https:\/\/vozcomoarma.noblogs.org\/files\/2018\/11\/FLORDEPIEL2018FOLLETO_Page_1-2-768x335.jpg\" alt=\"\" width=\"768\" height=\"335\" srcset=\"https:\/\/vozcomoarma.noblogs.org\/files\/2018\/11\/FLORDEPIEL2018FOLLETO_Page_1-2-768x335.jpg 768w, https:\/\/vozcomoarma.noblogs.org\/files\/2018\/11\/FLORDEPIEL2018FOLLETO_Page_1-2-768x335-300x131.jpg 300w\" sizes=\"auto, (max-width: 768px) 100vw, 768px\" \/><\/p>\n","protected":false},"excerpt":{"rendered":"<p>Les compa\u00f1eres de la VIII Convenci\u00f3n de Tatuajes y Arte Corporal \u00abSolidaridad a Flor de Piel\u00bb celebraron recientemente diez a\u00f1os desde el primero de estos eventos y compartieron por e-mail las siguientes palabras, junto con una peque\u00f1a publicaci\u00f3n informativa repartida &hellip; <a href=\"https:\/\/vozcomoarma.noblogs.org\/?p=20930\">Sigue leyendo <span class=\"meta-nav\">&rarr;<\/span><\/a><\/p>\n","protected":false},"author":7045,"featured_media":0,"comment_status":"closed","ping_status":"open","sticky":false,"template":"","format":"standard","meta":{"footnotes":""},"categories":[58,103,61,9,7],"tags":[35,12,17,78,16,26,24,19],"class_list":["post-20930","post","type-post","status-publish","format-standard","hentry","category-acciones","category-caso-security","category-noticias","category-noticias-y-comunicados","category-presxs","tag-asesinato-de-estado","tag-brasil","tag-carcel","tag-chile","tag-guerra-social","tag-insurreccionalismo","tag-reflexion","tag-represion"],"_links":{"self":[{"href":"https:\/\/vozcomoarma.noblogs.org\/index.php?rest_route=\/wp\/v2\/posts\/20930","targetHints":{"allow":["GET"]}}],"collection":[{"href":"https:\/\/vozcomoarma.noblogs.org\/index.php?rest_route=\/wp\/v2\/posts"}],"about":[{"href":"https:\/\/vozcomoarma.noblogs.org\/index.php?rest_route=\/wp\/v2\/types\/post"}],"author":[{"embeddable":true,"href":"https:\/\/vozcomoarma.noblogs.org\/index.php?rest_route=\/wp\/v2\/users\/7045"}],"replies":[{"embeddable":true,"href":"https:\/\/vozcomoarma.noblogs.org\/index.php?rest_route=%2Fwp%2Fv2%2Fcomments&post=20930"}],"version-history":[{"count":8,"href":"https:\/\/vozcomoarma.noblogs.org\/index.php?rest_route=\/wp\/v2\/posts\/20930\/revisions"}],"predecessor-version":[{"id":20941,"href":"https:\/\/vozcomoarma.noblogs.org\/index.php?rest_route=\/wp\/v2\/posts\/20930\/revisions\/20941"}],"wp:attachment":[{"href":"https:\/\/vozcomoarma.noblogs.org\/index.php?rest_route=%2Fwp%2Fv2%2Fmedia&parent=20930"}],"wp:term":[{"taxonomy":"category","embeddable":true,"href":"https:\/\/vozcomoarma.noblogs.org\/index.php?rest_route=%2Fwp%2Fv2%2Fcategories&post=20930"},{"taxonomy":"post_tag","embeddable":true,"href":"https:\/\/vozcomoarma.noblogs.org\/index.php?rest_route=%2Fwp%2Fv2%2Ftags&post=20930"}],"curies":[{"name":"wp","href":"https:\/\/api.w.org\/{rel}","templated":true}]}}