{"id":21214,"date":"2018-12-29T01:38:39","date_gmt":"2018-12-29T00:38:39","guid":{"rendered":"https:\/\/vozcomoarma.noblogs.org\/?p=21214"},"modified":"2018-12-29T01:39:52","modified_gmt":"2018-12-29T00:39:52","slug":"alemania-fuego-en-berlin-a-vehiculos-de-la-empresa-kone-que-se-lucra-con-la-construccion-de-prisiones-en-solidaridad-con-les-acusades-por-los-disturbios-contra-el-g20-en-hamburgo","status":"publish","type":"post","link":"https:\/\/vozcomoarma.noblogs.org\/?p=21214","title":{"rendered":"Alemania &#8211; Fuego en Berl\u00edn a veh\u00edculos de la empresa KONE, que se lucra con la construcci\u00f3n de prisiones, en solidaridad con les acusades por los disturbios contra el G20 en Hamburgo"},"content":{"rendered":"<p align=\"JUSTIFY\"><img loading=\"lazy\" decoding=\"async\" class=\"alignright wp-image-21215 size-medium\" src=\"https:\/\/vozcomoarma.noblogs.org\/files\/2018\/12\/tumblr_orljk2FQrO1txou08o1_500-300x200.jpg\" alt=\"\" width=\"300\" height=\"200\" srcset=\"https:\/\/vozcomoarma.noblogs.org\/files\/2018\/12\/tumblr_orljk2FQrO1txou08o1_500-300x200.jpg 300w, https:\/\/vozcomoarma.noblogs.org\/files\/2018\/12\/tumblr_orljk2FQrO1txou08o1_500.jpg 500w\" sizes=\"auto, (max-width: 300px) 100vw, 300px\" \/>Sigue una traducci\u00f3n que hemos hecho de la versi\u00f3n en ingl\u00e9s (publicada en <strong>Act For Freedom Now!<\/strong>) del comunicado que reivindica el incendio en Berl\u00edn, Alemania, de dos veh\u00edculos de la empresa KONE, la cual se beneficia del sistema carcelario suministrando los cierres electr\u00f3nicos de puertas a las prisiones alemanas. Los sabotajes se han llevado a cabo en solidaridad con les acusades por los disturbios contra la cumbre del G20 en Hamburgo en el verano de 2017.<\/p>\n<p align=\"JUSTIFY\">&#8212;&#8212;&#8212;&#8212;&#8212;&#8212;&#8212;&#8212;&#8212;&#8212;&#8212;&#8212;&#8212;-<\/p>\n<p align=\"JUSTIFY\"><em><span lang=\"es-ES\">Columnas de humo saliendo de los tejados del distrito rico de Elbchaussee, helic\u00f3pteros girando en el cielo. De lejos, eso fue lo que permiti\u00f3 a algunes residentes madrugadores adivinar que algo estaba pasando, tal vez m\u00e1s all\u00e1 de las declaraciones de la polic\u00eda antidisturbios y los servicios secretos. Una multitud de personas encapuchadas persiguieron su objetivo de dar a conocer su visi\u00f3n de las cosas, destruyendo, tanto de forma ciega como dirigida, una peque\u00f1a parte de este mundo de prosperidad.<\/span><\/em><\/p>\n<p align=\"JUSTIFY\"><em><span lang=\"es-ES\">Una se\u00f1al maravillosa. Una calle de coches en llamas. Almas completamente indefensas que no quieren entender por qu\u00e9 hab\u00edan sido v\u00edctimas de esta violencia in\u00fatil. Tenemos una gran se\u00f1al de respeto por el riesgo que las personas estaban dispuestas a asumir.<\/span><\/em><\/p>\n<p align=\"JUSTIFY\"><em>Despu\u00e9s de todo, ya parec\u00eda aparecer en el radar de todos los servicios de inteligencia, antes de la cumbre, que los l\u00edmites de la ciudad ser\u00edan superados. Un momento de manifestaci\u00f3n ofensiva, cuyo car\u00e1cter rara vez se ha logrado en este pa\u00eds.<\/em><\/p>\n<p align=\"JUSTIFY\"><em>Desde el 18 de diciembre, cinco compa\u00f1eros de Frankfurt, Offenbach y de Francia comparecen ante el tribunal regional superior de Hamburgo. Se les acusa de haber sido parte de este viaje. Los art\u00edculos relevantes son pel\u00edculas y material de v\u00eddeo que los polic\u00edas han analizado en detalle. Afirman ser capaces de identificar a las personas en una cohorte de individues encapuchades vestides de negro.<\/em><\/p>\n<p align=\"JUSTIFY\"><em>A trav\u00e9s de su propaganda desde el verano de 2016, la comisi\u00f3n especial del \u00abBloque Negro\u00bb ha estado tratando de escribir un escenario en el que nunca m\u00e1s ser\u00e1 posible, para cualquier aut\u00f3nome, poder participar en una manifestaci\u00f3n salvaje (como la de Elbchaussee) sin ser desenmascarade.<\/em><\/p>\n<p align=\"JUSTIFY\"><em>Al colaborar m\u00e1s all\u00e1 de las fronteras con todos los cerdos europeos que protegen a los Estados, esta comisi\u00f3n especial sostiene haber destruido la cooperaci\u00f3n de las estructuras criminales internacionalistas.<\/em><\/p>\n<p align=\"JUSTIFY\"><em>A pesar de que las pruebas y las redadas de los \u00faltimos 18 meses han dejado su huella en las estructuras antiautoritarias, esta propaganda sigue siendo in\u00fatil frente a nuestra actitud odiosa hacia el Estado.<\/em><\/p>\n<p align=\"JUSTIFY\"><em>Continuaremos siguiendo el juicio con el deseo de atacar y desearemos a les acusades mucha fuerza y resistencia, en los tribunales y especialmente para el futuro.<\/em><\/p>\n<p align=\"JUSTIFY\"><em>Como un acto de solidaridad ofensiva con les acusades, dos veh\u00edculos de KONE fueron quemados el 27 de noviembre y el 20 de diciembre en los distritos de Lichtenberg y Friedrichshain en Berl\u00edn. Los sistemas KONE de bloqueo de puertas en las c\u00e1rceles de Berl\u00edn, en particular, permiten que les prisioneres sean privades de su libertad.<\/em><\/p>\n<p align=\"JUSTIFY\"><em>Pudimos ver el ambiente fuera y dentro de la sala de audiencias y durante la manifestaci\u00f3n el d\u00eda anterior en Hamburgo, y estamos encantades con la solidaridad y la atenci\u00f3n prestada a las personas se\u00f1aladas. Despu\u00e9s de todo, ya ha habido demasiades acusades cuyos juicios casi no han captado atenci\u00f3n en la llamada escena y cuyos juicios obligar\u00e1n a algunes de elles a no moverse de all\u00ed.<\/em><\/p>\n<p align=\"JUSTIFY\"><strong><em>\u00a1Ni culpables ni inocentes!<br \/>\n<\/em><em>\u00a1Defendamos los disturbios de Hamburgo!<\/em><\/strong><\/p>\n<p align=\"JUSTIFY\"><strong><em>Elbchaussee SA\u00b9<\/em><\/strong><\/p>\n<p align=\"JUSTIFY\"><em>[Traducido del Indymedia Deutschland, 23.12.2018]<\/em><\/p>\n<p align=\"JUSTIFY\"><em>NdT: \u00b9Para AG (Aktiengesellschaft) esto se traducir\u00eda al castellano como \u00abSociedad An\u00f3nima (SA)\u00bb.<\/em><\/p>\n<h5 class=\"western\" align=\"JUSTIFY\"><\/h5>\n","protected":false},"excerpt":{"rendered":"<p>Sigue una traducci\u00f3n que hemos hecho de la versi\u00f3n en ingl\u00e9s (publicada en Act For Freedom Now!) del comunicado que reivindica el incendio en Berl\u00edn, Alemania, de dos veh\u00edculos de la empresa KONE, la cual se beneficia del sistema carcelario &hellip; <a href=\"https:\/\/vozcomoarma.noblogs.org\/?p=21214\">Sigue leyendo <span class=\"meta-nav\">&rarr;<\/span><\/a><\/p>\n","protected":false},"author":7045,"featured_media":0,"comment_status":"closed","ping_status":"open","sticky":false,"template":"","format":"standard","meta":{"footnotes":""},"categories":[58,321,61,9,7],"tags":[51,17,21,16,26,42,19,10,11],"class_list":["post-21214","post","type-post","status-publish","format-standard","hentry","category-acciones","category-detenides-y-encarcelades-no-g20-hamburgo-julio-2017","category-noticias","category-noticias-y-comunicados","category-presxs","tag-alemania","tag-carcel","tag-disturbios","tag-guerra-social","tag-insurreccionalismo","tag-movimientos-sociales","tag-represion","tag-sabotaje","tag-solidaridad"],"_links":{"self":[{"href":"https:\/\/vozcomoarma.noblogs.org\/index.php?rest_route=\/wp\/v2\/posts\/21214","targetHints":{"allow":["GET"]}}],"collection":[{"href":"https:\/\/vozcomoarma.noblogs.org\/index.php?rest_route=\/wp\/v2\/posts"}],"about":[{"href":"https:\/\/vozcomoarma.noblogs.org\/index.php?rest_route=\/wp\/v2\/types\/post"}],"author":[{"embeddable":true,"href":"https:\/\/vozcomoarma.noblogs.org\/index.php?rest_route=\/wp\/v2\/users\/7045"}],"replies":[{"embeddable":true,"href":"https:\/\/vozcomoarma.noblogs.org\/index.php?rest_route=%2Fwp%2Fv2%2Fcomments&post=21214"}],"version-history":[{"count":3,"href":"https:\/\/vozcomoarma.noblogs.org\/index.php?rest_route=\/wp\/v2\/posts\/21214\/revisions"}],"predecessor-version":[{"id":21219,"href":"https:\/\/vozcomoarma.noblogs.org\/index.php?rest_route=\/wp\/v2\/posts\/21214\/revisions\/21219"}],"wp:attachment":[{"href":"https:\/\/vozcomoarma.noblogs.org\/index.php?rest_route=%2Fwp%2Fv2%2Fmedia&parent=21214"}],"wp:term":[{"taxonomy":"category","embeddable":true,"href":"https:\/\/vozcomoarma.noblogs.org\/index.php?rest_route=%2Fwp%2Fv2%2Fcategories&post=21214"},{"taxonomy":"post_tag","embeddable":true,"href":"https:\/\/vozcomoarma.noblogs.org\/index.php?rest_route=%2Fwp%2Fv2%2Ftags&post=21214"}],"curies":[{"name":"wp","href":"https:\/\/api.w.org\/{rel}","templated":true}]}}