{"id":21240,"date":"2018-12-30T12:53:48","date_gmt":"2018-12-30T11:53:48","guid":{"rendered":"https:\/\/vozcomoarma.noblogs.org\/?p=21240"},"modified":"2018-12-30T12:54:14","modified_gmt":"2018-12-30T11:54:14","slug":"muere-en-la-prision-de-zuera-el-preso-en-lucha-luis-miguel-mingorance","status":"publish","type":"post","link":"https:\/\/vozcomoarma.noblogs.org\/?p=21240","title":{"rendered":"Muere en la prisi\u00f3n de Zuera el preso en lucha Lu\u00eds Miguel Mingorance"},"content":{"rendered":"<p align=\"JUSTIFY\">Nos enteramos por nuestres compas de <strong><a href=\"https:\/\/aleva.noblogs.org\/post\/2018\/12\/28\/otra-muerte-mas-en-prision\/\">Aleva<\/a><\/strong>\u00a0de otra muerte en la c\u00e1rcel. Otro \u00abaccidente\u00bb, otro \u00abproblema de salud\u00bb, otro \u00abdescuido\u00bb, otro d\u00eda hechas polvo por la impotencia y la rabia. Lu\u00eds muri\u00f3 en el talego de Zuera por met\u00e1stasis pulmonar. Pudo ser la guerra sucia de la desatenci\u00f3n m\u00e9dica y el abandono sanitario usados como herramienta de tortura por m\u00e9dicos que responden ante una administraci\u00f3n penitenciaria s\u00e1dica y corrupta, no lo sabemos. Lo que s\u00ed sabemos es cu\u00e1l fue la verdadera enfermedad que mat\u00f3 a Lu\u00eds y a tantes otres antes que \u00e9l, se la conoce por muchos nombres: Apat\u00eda, Precariedad, Civismo, Aislamiento, Jurisprudencia&#8230; Nosotres la llamamos C\u00e1rcel.<\/p>\n<p align=\"JUSTIFY\">Otra muerte m\u00e1s que se suma a la interminable necrol\u00f3gica de las prisiones y de esta sociedad mientras con las manos ensangrentadas de indiferencia les dem\u00f3cratas, como dijo cierto escrito, <em>\u00ab<span class=\"st\">pasean sobre ti de puntillas para no despertar leviatanes en sus conciencias<\/span>\u00ab<\/em>.<\/p>\n<p align=\"JUSTIFY\"><strong>Tampoco esta muerte ser\u00e1 olvidada ni perdonada.<\/strong><br \/>\n<strong>Tambi\u00e9n este desgarro os costar\u00e1 noches en vela.<\/strong><\/p>\n<p align=\"JUSTIFY\"><strong>Al menos ya eres libre. Que la tierra te sea leve.<\/strong><br \/>\n<strong>Por un mundo sin jaulas y sin muros, sin amos ni esclaves.<\/strong><\/p>\n<p align=\"JUSTIFY\">&#8212;&#8212;&#8212;&#8212;&#8212;&#8212;&#8212;&#8212;&#8212;&#8212;&#8212;&#8212;&#8212;&#8212;<\/p>\n<p align=\"JUSTIFY\"><em>Hace unos d\u00edas nos enteramos de la muerte en la prisi\u00f3n de Zuera, Zaragoza, del preso Luis Miguel Mingorance Corral. Muri\u00f3 de una met\u00e1stasis pulmonar a poco menos de dos a\u00f1os de ser excarcelado.<\/em><\/p>\n<p align=\"JUSTIFY\"><em>Cabe recordar que una de las principales reinvindicaciones de lxs presxs en lucha, que durante el 2018 ya han hecho tres huelgas de hambre adem\u00e1s de otras formas de presi\u00f3n, es una atenci\u00f3n m\u00e9dica digna e independiente de insituciones penintenciarias. El caso de Luis Miguel evidencia otra vez m\u00e1s, que lxs pobres mueren en la c\u00e1rcel y de c\u00e1rcel.<\/em><\/p>\n<p align=\"JUSTIFY\"><em>\u201cHuesito Pavo\u201d, como era conocido por muchxs de sus compa\u00f1erxs y amigxs perteneci\u00f3 al Colectivo de Presxs Sociales Anarquistas, COLAPSO, particip\u00f3 en la lucha contra el FIES (pas\u00f3 10 a\u00f1os entre aislamiento y este cruel r\u00e9gimen) e hizo huelgas de hambre, <strong><a href=\"http:\/\/tokata.info\/luis-miguel-mingorance-corral-en-huelga-de-hambre-desde-el-10-de-enero-en-la-carcel-de-soto-del-real-madrid\/\" target=\"_blank\" rel=\"noopener\">como en el 2014<\/a><\/strong>, cuando llevaba 14 a\u00f1os preso.<\/em><\/p>\n<p align=\"JUSTIFY\"><em><strong><a href=\"http:\/\/tokata.info\/luis-miguel-mingorance-corral-en-huelga-de-hambre-desde-el-10-de-enero-en-la-carcel-de-soto-del-real-madrid\/\" target=\"_blank\" rel=\"noopener\">Aqu\u00ed<\/a><\/strong> puede verse tambi\u00e9n un comunicado suyo del 2013.<\/em><\/p>\n<p align=\"JUSTIFY\"><em>Pinchando <strong><a href=\"http:\/\/loquesomos.org\/la-realidad-habla-por-si-sola\/\" target=\"_blank\" rel=\"noopener\">aqu\u00ed<\/a><\/strong> pod\u00e9is leer el texto \u201c<strong><a href=\"http:\/\/loquesomos.org\/la-realidad-habla-por-si-sola\/\" target=\"_blank\" rel=\"noopener\">La realidad habla por si sola<\/a><\/strong>\u201d del compa\u00f1ero Juankar Santana Mart\u00edn.<\/em><\/p>\n<p align=\"JUSTIFY\"><em>Y <strong><a href=\"https:\/\/familiasfrentealacrueldadcarcelaria.noblogs.org\/post\/2018\/11\/26\/que-se-haga-la-guerra-en-memoria-de-luis-mingorance-corral\/\" target=\"_blank\" rel=\"noopener\">aqu\u00ed otro texto<\/a><\/strong> de Laura Delgado colgado en su p\u00e1gina web <strong><a href=\"https:\/\/www.abogaciaenprisiones.com\/\" target=\"_blank\" rel=\"noopener\">Abogac\u00eda en prisiones<\/a><\/strong> y del que copiamos un extracto.<\/em><\/p>\n<p align=\"JUSTIFY\"><em>\u00abMuerte por inasistencia m\u00e9dica, deber\u00edan de decir en honor a la verdad. T\u00fa no has muerto\u00a0de forma natural, Huesito, t\u00fa te has ido porque te han dejado ir. T\u00fa te has ido porque tu\u00a0vida val\u00eda menos que la de cualquier otro ciudadano libre.\u00a0Tu vida era como de segunda, as\u00ed que no val\u00eda la pena velar por ella; por m\u00e1s que la ley diga blablabl\u00e1. Tu delito fue el de nacer donde naciste, sin m\u00e1s.<\/em><\/p>\n<p align=\"JUSTIFY\"><em>Que nadie intente convencerme de lo contrario.<\/em><\/p>\n<p align=\"JUSTIFY\"><em>No podr\u00e9 tener m\u00e1s que ese recuerdo para revivirte, no perderte o conservarte. Nunca sabr\u00e9 siquiera si t\u00fa mismo lograste volver a inmortalizarte antes de irte.<\/em><\/p>\n<p align=\"JUSTIFY\"><em>Nunca sabr\u00e9 tantas otras muchas cosas que me hubiera gustado saber\u2026<\/em><\/p>\n<p align=\"JUSTIFY\"><strong><em>Huesito.<\/em><\/strong><br \/>\n<strong><em>Que la tierra te sea leve.<\/em><\/strong><\/p>\n<p align=\"JUSTIFY\"><em><strong>Que dejes tanta guerra como paz te espera en el cielo.<\/strong>\u00ab<\/em><\/p>\n<p align=\"JUSTIFY\"><img loading=\"lazy\" decoding=\"async\" class=\"aligncenter wp-image-21242 size-full\" src=\"https:\/\/vozcomoarma.noblogs.org\/files\/2018\/12\/carceltortura.jpg\" alt=\"\" width=\"1600\" height=\"259\" srcset=\"https:\/\/vozcomoarma.noblogs.org\/files\/2018\/12\/carceltortura.jpg 1600w, https:\/\/vozcomoarma.noblogs.org\/files\/2018\/12\/carceltortura-300x49.jpg 300w, https:\/\/vozcomoarma.noblogs.org\/files\/2018\/12\/carceltortura-768x124.jpg 768w, https:\/\/vozcomoarma.noblogs.org\/files\/2018\/12\/carceltortura-1024x166.jpg 1024w\" sizes=\"auto, (max-width: 1600px) 100vw, 1600px\" \/><\/p>\n","protected":false},"excerpt":{"rendered":"<p>Nos enteramos por nuestres compas de Aleva\u00a0de otra muerte en la c\u00e1rcel. Otro \u00abaccidente\u00bb, otro \u00abproblema de salud\u00bb, otro \u00abdescuido\u00bb, otro d\u00eda hechas polvo por la impotencia y la rabia. Lu\u00eds muri\u00f3 en el talego de Zuera por met\u00e1stasis pulmonar. &hellip; <a href=\"https:\/\/vozcomoarma.noblogs.org\/?p=21240\">Sigue leyendo <span class=\"meta-nav\">&rarr;<\/span><\/a><\/p>\n","protected":false},"author":7045,"featured_media":0,"comment_status":"closed","ping_status":"open","sticky":false,"template":"","format":"standard","meta":{"footnotes":""},"categories":[61,9,7],"tags":[35,17,24,19,11,71,118],"class_list":["post-21240","post","type-post","status-publish","format-standard","hentry","category-noticias","category-noticias-y-comunicados","category-presxs","tag-asesinato-de-estado","tag-carcel","tag-reflexion","tag-represion","tag-solidaridad","tag-tortura","tag-zaragoza"],"_links":{"self":[{"href":"https:\/\/vozcomoarma.noblogs.org\/index.php?rest_route=\/wp\/v2\/posts\/21240","targetHints":{"allow":["GET"]}}],"collection":[{"href":"https:\/\/vozcomoarma.noblogs.org\/index.php?rest_route=\/wp\/v2\/posts"}],"about":[{"href":"https:\/\/vozcomoarma.noblogs.org\/index.php?rest_route=\/wp\/v2\/types\/post"}],"author":[{"embeddable":true,"href":"https:\/\/vozcomoarma.noblogs.org\/index.php?rest_route=\/wp\/v2\/users\/7045"}],"replies":[{"embeddable":true,"href":"https:\/\/vozcomoarma.noblogs.org\/index.php?rest_route=%2Fwp%2Fv2%2Fcomments&post=21240"}],"version-history":[{"count":2,"href":"https:\/\/vozcomoarma.noblogs.org\/index.php?rest_route=\/wp\/v2\/posts\/21240\/revisions"}],"predecessor-version":[{"id":21244,"href":"https:\/\/vozcomoarma.noblogs.org\/index.php?rest_route=\/wp\/v2\/posts\/21240\/revisions\/21244"}],"wp:attachment":[{"href":"https:\/\/vozcomoarma.noblogs.org\/index.php?rest_route=%2Fwp%2Fv2%2Fmedia&parent=21240"}],"wp:term":[{"taxonomy":"category","embeddable":true,"href":"https:\/\/vozcomoarma.noblogs.org\/index.php?rest_route=%2Fwp%2Fv2%2Fcategories&post=21240"},{"taxonomy":"post_tag","embeddable":true,"href":"https:\/\/vozcomoarma.noblogs.org\/index.php?rest_route=%2Fwp%2Fv2%2Ftags&post=21240"}],"curies":[{"name":"wp","href":"https:\/\/api.w.org\/{rel}","templated":true}]}}