{"id":21245,"date":"2018-12-30T13:05:39","date_gmt":"2018-12-30T12:05:39","guid":{"rendered":"https:\/\/vozcomoarma.noblogs.org\/?p=21245"},"modified":"2018-12-31T12:28:09","modified_gmt":"2018-12-31T11:28:09","slug":"pintadas-anarcofeministas-en-la-sede-de-vox-en-ciudad-real","status":"publish","type":"post","link":"https:\/\/vozcomoarma.noblogs.org\/?p=21245","title":{"rendered":"Pintadas anarcofeministas en la sede de VOX en Ciudad Real"},"content":{"rendered":"<p align=\"JUSTIFY\">Recogemos de <strong><a href=\"https:\/\/aleva.noblogs.org\/post\/2018\/12\/29\/pintadas-en-vox-ciudad-real-fotos\/\">Aleva<\/a> <\/strong>esta noticia y las fotograf\u00edas que la acompa\u00f1an de algunas pintadas en la sede del partido fascista VOX en Ciudad Real. Seg\u00fan la prensa local de la ciudad manchega, esta ser\u00eda la cuarta vez que el local de VOX recibe este tipo de \u00abvisita\u00bb.<\/p>\n<p align=\"JUSTIFY\"><strong>\u00a1A localizar, se\u00f1alar y atacar a esta escoria donde quiera que se atrevan a mostrarse!<\/strong><\/p>\n<p align=\"JUSTIFY\">&#8212;&#8212;&#8212;&#8212;&#8212;&#8212;&#8211;<\/p>\n<p align=\"JUSTIFY\"><em>Seg\u00fan vemos en un peri\u00f3dico digital local alguien se pas\u00f3 a redecorar el cartel y la entrada de la sede del partido casposo-fachuzo Vox en la capital.<\/em><\/p>\n<p align=\"JUSTIFY\"><em>Tambi\u00e9n de acuerdo a lo que dice en la noticia, es la cuarta vez que algo as\u00ed sucede.<\/em><\/p>\n<p align=\"JUSTIFY\"><em>Nos alegra ver que la gente no se resigna y se que va a dar batalla a las ideas patri\u00f3ticas, machirulas, especistas, racistas, trans-hom\u00f3fobas, etc. que este partido representa.<\/em><\/p>\n<p align=\"JUSTIFY\"><img loading=\"lazy\" decoding=\"async\" class=\"size-full wp-image-21246 aligncenter\" src=\"https:\/\/vozcomoarma.noblogs.org\/files\/2018\/12\/m1.jpg\" alt=\"\" width=\"550\" height=\"733\" srcset=\"https:\/\/vozcomoarma.noblogs.org\/files\/2018\/12\/m1.jpg 550w, https:\/\/vozcomoarma.noblogs.org\/files\/2018\/12\/m1-225x300.jpg 225w\" sizes=\"auto, (max-width: 550px) 100vw, 550px\" \/> <img loading=\"lazy\" decoding=\"async\" class=\"size-full wp-image-21247 aligncenter\" src=\"https:\/\/vozcomoarma.noblogs.org\/files\/2018\/12\/n1.jpg\" alt=\"\" width=\"550\" height=\"733\" srcset=\"https:\/\/vozcomoarma.noblogs.org\/files\/2018\/12\/n1.jpg 550w, https:\/\/vozcomoarma.noblogs.org\/files\/2018\/12\/n1-225x300.jpg 225w\" sizes=\"auto, (max-width: 550px) 100vw, 550px\" \/><\/p>\n","protected":false},"excerpt":{"rendered":"<p>Recogemos de Aleva esta noticia y las fotograf\u00edas que la acompa\u00f1an de algunas pintadas en la sede del partido fascista VOX en Ciudad Real. Seg\u00fan la prensa local de la ciudad manchega, esta ser\u00eda la cuarta vez que el local &hellip; <a href=\"https:\/\/vozcomoarma.noblogs.org\/?p=21245\">Sigue leyendo <span class=\"meta-nav\">&rarr;<\/span><\/a><\/p>\n","protected":false},"author":7045,"featured_media":0,"comment_status":"closed","ping_status":"open","sticky":false,"template":"","format":"standard","meta":{"footnotes":""},"categories":[58,61,9],"tags":[14,49,332,16,42],"class_list":["post-21245","post","type-post","status-publish","format-standard","hentry","category-acciones","category-noticias","category-noticias-y-comunicados","tag-anti-fascismo","tag-anti-sexismo","tag-ciudad-real","tag-guerra-social","tag-movimientos-sociales"],"_links":{"self":[{"href":"https:\/\/vozcomoarma.noblogs.org\/index.php?rest_route=\/wp\/v2\/posts\/21245","targetHints":{"allow":["GET"]}}],"collection":[{"href":"https:\/\/vozcomoarma.noblogs.org\/index.php?rest_route=\/wp\/v2\/posts"}],"about":[{"href":"https:\/\/vozcomoarma.noblogs.org\/index.php?rest_route=\/wp\/v2\/types\/post"}],"author":[{"embeddable":true,"href":"https:\/\/vozcomoarma.noblogs.org\/index.php?rest_route=\/wp\/v2\/users\/7045"}],"replies":[{"embeddable":true,"href":"https:\/\/vozcomoarma.noblogs.org\/index.php?rest_route=%2Fwp%2Fv2%2Fcomments&post=21245"}],"version-history":[{"count":2,"href":"https:\/\/vozcomoarma.noblogs.org\/index.php?rest_route=\/wp\/v2\/posts\/21245\/revisions"}],"predecessor-version":[{"id":21263,"href":"https:\/\/vozcomoarma.noblogs.org\/index.php?rest_route=\/wp\/v2\/posts\/21245\/revisions\/21263"}],"wp:attachment":[{"href":"https:\/\/vozcomoarma.noblogs.org\/index.php?rest_route=%2Fwp%2Fv2%2Fmedia&parent=21245"}],"wp:term":[{"taxonomy":"category","embeddable":true,"href":"https:\/\/vozcomoarma.noblogs.org\/index.php?rest_route=%2Fwp%2Fv2%2Fcategories&post=21245"},{"taxonomy":"post_tag","embeddable":true,"href":"https:\/\/vozcomoarma.noblogs.org\/index.php?rest_route=%2Fwp%2Fv2%2Ftags&post=21245"}],"curies":[{"name":"wp","href":"https:\/\/api.w.org\/{rel}","templated":true}]}}