{"id":21308,"date":"2019-01-05T15:49:04","date_gmt":"2019-01-05T14:49:04","guid":{"rendered":"https:\/\/vozcomoarma.noblogs.org\/?p=21308"},"modified":"2019-01-05T15:49:04","modified_gmt":"2019-01-05T14:49:04","slug":"texto-la-lucha-contra-el-circo-con-animales-en-ciudad-real","status":"publish","type":"post","link":"https:\/\/vozcomoarma.noblogs.org\/?p=21308","title":{"rendered":"[Texto] La lucha contra el circo con animales en Ciudad Real"},"content":{"rendered":"<p align=\"JUSTIFY\">Recojo del blog de les compas de <strong><a href=\"https:\/\/aleva.noblogs.org\/\">Aleva<\/a> <\/strong>el siguiente texto que resume la lucha contra los circos con animales en Ciudad Real. Recomendamos tambi\u00e9n el texto <strong><a href=\"https:\/\/vozcomoarma.noblogs.org\/?p=11362\">\u00abCr\u00f3nica incompleta de la lucha contra el Circo Coliseo en Ciudad Real\u00bb<\/a><\/strong>.<\/p>\n<p align=\"JUSTIFY\">&#8212;&#8212;&#8212;&#8212;&#8212;&#8212;&#8212;&#8212;&#8212;&#8212;&#8212;<\/p>\n<p align=\"JUSTIFY\"><em>Hemos recibido en el corro electr\u00f3nico el siguiente texto. En \u00e9l se hace un an\u00e1lisis y repaso de lo que ha sido la lucha contra el circo con animales en Ciudad Real en un periodo concreto, donde se concentraron varios circos tras varios a\u00f1os sin ir ninguno.<\/em><\/p>\n<p align=\"JUSTIFY\"><em>Tambi\u00e9n se solidarizan <strong><a href=\"http:\/\/www.porelfindelcircoconanimales.wordpress.com\/\">con la campa\u00f1a<\/a> <\/strong>que contra estas prisiones ambulantes est\u00e1 en marcha en Madrid.<\/em><\/p>\n<p align=\"JUSTIFY\"><em>Gracias a lxs compa\u00f1erxs que no han env\u00edado el texto para su difusi\u00f3n.<\/em><\/p>\n<p align=\"JUSTIFY\"><strong><em>La lucha contra el circo con animales en Ciudad Real.<br \/>\n<\/em><em>Ilusi\u00f3n, tenacidad y tensi\u00f3n frente a cautiverio y mentiras.<\/em><\/strong><\/p>\n<p align=\"JUSTIFY\"><em>La oposici\u00f3n al uso de animales en circos en Ciudad Real capital pas\u00f3 por una intensa y fruct\u00edfera \u00e9poca durante los a\u00f1os 2016 y 2017. Nos parece crucial sacar hacia afuera las experiencias que vivimos en esta lucha pues al fin y al cabo, son las que permiten armarnos de ense\u00f1anzas para poder afilar nuestras pr\u00e1cticas y evitar desgastes y frustraciones.<\/em><\/p>\n<p align=\"JUSTIFY\"><em>Sin olvidar que la realidad de esta ciudad (experiencias en luchas similares, poblaci\u00f3n, cantidad de circos que vienen y cu\u00e1ndo, etc.) es la que es, nos parece que compartir lo que nosotras pensamos que se hizo bien y lo que no, puede servir a otras compa\u00f1eras de otras partes del Estado.<\/em><\/p>\n<p align=\"JUSTIFY\"><em>Tambi\u00e9n nos tomamos esto como un gesto de solidaridad y apoyo con la gente de la campa\u00f1a contra los circos con animales de Madrid, que a\u00f1o tras a\u00f1o, ya desde hace muchos, son un ejemplo de aguante y compromiso por la libertad de los animales. Esperamos que les sirva de ayuda y animamos a apoyarles, todo el curro que han hecho sobre este tema nos sirvi\u00f3 para estar donde estamos.<\/em><\/p>\n<p align=\"JUSTIFY\"><strong><em>Antecedentes y vuelta de los circos con animales a la ciudad.<\/em><\/strong><\/p>\n<p align=\"JUSTIFY\"><em>En Ciudad Real se di\u00f3 una situaci\u00f3n muy curiosa durante bastantes a\u00f1os que fue que mientras gobern\u00f3 el Partido Popular, no hubo casi circos con animales y durante mucho tiempo tampoco hubo asesinatos de toros en la plaza. La \u201cFeria Taurina\u201d se recuper\u00f3 hace ya muchos a\u00f1os pero, al menos que nosotras recordemos, no hubo circos con animales durante varios a\u00f1os hasta el 2014, que vino uno que explotaba a una osa. Esto sin duda tiene sus repercusiones en lo que sucedi\u00f3 despu\u00e9s, porque muchas de nosotras hab\u00edamos conocido las ideas antiespecistas tiempo atr\u00e1s o lo hicimos en un momento en el que no hab\u00eda algunos de los referentes \u201ct\u00edpicos\u201d contra los que luchar[1]. B\u00e1sicamente: se cogi\u00f3 con ganas y est\u00e1bamos preparadas y con experiencias de luchas contra otras formas de explotaci\u00f3n, sobre animales no humanos y humanos.<\/em><\/p>\n<p align=\"JUSTIFY\"><em>Cuando lleg\u00f3 el circo que explotaba y humillaba a la osa (todav\u00eda con el PP) la ciudad apareci\u00f3 con cientos de carteles contra el circo con animales, pintadas y panfletos.<\/em><\/p>\n<p align=\"JUSTIFY\"><em>En el 2015 llega el PSOE al ayuntamiento con el apoyo de Ganemos, que aqu\u00ed lo conforma b\u00e1sicamente IU y un par de independientes que les permiten decir que son una candidatura m\u00e1s ampl\u00eda. Fue bochornoso ver su reacci\u00f3n y gesti\u00f3n respecto al asesinato de toros de ese a\u00f1o que termin\u00f3 celebr\u00e1ndose. Despu\u00e9s eliminaron una subvenci\u00f3n directa que ten\u00edan, de m\u00e1s de 30.000 euros pero permiten alquilar la gesti\u00f3n de la plaza por 100 euros al a\u00f1o, mantenimiento a cargo del ayuntamiento incluido\u2026 Es decir, siguen subvencionando la tauromaquia descaradamente.[2]<\/em><\/p>\n<p align=\"JUSTIFY\"><em>Contamos esto porque es una actitud muy parecida la que han tenido con respecto al circo con animales, y eso ha tenido su reflejo en las contradicciones y por tanto las repercusiones que se dieron cuando la lucha contra los mismos se desarroll\u00f3.<\/em><\/p>\n<p align=\"JUSTIFY\"><em>El circo con animales en la \u00e9poca del PP no ven\u00eda no porque estuviesen en contra, eso est\u00e1 claro. Seguramente tenga que ver con el elevado precio que ped\u00edan a los circos por cederles terrenos municipales donde instalarse. Esta pol\u00edtica cambi\u00f3 con el PSOE y Ganemos que buscando la \u201cdinamizaci\u00f3n cultural\u201d empezaron a intentar atraer todo tipo de espect\u00e1culos, entre ellos los circos con animales. Como dec\u00edamos m\u00e1s arriba su pol\u00edtica generaba una contradicci\u00f3n para con sus votantes puesto que algunas se opon\u00edan.<\/em><\/p>\n<p align=\"JUSTIFY\"><strong><em>Los circos con animales llegan a la ciudad.<\/em><\/strong><\/p>\n<p align=\"JUSTIFY\"><em>El circo que inaugura esta nueva \u00e9poca (de a\u00f1os sin ninguno pasamos a cuatro de marzo del 2016 a mayo del 2017) es el Coliseo que se instala a mediados de febrero del 2016. Este circo lleva encerrados con \u00e9l cocodrilos, leonas, tigresas, un elefante y camellos.<\/em><\/p>\n<p align=\"JUSTIFY\"><em>Una estrategia que observamos de varios circos que pasaron por aqu\u00ed es que d\u00edas antes de siquiera empezar a instalarse, llegaban a la ciudad una avanzadillas de unos pocos tipos que empezaban a instalar la publicidad. Desde el primer d\u00eda esa publicidad fue objeto de sabotajes: se arrancaban, modificaban o pintaban y sirvieron como aviso para prepararnos para lo que estaba por venir: todas sab\u00edamos cu\u00e1ndo iban a estar aqu\u00ed y cu\u00e1ndo empezaban las funciones.<\/em><\/p>\n<p align=\"JUSTIFY\"><em>Una persona fue identificada, retenida y llevada a juicio por arrancar carteles. Los <img loading=\"lazy\" decoding=\"async\" class=\"size-full wp-image-21309 alignright\" src=\"https:\/\/vozcomoarma.noblogs.org\/files\/2019\/01\/1-300x225.jpg\" alt=\"\" width=\"300\" height=\"225\" \/>responsables del circo estaban muy nerviosos[3] y no paraban de salir noticias donde hablaban de miles de euros en da\u00f1os en su carteler\u00eda y en que \u201cla gente est\u00e1 llamando para ver si las actuaciones se han cancelado\u201d debido a que muchos carteles aparecieron con esa palabra pegada. Tambi\u00e9n aparecieron pintadas en uno de los camiones que anunciaban las funciones[4] y varios coches del circo fueron da\u00f1ados.[5]<\/em><\/p>\n<p align=\"JUSTIFY\"><em>Se repartieron cientos de panfletos casi todos los d\u00edas que hab\u00eda funci\u00f3n, tanto por el centro de la ciudad como por los alrededores del circo cuando quedaba poco tiempo para que empezase, o en la misma cola de la taquillas. Tambi\u00e9n se pegaron carteles cerca de los colegios, se colg\u00f3 una pancarta y se lanzaron panfletos el s\u00e1bado por la tarde, el d\u00eda grande de las funciones, muy cerca del circo y al d\u00eda siguiente, que era el \u00faltimo que el circo estaba aqu\u00ed, se pegaron dos cartelones-pancartas y aparecieron tambi\u00e9n panfletos por el suelo.<\/em><\/p>\n<p align=\"JUSTIFY\"><em>En la calle y en internet la gente se hizo cargo del debate que se gener\u00f3, y se argument\u00f3 y difundi\u00f3 las motivaciones que nos llevan a oponernos al circo con animales.<\/em><\/p>\n<p align=\"JUSTIFY\"><em><img loading=\"lazy\" decoding=\"async\" class=\"size-full wp-image-21310 alignleft\" src=\"https:\/\/vozcomoarma.noblogs.org\/files\/2019\/01\/2-300x225.jpg\" alt=\"\" width=\"300\" height=\"225\" \/>El Coliseo se fue de Ciudad Real quej\u00e1ndose de la poca asistencia que tuvieron y achac\u00e1ndola a \u201clos grupos animalistas\u201d. Sirvi\u00f3 tambi\u00e9n para evidenciar la incoherencia de Ganemos que se vanagloria de respetar a los animales pero sostiene y colabora en un gobierno (y un sistema) que los machaca. Presentaron una moci\u00f3n para declarar Ciudad Real libre de circos con animales salvajes, la primera de las tres que propusieron y que fue rechazada, como las siguientes.<\/em><\/p>\n<p align=\"JUSTIFY\"><em>El siguiente circo con animales que vino fue el Quir\u00f3s, en octubre del mismo a\u00f1o y la verdad es que la reacci\u00f3n fue mucho menor que con el anterior. Las causas creemos que fueron m\u00faltiples y muy variadas: confianza de muchas en que la v\u00eda institucional ser\u00eda suficiente, reorganizaci\u00f3n, desilusi\u00f3n al ver que llegaba otro circo a los pocos meses del \u00faltimo y que se confirmaba por tanto que hab\u00edan venido para quedarse. De todas formas se repartieron panfletos y se pegaron carteles por toda la ciudad y su carteler\u00eda tambi\u00e9n fue redecorada. Aqu\u00ed tuvimos que soportar a varios cargos del PP haci\u00e9ndose una foto con una elefanta presa para mostrar as\u00ed su apoyo al circo con animales.<\/em><\/p>\n<p align=\"JUSTIFY\"><em><img loading=\"lazy\" decoding=\"async\" class=\"size-full wp-image-21313 alignleft\" src=\"https:\/\/vozcomoarma.noblogs.org\/files\/2019\/01\/7-300x225.jpg\" alt=\"\" width=\"300\" height=\"225\" \/>As\u00ed llegamos a febrero del 2017 y a la visita del circo Continental, que marcar\u00eda un punto de inflexi\u00f3n en la lucha. Primero, porque aunque con el anterior las cosas no se hab\u00edan dado como quer\u00edamos, supimos reponernos y organizarnos para aprovechar el momento, para no dejar pasar la oportunidad de mantener vivo el conflicto, que nos parec\u00eda crucial. Si la tendencia que empez\u00f3 con el Quir\u00f3s se hubiera mantenido, podr\u00eda llegar a normalizarse que por aqu\u00ed viniesen circos que llevan encerrados a animales para explotarlos. Para nosotras esto fue important\u00edsimo e hicimos todo lo posible para que no ocurriera. Generar un conflicto, o m\u00e1s bien evidenciar el conflicto que l\u00f3gicamente existe en que unos animales sean encerrados y humillados para beneficiar a humanos, consigue multitud de cosas. Entre ellas delimitar claramente d\u00f3nde se sit\u00faa cada una, genera contradicciones entre discursos que pueden y deben ser aprovechados, permiten demostrar que hay formas de afrontar dichos conflictos que no necesitan de las instituciones porque de hecho la lucha es contra ellas tambi\u00e9n y genera debate donde se puede agitar y difundir las ideas antiespecistas.<\/em><\/p>\n<p align=\"JUSTIFY\"><img loading=\"lazy\" decoding=\"async\" class=\"size-full wp-image-21312 aligncenter\" src=\"https:\/\/vozcomoarma.noblogs.org\/files\/2019\/01\/5-400x300.jpg\" alt=\"\" width=\"400\" height=\"300\" srcset=\"https:\/\/vozcomoarma.noblogs.org\/files\/2019\/01\/5-400x300.jpg 400w, https:\/\/vozcomoarma.noblogs.org\/files\/2019\/01\/5-400x300-300x225.jpg 300w\" sizes=\"auto, (max-width: 400px) 100vw, 400px\" \/><\/p>\n<p align=\"JUSTIFY\"><em>Se consigui\u00f3 mantener el conflicto vivo con mucha difusi\u00f3n y agitaci\u00f3n, en internet tambi\u00e9n pero principalmente en la calle. Se pegaron cientos de carteles con los motivos que nos llevan a rechazar el uso de animales en los circos, se hicieron pintadas, se colgaron pancartas y se pusieron much\u00edsimas pegatinas en la mayor\u00eda de los parques infantiles de la ciudad.<\/em><\/p>\n<p align=\"JUSTIFY\"><img loading=\"lazy\" decoding=\"async\" class=\"size-full wp-image-21311 aligncenter\" src=\"https:\/\/vozcomoarma.noblogs.org\/files\/2019\/01\/3-300x225.jpg\" alt=\"\" width=\"300\" height=\"225\" \/><\/p>\n<p align=\"JUSTIFY\"><em>Al poco de saber que el Continental estar\u00eda aqu\u00ed y que tra\u00eda animales presos se convoc\u00f3 una concentraci\u00f3n delante del mismo, en horario de funci\u00f3n. De hecho en un s\u00e1bado, cuando m\u00e1s funciones hacen y m\u00e1s p\u00fablico esperan.<\/em><\/p>\n<p align=\"JUSTIFY\"><em>Pero antes de que fuese la concentraci\u00f3n y pensamos que debido al clima que se respiraba, sucedi\u00f3 algo que casi nos deja ko: nos enteramos que el circo hab\u00eda denunciado ante la polic\u00eda que cuatro encapuchadas hab\u00edan entrado al recinto y liberado a dos bueyes e intentado abrir tambi\u00e9n a leonas y tigresas. El impacto fue enorme y la confusi\u00f3n al principio tambi\u00e9n, pero la reacci\u00f3n de despu\u00e9s fue muy buena. Se supo mantener la calma, analizar y dar una respuesta adecuada. Unas compas sacaron un texto[6] donde desmontaban toda la historia y hac\u00edan un an\u00e1lisis certero del momento que se atravesaba, la concentraci\u00f3n se mantuvo y de hecho, para ser un d\u00eda despu\u00e9s de la fiesta grande del carnaval, la asistencia fue bastante bien, de unas 60 personas y bastante combativa. El texto al que nos hemos referido lo dice, pero si lo que buscaban era separar, asustar y provocar no lo consiguieron, m\u00e1s bien al contrario.<\/em><\/p>\n<p align=\"JUSTIFY\"><img loading=\"lazy\" decoding=\"async\" class=\"size-full wp-image-21314 aligncenter\" src=\"https:\/\/vozcomoarma.noblogs.org\/files\/2019\/01\/8-300x199.jpg\" alt=\"\" width=\"300\" height=\"199\" \/><\/p>\n<p align=\"JUSTIFY\"><em>Durante la concentraci\u00f3n contamos, literalmente, 14 personas de p\u00fablico.<\/em><\/p>\n<p align=\"JUSTIFY\"><em>Para nosotras, la estancia del Continental y la respuesta que se dio, fue el principio del fin de los circos con animales en Ciudad Real.<\/em><\/p>\n<p align=\"JUSTIFY\"><em>Muy poco meses despu\u00e9s, en mayo, llega el circo Mundial, pero en esta ocasi\u00f3n, pese al poco tiempo, no pasa lo mismo que pas\u00f3 cuando vino el Quir\u00f3s. Se ten\u00eda material preparado para difundir y nada m\u00e1s saber que ven\u00edan ya se hab\u00edan pegado carteles, pegatinas y hecho pintadas. Tambi\u00e9n se puso en sus carteles que se cancelaba el espect\u00e1culo y se arrancaban o pintaban. Para quien crea que esto no sirve: los responsables del circo cifran en 3000 euros los da\u00f1os[7]. Sabemos que exageran pero est\u00e1 claro que les causa gastos y molestias reponer carteles, perder p\u00fablico que se cree que se cancela (no era raro pensar eso, se hablaba mucho del tema y hab\u00eda gente que pensaba que los circos se iban antes de la ciudad, lo que solo ocurri\u00f3 con el Continental) o andar gestionando llamadas.<\/em><\/p>\n<p align=\"JUSTIFY\"><em>Tambi\u00e9n se convoc\u00f3 una concentraci\u00f3n a la que acudi\u00f3 todav\u00eda m\u00e1s gente que a la anterior, unas 100 personas.<\/em><\/p>\n<p align=\"JUSTIFY\"><em>El paso del Mundial por la ciudad apenas tuvo repercusi\u00f3n, no hizo casi funciones y a las que hizo no fue casi nadie. Pero su estancia aqu\u00ed fue diferente a las dem\u00e1s en cuanto al tiempo, vino con mucha anterioridad y se fue mucho despu\u00e9s de terminar las funciones, pr\u00e1cticamente un mes m\u00e1s tarde. Esto sirvi\u00f3 para demostrar que las condiciones que el ayuntamiento pone son muy beneficiosas para los circos y que les sal\u00eda rentable estar aqu\u00ed, sin hacer espect\u00e1culos.<\/em><\/p>\n<p align=\"JUSTIFY\"><em>Ganemos, presionado por la movilizaciones y queriendo (pero no pudiendo) escapar de las contradicciones, llevaba el asunto a los plenos que a su vez, trasladaba algo de presi\u00f3n al PSOE, lo que llev\u00f3 a alg\u00fan gesto como multar con 700 euros al Mundial por pegar carteles en sitios prohibidos y a revocar m\u00e1s ampliaciones del tiempo que pod\u00edan estar ah\u00ed, adem\u00e1s de tener que pagar las tasas correspondientes del tiempo que se excedieron y a no devolverles ninguna fianza.[8]<\/em><\/p>\n<p align=\"JUSTIFY\"><img loading=\"lazy\" decoding=\"async\" class=\"size-full wp-image-21315 aligncenter\" src=\"https:\/\/vozcomoarma.noblogs.org\/files\/2019\/01\/4-400x300.jpg\" alt=\"\" width=\"400\" height=\"300\" srcset=\"https:\/\/vozcomoarma.noblogs.org\/files\/2019\/01\/4-400x300.jpg 400w, https:\/\/vozcomoarma.noblogs.org\/files\/2019\/01\/4-400x300-300x225.jpg 300w\" sizes=\"auto, (max-width: 400px) 100vw, 400px\" \/><\/p>\n<p align=\"JUSTIFY\"><em>Es decir, se consigui\u00f3 que lo que hasta entonces hac\u00edan sin ninguna explicaci\u00f3n y consecuencia pasase a estar cuestionado y analizado por mucha gente. A esto contribuy\u00f3 la \u00e9poca en la que el circo estuvo en la ciudad y que coincidi\u00f3 con una dura ola de calor que los animales tuvieron que soportar en condiciones muy precarias. O\u00edamos a las leonas por la noche, ve\u00edamos al elefante en un remolque dar vueltas sin parar, la gente pudo ver que los animales en los circos son recursos.<\/em><\/p>\n<p align=\"JUSTIFY\"><em>Y despu\u00e9s del circo Mundial, ninguno m\u00e1s.<\/em><\/p>\n<p align=\"JUSTIFY\"><strong><em>Conclusiones.<\/em><\/strong><\/p>\n<p align=\"JUSTIFY\"><em>En realidad durante todo el texto hemos ido diciendo que pensamos qu\u00e9 sirvi\u00f3 y qu\u00e9 no o qu\u00e9 es lo nos llev\u00f3 al punto en el que estamos. Pero quer\u00edamos concretar algunos aspectos y analizar otros m\u00e1s en profundidad.<\/em><\/p>\n<p align=\"JUSTIFY\"><em>Si algo ha caracterizado a la lucha contra el circo con animales en esta ciudad es la diversidad de estrategias utilizadas y que unas ten\u00edan m\u00e1s sentido si las otras tambi\u00e9n se hac\u00edan. Se hizo de todo, desde sabotear su publicidad hasta pegar pegatinas, pasando por convocatorias p\u00fablicas o simplemente hablar del tema con familia y amigas. Eso permit\u00eda que todas pudiesen participar en la lucha y se sintiesen parte de ella pues hab\u00eda donde elegir.<\/em><\/p>\n<p align=\"JUSTIFY\"><em>Sin duda, otro aspecto importante ha sido mantenerla lo m\u00e1s alejada posible de los partidos pol\u00edticos y de sus intentos de conducirla, pero tambi\u00e9n saber aprovecharse de ellos y reconocer que una de las maneras para presionar podr\u00eda ser empuj\u00e1ndoles a callejones sin salida, que sintieran que sino se sub\u00edan al carro, se quedaban fuera, pero que ellas no lo conduc\u00edan, \u00e9ramos nosotras. Y servirnos de ello.<\/em><\/p>\n<p align=\"JUSTIFY\"><em>Sabemos que el PSOE y Ganemos han querido jugar sus cartas t\u00edpicas: quedar bien con todo el mundo, poder seguir diciendo que apoyan a los que pueden perder un trabajo que consiste en encerrar a alguien, o a los que quieren \u201cdisfrutar de un espect\u00e1culo que es una actividad legal\u201d pero tambi\u00e9n a los animales no humanos y a las que las que defendemos su libertad. El PSOE no se atrevi\u00f3 a votar a favor de prohibirlos pero tampoco, debido a todo el l\u00edo que se formaba cada vez que ven\u00eda uno, se atrevi\u00f3 a incentivar que vinieran, m\u00e1s bien empezaron a poner trabas.<\/em><\/p>\n<p align=\"JUSTIFY\"><em>Llevamos desde Junio del 2017 sin ning\u00fan circo con animales en Ciudad Real y nos atrevemos a decir que esto no es casualidad. Ha habido unas navidades entre medias (aunque aqu\u00ed no eran esas fechas cuando sol\u00edan venir, eleg\u00edan otras ciudades m\u00e1s grandes) y m\u00e1s de un a\u00f1o y medio y nada. Es m\u00e1s, ahora mismo hay un circo que ha estado por varios pueblos de la provincia, y no ha solicitado, hasta donde sabemos, venir aqu\u00ed. Ciudad Real no es una opci\u00f3n atractiva para ellos por el poco p\u00fablico, las complicaciones y lo que ya fue la guinda, la retirada de los mimos y condiciones ventajosas que antes ten\u00edan. Y a esta situaci\u00f3n se ha llegado con compromiso, ilusi\u00f3n e imaginaci\u00f3n: lucha, lucha y m\u00e1s lucha.<\/em><\/p>\n<p align=\"JUSTIFY\"><em>Puede que nos equivoquemos y que aparezca en un tiempo un circo con animales en la ciudad pero sabemos que habr\u00e1 respuesta. Sin embargo, la sensaci\u00f3n que tenemos es que no volveremos a ver uno por aqu\u00ed, adem\u00e1s tenemos que tener en cuenta que se va a aprobar una ley a nivel regional que los proh\u00edbe si llevan animales salvajes. Dejando de lado lo injusto y especista que es la medida (y contra lo que seguiremos luchando si se da el caso) si que puede ser el golpe de gracia para este tipo de circos, al menos a nivel local.<\/em><\/p>\n<p align=\"JUSTIFY\"><strong><em>Hasta que toda jaula quede vac\u00eda.<br \/>\n<\/em><\/strong><strong><em>Liberaci\u00f3n animal.<\/em><\/strong><\/p>\n<p align=\"JUSTIFY\"><img loading=\"lazy\" decoding=\"async\" class=\"size-full wp-image-21316 aligncenter\" src=\"https:\/\/vozcomoarma.noblogs.org\/files\/2019\/01\/6-300x225.jpg\" alt=\"\" width=\"300\" height=\"225\" \/><\/p>\n<p align=\"JUSTIFY\"><strong><em>*Quienes hemos escrito este texto hemos obtenido la informaci\u00f3n recopil\u00e1ndola de diversas fuentes, todas p\u00fablicas.<\/em><\/strong><\/p>\n<p align=\"JUSTIFY\"><em><strong>[1]<\/strong> Es com\u00fan que la lucha contra la tauromaquia, los circos con animales y la caza (en concreto el uso de perras en ella) sean las m\u00e1s habituales.<\/em><\/p>\n<p align=\"JUSTIFY\"><em>De todas formas que no existieran durante un tiempo estos referentes no significa que en Ciudad Real no se desarrollasen luchas antiespecistas.<\/em><\/p>\n<p align=\"JUSTIFY\"><em><strong>[2]<\/strong> El canon anual por alquier ser\u00e1 de 100\u20ac. Pliego de condiciones del Ayutamiento de Ciudad Real<\/em><\/p>\n<p align=\"JUSTIFY\"><em><strong>[3]<\/strong> [\u2026]rotura de los carteles, que tienen un coste que supera los 1.500 euros, por lo que se ha presentado la correspondiente denuncia. De la Torre se\u00f1al\u00f3 que se han enterado del boicot porque \u201cmuchas personas\u201d se pusieron ayer en contacto con el circo para preguntar si era verdad que se hab\u00eda cancelado [\u2026]\u201c<\/em><\/p>\n<p align=\"JUSTIFY\"><em>Diario Lanza.<\/em><\/p>\n<p align=\"JUSTIFY\"><em>[\u2026]Aseguran que, aunque en algunas localidades se han encontrado alg\u00fan gesto de rechazo por emplear animales en el espect\u00e1culo, lo que ha ocurrido en Ciudad Real supera con creces lo habitual[\u2026]<\/em><\/p>\n<p align=\"JUSTIFY\"><strong><a href=\"http:\/\/www.miciudadreal.es\/2016\/03\/06\/naci-aqui-y-no-es-verdad-que-no-veo-la-luz-del-sol-vivo-muy-tranquilo-los-animales-de-circo-cuentan-su-experiencia-en-un-diptico\/\"><em><span lang=\"es-ES\">http:\/\/www.miciudadreal.es\/2016\/03\/06\/naci-aqui-y-no-es-verdad-que-no-veo-la-luz-del-sol-vivo-muy-tranquilo-los-animales-de-circo-cuentan-su-experiencia-en-un-diptico\/<\/span><\/em><\/a><\/strong><\/p>\n<p align=\"JUSTIFY\"><em><strong>[4]<\/strong> <strong><a href=\"https:\/\/www.miciudadreal.es\/2016\/03\/02\/ciudad-real-pintadas-anticirco\/\"><span lang=\"es-ES\">https:\/\/www.miciudadreal.es\/2016\/03\/02\/ciudad-real-pintadas-anticirco\/<\/span><\/a><\/strong><\/em><\/p>\n<p align=\"JUSTIFY\"><em><strong>[5]<\/strong> <strong><a href=\"https:\/\/vozcomoarma.noblogs.org\/?p=11362\">https:\/\/vozcomoarma.noblogs.org\/?p=11362<\/a><\/strong><\/em><\/p>\n<p align=\"JUSTIFY\"><em><strong>[6]<\/strong> Circos con animales. Cuando se les acaba la magia, tiran de manipulaci\u00f3n. <strong><a href=\"https:\/\/porelfindelcircoconanimales.wordpress.com\/2017\/03\/16\/circos-con-animales-cuando-se-les-acaba-la-magia-tiran-de-manipulacion\/\"><span lang=\"es-ES\">https:\/\/porelfindelcircoconanimales.wordpress.com\/2017\/03\/16\/circos-con-animales-cuando-se-les-acaba-la-magia-tiran-de-manipulacion\/<\/span><\/a><\/strong><\/em><\/p>\n<p align=\"JUSTIFY\"><em><strong>[7]<\/strong> [\u2026]Un sabotaje del que responsabilizan a \u201cgrupos de animalistas\u201d y que se traduce en la colocaci\u00f3n de pegatinas de \u201ccancelado\u201d en alg\u00fan caso, y en pintadas o fragmentos arrancados de la publicidad en otros. Estiman que los desperfectos ocasionados superan los 3.000 euros.[\u2026]<\/em><\/p>\n<p align=\"JUSTIFY\"><em>Miciudadreal. Diario digital de Ciudad Real.<\/em><\/p>\n<p align=\"JUSTIFY\"><em><strong>[8]<\/strong> [\u2026] \u201cEl Ayuntamiento reclamar\u00e1 a los responsables del circo, la cantidad correspondiente por el exceso de ocupaci\u00f3n de la v\u00eda p\u00fablica durante el periodo en el que ha estado instalado\u201d, concluye.<\/em><\/p>\n<p align=\"JUSTIFY\"><em>Por otra parte, ha informado de que el servicio de Limpieza impuso sanciones al circo de 700 euros por la pegada de carteles sin autorizaci\u00f3n.<\/em><\/p>\n<p align=\"JUSTIFY\"><em>Por \u00faltimo, ha se\u00f1alado que el Ayuntamiento reclamar\u00e1 a la empresa el pago de las tasas y cuotas de los 15 d\u00edas \u201cque ha estado de m\u00e1s\u201d en Ciudad Real y que no se le devolver\u00e1 fianza alguna.[\u2026]<\/em><\/p>\n","protected":false},"excerpt":{"rendered":"<p>Recojo del blog de les compas de Aleva el siguiente texto que resume la lucha contra los circos con animales en Ciudad Real. Recomendamos tambi\u00e9n el texto \u00abCr\u00f3nica incompleta de la lucha contra el Circo Coliseo en Ciudad Real\u00bb. &#8212;&#8212;&#8212;&#8212;&#8212;&#8212;&#8212;&#8212;&#8212;&#8212;&#8212; &hellip; <a href=\"https:\/\/vozcomoarma.noblogs.org\/?p=21308\">Sigue leyendo <span class=\"meta-nav\">&rarr;<\/span><\/a><\/p>\n","protected":false},"author":7045,"featured_media":0,"comment_status":"closed","ping_status":"open","sticky":false,"template":"","format":"standard","meta":{"footnotes":""},"categories":[20],"tags":[39,332,16,42,24,10],"class_list":["post-21308","post","type-post","status-publish","format-standard","hentry","category-textos","tag-anti-especismo","tag-ciudad-real","tag-guerra-social","tag-movimientos-sociales","tag-reflexion","tag-sabotaje"],"_links":{"self":[{"href":"https:\/\/vozcomoarma.noblogs.org\/index.php?rest_route=\/wp\/v2\/posts\/21308","targetHints":{"allow":["GET"]}}],"collection":[{"href":"https:\/\/vozcomoarma.noblogs.org\/index.php?rest_route=\/wp\/v2\/posts"}],"about":[{"href":"https:\/\/vozcomoarma.noblogs.org\/index.php?rest_route=\/wp\/v2\/types\/post"}],"author":[{"embeddable":true,"href":"https:\/\/vozcomoarma.noblogs.org\/index.php?rest_route=\/wp\/v2\/users\/7045"}],"replies":[{"embeddable":true,"href":"https:\/\/vozcomoarma.noblogs.org\/index.php?rest_route=%2Fwp%2Fv2%2Fcomments&post=21308"}],"version-history":[{"count":1,"href":"https:\/\/vozcomoarma.noblogs.org\/index.php?rest_route=\/wp\/v2\/posts\/21308\/revisions"}],"predecessor-version":[{"id":21317,"href":"https:\/\/vozcomoarma.noblogs.org\/index.php?rest_route=\/wp\/v2\/posts\/21308\/revisions\/21317"}],"wp:attachment":[{"href":"https:\/\/vozcomoarma.noblogs.org\/index.php?rest_route=%2Fwp%2Fv2%2Fmedia&parent=21308"}],"wp:term":[{"taxonomy":"category","embeddable":true,"href":"https:\/\/vozcomoarma.noblogs.org\/index.php?rest_route=%2Fwp%2Fv2%2Fcategories&post=21308"},{"taxonomy":"post_tag","embeddable":true,"href":"https:\/\/vozcomoarma.noblogs.org\/index.php?rest_route=%2Fwp%2Fv2%2Ftags&post=21308"}],"curies":[{"name":"wp","href":"https:\/\/api.w.org\/{rel}","templated":true}]}}