{"id":21325,"date":"2019-01-05T20:15:59","date_gmt":"2019-01-05T19:15:59","guid":{"rendered":"https:\/\/vozcomoarma.noblogs.org\/?p=21325"},"modified":"2019-01-09T04:13:21","modified_gmt":"2019-01-09T03:13:21","slug":"video-anarquistas-radicales-en-el-bur-2018","status":"publish","type":"post","link":"https:\/\/vozcomoarma.noblogs.org\/?p=21325","title":{"rendered":"[V\u00eddeo] Anarquistas Radicales en el BUR 2018"},"content":{"rendered":"<p align=\"JUSTIFY\">El a\u00f1o pasado, tradujimos y difundimos en este blog <strong><a href=\"https:\/\/vozcomoarma.noblogs.org\/?p=20196\">un comunicado acompa\u00f1ado de un v\u00eddeo que titulado <em>\u00abAnarquistas Radicales en el BUR 2008-2017\u00bb<\/em><\/a><\/strong>\u00a0daban cuenta de las principales acciones con un car\u00e1cter m\u00e1s militante\/ofensivo llevadas a cabo en los territorios del denominado BUR (Bielorrusia, Ucrania y Rusia) entre esos a\u00f1os. Ahora, <strong><a href=\"https:\/\/a2day.net\/radical-anarchists-in-the-bur-2018\/\">les mismes compa\u00f1eres<\/a> <\/strong>compartieron por e-mail otro v\u00eddeo similar, esta vez relativo al a\u00f1o 2018.<\/p>\n<p align=\"JUSTIFY\">La versi\u00f3n a continuaci\u00f3n, en ingl\u00e9s, fue preparada por les compas de <strong><a href=\"https:\/\/325.nostate.net\/2019\/01\/09\/radical-anarchists-in-the-belarus-ukraine-russia-2018\/\">325<\/a><\/strong>.<\/p>\n<div style=\"width: 640px;\" class=\"wp-video\"><video class=\"wp-video-shortcode\" id=\"video-21325-1\" width=\"640\" height=\"360\" preload=\"metadata\" controls=\"controls\"><source type=\"video\/mp4\" src=\"https:\/\/325.nostate.net\/wp-content\/uploads\/2019\/01\/BUR18-eng.mp4?_=1\" \/><a href=\"https:\/\/325.nostate.net\/wp-content\/uploads\/2019\/01\/BUR18-eng.mp4\">https:\/\/325.nostate.net\/wp-content\/uploads\/2019\/01\/BUR18-eng.mp4<\/a><\/video><\/div>\n","protected":false},"excerpt":{"rendered":"<p>El a\u00f1o pasado, tradujimos y difundimos en este blog un comunicado acompa\u00f1ado de un v\u00eddeo que titulado \u00abAnarquistas Radicales en el BUR 2008-2017\u00bb\u00a0daban cuenta de las principales acciones con un car\u00e1cter m\u00e1s militante\/ofensivo llevadas a cabo en los territorios del &hellip; <a href=\"https:\/\/vozcomoarma.noblogs.org\/?p=21325\">Sigue leyendo <span class=\"meta-nav\">&rarr;<\/span><\/a><\/p>\n","protected":false},"author":7045,"featured_media":0,"comment_status":"closed","ping_status":"open","sticky":false,"template":"","format":"standard","meta":{"footnotes":""},"categories":[58,95,61,9],"tags":[14,153,16,26,42,19,43,10,11,69],"class_list":["post-21325","post","type-post","status-publish","format-standard","hentry","category-acciones","category-documentales","category-noticias","category-noticias-y-comunicados","tag-anti-fascismo","tag-bielorrusia","tag-guerra-social","tag-insurreccionalismo","tag-movimientos-sociales","tag-represion","tag-rusia","tag-sabotaje","tag-solidaridad","tag-ucrania"],"_links":{"self":[{"href":"https:\/\/vozcomoarma.noblogs.org\/index.php?rest_route=\/wp\/v2\/posts\/21325","targetHints":{"allow":["GET"]}}],"collection":[{"href":"https:\/\/vozcomoarma.noblogs.org\/index.php?rest_route=\/wp\/v2\/posts"}],"about":[{"href":"https:\/\/vozcomoarma.noblogs.org\/index.php?rest_route=\/wp\/v2\/types\/post"}],"author":[{"embeddable":true,"href":"https:\/\/vozcomoarma.noblogs.org\/index.php?rest_route=\/wp\/v2\/users\/7045"}],"replies":[{"embeddable":true,"href":"https:\/\/vozcomoarma.noblogs.org\/index.php?rest_route=%2Fwp%2Fv2%2Fcomments&post=21325"}],"version-history":[{"count":5,"href":"https:\/\/vozcomoarma.noblogs.org\/index.php?rest_route=\/wp\/v2\/posts\/21325\/revisions"}],"predecessor-version":[{"id":21341,"href":"https:\/\/vozcomoarma.noblogs.org\/index.php?rest_route=\/wp\/v2\/posts\/21325\/revisions\/21341"}],"wp:attachment":[{"href":"https:\/\/vozcomoarma.noblogs.org\/index.php?rest_route=%2Fwp%2Fv2%2Fmedia&parent=21325"}],"wp:term":[{"taxonomy":"category","embeddable":true,"href":"https:\/\/vozcomoarma.noblogs.org\/index.php?rest_route=%2Fwp%2Fv2%2Fcategories&post=21325"},{"taxonomy":"post_tag","embeddable":true,"href":"https:\/\/vozcomoarma.noblogs.org\/index.php?rest_route=%2Fwp%2Fv2%2Ftags&post=21325"}],"curies":[{"name":"wp","href":"https:\/\/api.w.org\/{rel}","templated":true}]}}