{"id":2143,"date":"2013-12-17T20:25:30","date_gmt":"2013-12-17T19:25:30","guid":{"rendered":"http:\/\/vozcomoarma.noblogs.org\/?p=2143"},"modified":"2013-12-17T20:38:29","modified_gmt":"2013-12-17T19:38:29","slug":"chile-carta-de-jose-miguel-sanchez-en-solidaridad-con-francisco-solar-y-monica-caballero","status":"publish","type":"post","link":"https:\/\/vozcomoarma.noblogs.org\/?p=2143","title":{"rendered":"Chile &#8211; Carta de Jos\u00e9 Miguel S\u00e1nchez en solidaridad con Francisco Solar y M\u00f3nica Caballero."},"content":{"rendered":"<p style=\"text-align: justify\">Recibo en el correo electr\u00f3nico y difundo la siguiente carta, escrita por el compa Jos\u00e9 Miguel S\u00e1nchez en solidaridad con lxs compas M\u00f3nica Caballero y Francisco Solar y con otrxs anarquistas presxs del mundo:<\/p>\n<p style=\"text-align: justify\">&#8212;&#8212;&#8212;&#8212;&#8212;&#8212;<\/p>\n<p style=\"text-align: justify\"><em>CON EL ARMA DE LA SOLIDARIDAD ACOMPA\u00d1ANDO<\/em><\/p>\n<p align=\"JUSTIFY\"><em>Carta de Jos\u00e9 Miguel en la Semana de Solidaridad Internacional con lxs 5 anarquistas procesadxs en Barcelona.<\/em><\/p>\n<p align=\"JUSTIFY\"><em>Cuando decidimos atacar al Poder en todas sus formas y con nuestro actuar, privilegiamos la acci\u00f3n directa. Tenemos conciencia de lo que transmitir\u00e1 este accionar y cada una de las consecuencias o costos que arriesgamos; sabemos que el enemigo acecha y que el Poder mueve todas sus piezas intentando eliminar a quienes se le rebelan. Lo sabemos. No les tememos, y actuamos siendo consecuentes en funci\u00f3n de atacar lo establecido sin esperar coyunturas, disfrazando el miedo. Somos insumisxs, osadxs e ind\u00f3mitxs, somos sujetxs activxs en esta guerra declarada.<\/em><\/p>\n<p align=\"JUSTIFY\"><em>Mis hermanxs son quienes entregan todo en esta lid, incluso su propia vida. Todo, en son de dar empuje y continuidad a la destrucci\u00f3n del sistema, del Poder, de sus autoridades y de sus privilegios. A todxs ellxs mis mejores deseos, respeto y toda la fuerza para soportar las embestidas que el Poder usar\u00e1 en su contra. No tengo ning\u00fan asomo de duda de que, est\u00e9n donde est\u00e9n, ser\u00e1n dignxs y actuar\u00e1n en consciencia.<\/em><\/p>\n<p align=\"JUSTIFY\"><em>Toda la fuerza del mundo para todxs lxs presxs anarquistas del orbe, en especial a Francisco Solar, M\u00f3nica Caballero, Juan Aliste, Marcelo Villarroel, Freddy Fuentevilla, Christos Tsakalos, Conspiraci\u00f3n de C\u00e9lulas del Fuego y a quienes no olvidan a sus hermanxs presxs. Fuerza y complicidad, que ning\u00fan\/a luchador\/a presx se sienta solx.<\/em><\/p>\n<p align=\"JUSTIFY\"><em>Un abrazo en revuelta a ustedes.<\/em><\/p>\n<p align=\"JUSTIFY\"><em>Jos\u00e9 Miguel S\u00e1nchez Jim\u00e9nez. Ex Penitenciar\u00eda &#8211; Calle 9<br \/>\nDiciembre 2013.<\/em><\/p>\n<p align=\"JUSTIFY\"><a href=\"https:\/\/vozcomoarma.noblogs.org\/files\/2013\/12\/1513302_223349517789241_13163976_n.jpg\"><img loading=\"lazy\" decoding=\"async\" class=\"aligncenter size-full wp-image-2144\" alt=\"Lobo\" src=\"https:\/\/vozcomoarma.noblogs.org\/files\/2013\/12\/1513302_223349517789241_13163976_n.jpg\" width=\"340\" height=\"607\" \/><\/a><\/p>\n","protected":false},"excerpt":{"rendered":"<p>Recibo en el correo electr\u00f3nico y difundo la siguiente carta, escrita por el compa Jos\u00e9 Miguel S\u00e1nchez en solidaridad con lxs compas M\u00f3nica Caballero y Francisco Solar y con otrxs anarquistas presxs del mundo: &#8212;&#8212;&#8212;&#8212;&#8212;&#8212; CON EL ARMA DE LA &hellip; <a href=\"https:\/\/vozcomoarma.noblogs.org\/?p=2143\">Sigue leyendo <span class=\"meta-nav\">&rarr;<\/span><\/a><\/p>\n","protected":false},"author":7045,"featured_media":0,"comment_status":"closed","ping_status":"open","sticky":false,"template":"","format":"standard","meta":{"footnotes":""},"categories":[132,103,138,61,9,7,33],"tags":[17,78,16,26,24,19,11],"class_list":["post-2143","post","type-post","status-publish","format-standard","hentry","category-acusadxs-comando-mateo-morral","category-caso-security","category-jose-miguel-sanchez","category-noticias","category-noticias-y-comunicados","category-presxs","category-presxs-de-la-conspiracion-de-celulas-del-fuego-presxs","tag-carcel","tag-chile","tag-guerra-social","tag-insurreccionalismo","tag-reflexion","tag-represion","tag-solidaridad"],"_links":{"self":[{"href":"https:\/\/vozcomoarma.noblogs.org\/index.php?rest_route=\/wp\/v2\/posts\/2143","targetHints":{"allow":["GET"]}}],"collection":[{"href":"https:\/\/vozcomoarma.noblogs.org\/index.php?rest_route=\/wp\/v2\/posts"}],"about":[{"href":"https:\/\/vozcomoarma.noblogs.org\/index.php?rest_route=\/wp\/v2\/types\/post"}],"author":[{"embeddable":true,"href":"https:\/\/vozcomoarma.noblogs.org\/index.php?rest_route=\/wp\/v2\/users\/7045"}],"replies":[{"embeddable":true,"href":"https:\/\/vozcomoarma.noblogs.org\/index.php?rest_route=%2Fwp%2Fv2%2Fcomments&post=2143"}],"version-history":[{"count":1,"href":"https:\/\/vozcomoarma.noblogs.org\/index.php?rest_route=\/wp\/v2\/posts\/2143\/revisions"}],"predecessor-version":[{"id":2145,"href":"https:\/\/vozcomoarma.noblogs.org\/index.php?rest_route=\/wp\/v2\/posts\/2143\/revisions\/2145"}],"wp:attachment":[{"href":"https:\/\/vozcomoarma.noblogs.org\/index.php?rest_route=%2Fwp%2Fv2%2Fmedia&parent=2143"}],"wp:term":[{"taxonomy":"category","embeddable":true,"href":"https:\/\/vozcomoarma.noblogs.org\/index.php?rest_route=%2Fwp%2Fv2%2Fcategories&post=2143"},{"taxonomy":"post_tag","embeddable":true,"href":"https:\/\/vozcomoarma.noblogs.org\/index.php?rest_route=%2Fwp%2Fv2%2Ftags&post=2143"}],"curies":[{"name":"wp","href":"https:\/\/api.w.org\/{rel}","templated":true}]}}