{"id":21698,"date":"2019-03-05T11:49:57","date_gmt":"2019-03-05T10:49:57","guid":{"rendered":"https:\/\/vozcomoarma.noblogs.org\/?p=21698"},"modified":"2019-03-05T11:50:30","modified_gmt":"2019-03-05T10:50:30","slug":"ataque-incendiario-en-madrid-contra-vehiculos-de-e-move-y-car-to-go","status":"publish","type":"post","link":"https:\/\/vozcomoarma.noblogs.org\/?p=21698","title":{"rendered":"Quema de dos veh\u00edculos carsharing de \u201cE-move\u201d y \u201cCar to Go\u201d: Fuego a la ciudad del Capital. Fuego al Madrid de Ahora Madrid."},"content":{"rendered":"<p align=\"JUSTIFY\">Sigue a continuaci\u00f3n un comunicado recibido en el correo electr\u00f3nico y que toma responsabilidad por el doble ataque incendiario llevado a cabo en Madrid contra veh\u00edculos de las empresas E-Move y Car To Go. La acci\u00f3n se enmarca en la <a href=\"https:\/\/vozcomoarma.noblogs.org\/?p=21562\"><strong>Semana de Agitaci\u00f3n y Propaganda Contra la Gentrificaci\u00f3n y la Especulaci\u00f3n Capitalista y en Defensa de la Okupaci\u00f3n<\/strong><\/a>.<\/p>\n<p align=\"JUSTIFY\">&#8212;&#8212;&#8212;&#8212;&#8212;&#8212;&#8212;&#8212;&#8212;&#8212;&#8212;&#8212;&#8212;&#8212;&#8212;&#8212;&#8212;&#8212;&#8211;<\/p>\n<p align=\"JUSTIFY\"><em>En el marco de la semana de \u201cAgitaci\u00f3n y propaganda contra la gentrificaci\u00f3n y la especulaci\u00f3n capitalista y en defensa de la okupaci\u00f3n\u201d dos veh\u00edculos de las empresas \u201cE-Move\u201d y \u201cCar to Go\u201d fueron incendiados, en los barrios de Arganzuela y Prosperidad.<\/em><\/p>\n<p align=\"JUSTIFY\"><em>Nos encontramos en la consolidaci\u00f3n de la \u00faltima reinvenci\u00f3n democr\u00e1tica y de las ilusiones renovadas en las caducas estructuras del Estado y el parlamentarismo. La irrupci\u00f3n en el panorama pol\u00edtico de la \u201cnueva pol\u00edtica\u201d ha servido al sistema para renovar sus estructuras de dominio y dotarles de un nuevo aire de legitimidad, desgastada tras los a\u00f1os de la crisis. A medida que la v\u00eda electoral cobraba fuerza, la agitaci\u00f3n en las calles disminu\u00eda. Como siempre.<\/em><\/p>\n<p align=\"JUSTIFY\"><em>Paralelamente, nos hemos encontrado con la infiltraci\u00f3n y convivencia dentro de los llamados \u201cmovimientos sociales\u201d de pol\u00edticos y lidercillos que instrumentalizaban cualquier conato de lucha entre las muchas marcas blancas de Podemos a nivel municipal, en un reparto de la tarta del Poder municipal. Es cada vez m\u00e1s habitual ver a personajes como Errej\u00f3n en las protestas contra los CIES, parlamentarios en desahucios como el de la calle Argumosa o observar como pululan concejales y otros tipos de pol\u00edticos por algunos centros sociales okupados o no okupados, en tal o cual asamblea\u2026 Todo sea por sacar r\u00e9dito electoral y la normalizaci\u00f3n de que los gobernantes y los que aspiran a gobernarnos convivan con nosotros. La reciente lista de \u00cd\u00f1igo Errej\u00f3n de su nuevo partido (Mas Madrid) para la Comunidad de Madrid, en las que se encuentran viejos conocidos de las filas anarquistas, evidencia la necesidad de pasar a la ofensiva directa y total contra la infiltraci\u00f3n de la pol\u00edtica en las luchas e incluso en nuestro propio movimiento.\u00a0 Esto deber\u00eda servir de toque de atenci\u00f3n para que aquellos que hablan de acci\u00f3n directa mientras permiten la convivencia con las instituciones o sus representantes, la v\u00eda mediada por la pol\u00edtica y la negociaci\u00f3n. No hay medias tintas, no hay colaboraci\u00f3n posible con los pol\u00edticos de cualquier pelaje,\u00a0 ni ninguna instituci\u00f3n del Estado. Los lados de la barricada est\u00e1n claros. Combatir la democracia como elemento integrador y f\u00f3rmula de gesti\u00f3n del conflicto por parte del Estado es una labor constante y activa, m\u00e1s all\u00e1 de las fechas puntuales de movilizaci\u00f3n de \u201cmasas\u201d en las campa\u00f1as electorales (que tambi\u00e9n).<\/em><\/p>\n<p align=\"JUSTIFY\"><em>\u00bfQu\u00e9 trajo consigo la victoria de Ahora Madrid? Pasos de cebra inclusivos, un mont\u00f3n de protocolos medi\u00e1ticos disfrazados de ecologismo progre, m\u00e1s desahucios, m\u00e1s desalojos, procesos de amenazas a espacios okupados, maderos municipales acosando y persiguiendo a personas migrantes, m\u00e1s control policial, videovigilancia, fiestas y macroeventos patrocinados por las grandes empresas, como el Orgullo, macro pelotazos urban\u00edsticos bendiciendo la inseparable uni\u00f3n entre Estado y capitalismo -la operaci\u00f3n Chamart\u00edn-, los barrios gentrificados, turistificados y pasto de la especulaci\u00f3n capitalista, con la consiguiente expulsi\u00f3n de los habitantes y la precarizaci\u00f3n de las ya de por si asquerosas condiciones de vida en un sistema basado en la explotaci\u00f3n y la sumisi\u00f3n.<\/em><\/p>\n<p align=\"JUSTIFY\"><em>Y todo ello bajo el pestilente hedor del surgimiento de un mont\u00f3n de empresas de lo ecol\u00f3gico, de \u201ccorredores verdes\u201d, de centros de ocio perfectamente controlados y vigilados para progres de clase media, como \u201cMatadero\u201d, la ideolog\u00eda del reciclaje y dem\u00e1s medidas del ecologismo estatista europeo: el objetivo es disimular que las ciudades, como centros de mando del capital y del Poder, son monstruos que devastan personas, que destrozan la tierra y el medio, insostenibles a todos los niveles para todo lo que no sea el desarrollo capitalista. No hay otra administraci\u00f3n posible de las ciudad que no sea a trav\u00e9s del control social, la especulaci\u00f3n y el constante cambio seg\u00fan las necesidades del Poder. Una muestra m\u00e1s de la necesidad de un Estado regulador del capitalismo mediante la Ley, para perpetuar as\u00ed las mismas l\u00f3gicas de dominio y destrucci\u00f3n de la tierra dentro de los par\u00e1metros democr\u00e1ticos.<\/em><\/p>\n<p align=\"JUSTIFY\"><em>La tecnolog\u00eda cumple aqui un papel especial, nuevamente adornada por una capa de barniz de la ideolog\u00eda del progreso, de la eficencia y la gesti\u00f3n ecol\u00f3gica: la smart city como proyecto de ciudad vigilada, donde la informaci\u00f3n y las bases de datos se enceuntran al servicio de las empresas y del Estado, al servicio del mercado y el control. Hablar de Smart City es hablar de los contadores inteligentes de gas y electricidad, que pueden determinar para qu\u00e9 y de qu\u00e9 manera se esta utilizando la luz, las c\u00e1maras de la M30 o de Lavapi\u00e9s, y por supuesto todas las empresas apadrinadas por el ayuntamiento al estilo de \u201cBicimad\u201d, \u201cE-Move\u201d o \u201cCar To Go\u201d: atacar a una de sus piezas es atacar al conjunto de una l\u00f3gica basada en el control y el consumo como \u00fanicas f\u00f3rmulas de vida. El capitalismo 4.0 encuentra su mejor aliado en la socialdemocracia posmoderna y en el partido de Manuela Carmena y sus ac\u00f3litos.<\/em><\/p>\n<p align=\"JUSTIFY\"><em>Este ataque incendiario es solo un peque\u00f1o aporte a la guerra social en curso con una peque\u00f1a reflexi\u00f3n oportuna para clarificar que nuestros enemigos son el Estado y el capitalismo, sus defensores y sus falsos cr\u00edticos.<\/em><\/p>\n<p align=\"JUSTIFY\"><strong><em>\u00a1Guerra a la democracia!<br \/>\n<\/em><em>\u00a1Guerra a la ciudad del capital!<br \/>\n<\/em><em>\u00a1Viva la anarqu\u00eda!<\/em><\/strong><\/p>\n<p align=\"JUSTIFY\"><strong><em>Algunxs anarquistas<\/em><\/strong><\/p>\n<p align=\"JUSTIFY\">\n","protected":false},"excerpt":{"rendered":"<p>Sigue a continuaci\u00f3n un comunicado recibido en el correo electr\u00f3nico y que toma responsabilidad por el doble ataque incendiario llevado a cabo en Madrid contra veh\u00edculos de las empresas E-Move y Car To Go. La acci\u00f3n se enmarca en la &hellip; <a href=\"https:\/\/vozcomoarma.noblogs.org\/?p=21698\">Sigue leyendo <span class=\"meta-nav\">&rarr;<\/span><\/a><\/p>\n","protected":false},"author":7045,"featured_media":0,"comment_status":"closed","ping_status":"open","sticky":false,"template":"","format":"standard","meta":{"footnotes":""},"categories":[58,61,9],"tags":[47,30,40,16,26,67,42,24,10],"class_list":["post-21698","post","type-post","status-publish","format-standard","hentry","category-acciones","category-noticias","category-noticias-y-comunicados","tag-anti-desarrollismo","tag-critica-anti-industrial","tag-especulacion","tag-guerra-social","tag-insurreccionalismo","tag-madrid","tag-movimientos-sociales","tag-reflexion","tag-sabotaje"],"_links":{"self":[{"href":"https:\/\/vozcomoarma.noblogs.org\/index.php?rest_route=\/wp\/v2\/posts\/21698","targetHints":{"allow":["GET"]}}],"collection":[{"href":"https:\/\/vozcomoarma.noblogs.org\/index.php?rest_route=\/wp\/v2\/posts"}],"about":[{"href":"https:\/\/vozcomoarma.noblogs.org\/index.php?rest_route=\/wp\/v2\/types\/post"}],"author":[{"embeddable":true,"href":"https:\/\/vozcomoarma.noblogs.org\/index.php?rest_route=\/wp\/v2\/users\/7045"}],"replies":[{"embeddable":true,"href":"https:\/\/vozcomoarma.noblogs.org\/index.php?rest_route=%2Fwp%2Fv2%2Fcomments&post=21698"}],"version-history":[{"count":2,"href":"https:\/\/vozcomoarma.noblogs.org\/index.php?rest_route=\/wp\/v2\/posts\/21698\/revisions"}],"predecessor-version":[{"id":21700,"href":"https:\/\/vozcomoarma.noblogs.org\/index.php?rest_route=\/wp\/v2\/posts\/21698\/revisions\/21700"}],"wp:attachment":[{"href":"https:\/\/vozcomoarma.noblogs.org\/index.php?rest_route=%2Fwp%2Fv2%2Fmedia&parent=21698"}],"wp:term":[{"taxonomy":"category","embeddable":true,"href":"https:\/\/vozcomoarma.noblogs.org\/index.php?rest_route=%2Fwp%2Fv2%2Fcategories&post=21698"},{"taxonomy":"post_tag","embeddable":true,"href":"https:\/\/vozcomoarma.noblogs.org\/index.php?rest_route=%2Fwp%2Fv2%2Ftags&post=21698"}],"curies":[{"name":"wp","href":"https:\/\/api.w.org\/{rel}","templated":true}]}}