{"id":21767,"date":"2019-03-17T15:39:34","date_gmt":"2019-03-17T14:39:34","guid":{"rendered":"https:\/\/vozcomoarma.noblogs.org\/?p=21767"},"modified":"2019-03-17T15:39:34","modified_gmt":"2019-03-17T14:39:34","slug":"grecia-accion-en-tesalonica-contra-la-camara-de-comercio-greco-rusa-en-solidaridad-con-les-anarquistas-represaliades-en-rusia","status":"publish","type":"post","link":"https:\/\/vozcomoarma.noblogs.org\/?p=21767","title":{"rendered":"Grecia &#8211; Acci\u00f3n en Tesal\u00f3nica contra la C\u00e1mara de Comercio Greco-Rusa en solidaridad con les anarquistas represaliades en Rusia"},"content":{"rendered":"<p align=\"JUSTIFY\">A continuaci\u00f3n, dejamos la traducci\u00f3n que hemos hecho del comunicado (recogido de <strong><a href=\"https:\/\/actforfree.nostate.net\/?p=33051\">Act For Freedom Now!<\/a><\/strong>, quienes a su vez recogen y traducen desde la versi\u00f3n original en griego publicada en el blog de la okupa anarquista <strong><a href=\"http:\/\/terraincognita.squat.gr\/\">Terra Inc\u00f3gnita<\/a><\/strong> de Tesal\u00f3nica) que asume responsabilidad por una intervenci\u00f3n y ataque de anarquistas de Tesal\u00f3nica contra la C\u00e1mara de Comercio Greco-Rusa en solidaridad con les anarquistas detenides, torturades, acosades y encarcelades en Rusia a lo largo del \u00faltimo a\u00f1o y tambi\u00e9n recientemente.<\/p>\n<p>&#8212;&#8212;&#8212;&#8212;&#8212;&#8212;&#8212;&#8212;&#8212;&#8212;&#8212;&#8212;&#8212;&#8212;&#8212;<\/p>\n<p align=\"JUSTIFY\"><em>El Estado ruso ha escalado recientemente en su ataque represivo contra el movimiento anarquista. Una oleada de secuestros-arrestos y torturas a compa\u00f1eres anarquistas, que est\u00e1n siendo acusades de pertenecer a organizaciones armadas, con algunos de los casos del a\u00f1o pasado siendo:<\/em><\/p>\n<p align=\"JUSTIFY\"><em>El caso Red<\/em><br \/>\n<em>El caso del anarquista Vyatcheslav Lukichev<\/em><br \/>\n<em>El caso del anarquista Kirill Kuzminkin<\/em><br \/>\n<em>El caso del anarquista de Crimea Evgeniy Karakashev<\/em><br \/>\n<em>El caso del anarquista Azat Miftahov que est\u00e1 acusado de participar en Narodnaya Samooborona<\/em><\/p>\n<p align=\"JUSTIFY\"><em>Estos movimientos espec\u00edficos no sorprenden a nadie ya que son una t\u00e1ctica usada a menudo por el Estado ruso contra sus enemigos pol\u00edticos, minor\u00edas y miembros de la comunidad LGTBQI. Manifestaciones son reprimidas, oponentes pol\u00edticos son encarcelades, grupos fascistas son promovidos mientras los secuestros y las torturas por parte del FSB (la continuaci\u00f3n del KGB) son un fen\u00f3meno frecuente.<\/em><\/p>\n<p align=\"JUSTIFY\"><em>Algunas de las \u00faltimas causas son los cargos y arrestos a 10 personas a principios de febrero, que est\u00e1n siendo acusadas de conspiraci\u00f3n. 9 de elles fueron puestes en libertad, mientras que Azat Miftahov est\u00e1 acusado de fabricaci\u00f3n de explosivos y de participaci\u00f3n en la organizaci\u00f3n Narodnaya Samooborona (Autodefensa del Pueblo). En otro caso, el anarquista Daniil Galkin desapareci\u00f3 (su abogado y sus compa\u00f1eres no pudieron encontrarle durante horas), hab\u00eda sido secuestrado y torturado durante horas hasta que fue obligado a aparecer p\u00fablicamente en una entrevista organizada por el canal de televisi\u00f3n federal Perviy Canal diciendo que cooperar\u00e1 con la polic\u00eda y dar\u00e1 informaci\u00f3n sobre el movimiento anarquista ruso. Declar\u00f3 que durante su detenci\u00f3n vio a Azat y que los signos de tortura eran visibles en \u00e9l. Esta pr\u00e1ctica de confesiones no es nada nuevo sino una pr\u00e1ctica usada desde el pasado, ya que era usada ya en 1930.<\/em><\/p>\n<p align=\"JUSTIFY\"><em>Desde la era de los Zares hasta la era de la URSS y la supremac\u00eda del Partido Comunista de los Bolcheviques, el Estado ruso ha sido particularmente duro contra aquelles que se atrevieron a cuestionar su poder.<\/em><\/p>\n<p align=\"JUSTIFY\"><em>El bloque dominante que se junta<span lang=\"es-ES\"> alrededor de V. Putin desde principios del 2000 contin\u00faa la tradici\u00f3n de sus antecesores. Siguiendo una pol\u00edtica basada en la difusi\u00f3n del discurso nacionalista y militarista, la preparaci\u00f3n intensiva para la guerra, el apoyo de los grupos neonazis, la represi\u00f3n de todes les que se resisten, les migrantes, les homosexuales, tiende a aterrorizar a todes les que resisten o no cumplen con la norma dominante<\/span><\/em><\/p>\n<p align=\"JUSTIFY\"><em><strong><span lang=\"es-ES\">La lucha contin\u00faa<\/span><\/strong><\/em><\/p>\n<p align=\"JUSTIFY\"><em><span lang=\"es-ES\">Incluso cuando el enemigo es poderoso, sea cual sea el r\u00e9gimen en el poder, la lucha que nunca se detuvo en el pasado no lo har\u00e1 ahora. Desde los disturbios de les aldeanes y la revoluci\u00f3n de 1905 hasta la ejecuci\u00f3n del Zar, desde la revoluci\u00f3n de 1917 y la insurrecci\u00f3n de Kronstadt hasta el intento de asesinato de Lenin y las bombas a los cuarteles generales de los bolcheviques. Desde las revueltas en los gulags y la resistencia contra el r\u00e9gimen stalinista hasta las manifestaciones confrontacionales de hoy, la dura lucha antifascista, los ataques, la persistencia de les anarquistas que contin\u00faan el hilo del camino contra cualquier Estado, contra cualquier forma de explotaci\u00f3n y poder. Desde los momentos revolucionarios de ayer a las l\u00edneas de frente de hoy, nuestres compa\u00f1eres contin\u00faan luchando con coherencia.<\/span><\/em><\/p>\n<p align=\"JUSTIFY\"><em><span lang=\"es-ES\">En esta lucha, nosotres estamos con elles. A trav\u00e9s de la acci\u00f3n, el di\u00e1logo y el intercambio de experiencias y formas de pensar, construimos puentes entre las distancias.<\/span><\/em><\/p>\n<p align=\"JUSTIFY\"><em>Compa\u00f1eres de Rusia: No est\u00e1is solos. A trav\u00e9s de la solidaridad, marchamos juntes en el camino del conflicto persistente. Juntes en la lucha por la revoluci\u00f3n global y la anarqu\u00eda.<\/em><\/p>\n<p align=\"JUSTIFY\"><strong><em>\u00a1Guerra a los Estados en el mundo entero!<\/em><br \/>\n<\/strong><\/p>\n<p align=\"JUSTIFY\"><img loading=\"lazy\" decoding=\"async\" class=\"size-full wp-image-21768 aligncenter\" src=\"https:\/\/vozcomoarma.noblogs.org\/files\/2019\/03\/solidrussia-768x466.jpg\" alt=\"\" width=\"768\" height=\"466\" srcset=\"https:\/\/vozcomoarma.noblogs.org\/files\/2019\/03\/solidrussia-768x466.jpg 768w, https:\/\/vozcomoarma.noblogs.org\/files\/2019\/03\/solidrussia-768x466-300x182.jpg 300w\" sizes=\"auto, (max-width: 768px) 100vw, 768px\" \/><\/p>\n","protected":false},"excerpt":{"rendered":"<p>A continuaci\u00f3n, dejamos la traducci\u00f3n que hemos hecho del comunicado (recogido de Act For Freedom Now!, quienes a su vez recogen y traducen desde la versi\u00f3n original en griego publicada en el blog de la okupa anarquista Terra Inc\u00f3gnita de &hellip; <a href=\"https:\/\/vozcomoarma.noblogs.org\/?p=21767\">Sigue leyendo <span class=\"meta-nav\">&rarr;<\/span><\/a><\/p>\n","protected":false},"author":7045,"featured_media":0,"comment_status":"closed","ping_status":"open","sticky":false,"template":"","format":"standard","meta":{"footnotes":""},"categories":[58,347,61,9,7],"tags":[153,15,16,26,42,24,19,43,10,11,71],"class_list":["post-21767","post","type-post","status-publish","format-standard","hentry","category-acciones","category-companeres-represaliades-en-rusia-2017-2018","category-noticias","category-noticias-y-comunicados","category-presxs","tag-bielorrusia","tag-grecia","tag-guerra-social","tag-insurreccionalismo","tag-movimientos-sociales","tag-reflexion","tag-represion","tag-rusia","tag-sabotaje","tag-solidaridad","tag-tortura"],"_links":{"self":[{"href":"https:\/\/vozcomoarma.noblogs.org\/index.php?rest_route=\/wp\/v2\/posts\/21767","targetHints":{"allow":["GET"]}}],"collection":[{"href":"https:\/\/vozcomoarma.noblogs.org\/index.php?rest_route=\/wp\/v2\/posts"}],"about":[{"href":"https:\/\/vozcomoarma.noblogs.org\/index.php?rest_route=\/wp\/v2\/types\/post"}],"author":[{"embeddable":true,"href":"https:\/\/vozcomoarma.noblogs.org\/index.php?rest_route=\/wp\/v2\/users\/7045"}],"replies":[{"embeddable":true,"href":"https:\/\/vozcomoarma.noblogs.org\/index.php?rest_route=%2Fwp%2Fv2%2Fcomments&post=21767"}],"version-history":[{"count":1,"href":"https:\/\/vozcomoarma.noblogs.org\/index.php?rest_route=\/wp\/v2\/posts\/21767\/revisions"}],"predecessor-version":[{"id":21769,"href":"https:\/\/vozcomoarma.noblogs.org\/index.php?rest_route=\/wp\/v2\/posts\/21767\/revisions\/21769"}],"wp:attachment":[{"href":"https:\/\/vozcomoarma.noblogs.org\/index.php?rest_route=%2Fwp%2Fv2%2Fmedia&parent=21767"}],"wp:term":[{"taxonomy":"category","embeddable":true,"href":"https:\/\/vozcomoarma.noblogs.org\/index.php?rest_route=%2Fwp%2Fv2%2Fcategories&post=21767"},{"taxonomy":"post_tag","embeddable":true,"href":"https:\/\/vozcomoarma.noblogs.org\/index.php?rest_route=%2Fwp%2Fv2%2Ftags&post=21767"}],"curies":[{"name":"wp","href":"https:\/\/api.w.org\/{rel}","templated":true}]}}