{"id":21859,"date":"2019-03-31T21:14:38","date_gmt":"2019-03-31T19:14:38","guid":{"rendered":"https:\/\/vozcomoarma.noblogs.org\/?p=21859"},"modified":"2019-03-31T23:02:35","modified_gmt":"2019-03-31T21:02:35","slug":"prision-preventiva-para-una-persona-detenida-en-barcelona-ante-la-manifestacion-de-extrema-derecha-convocada-por-vox","status":"publish","type":"post","link":"https:\/\/vozcomoarma.noblogs.org\/?p=21859","title":{"rendered":"Prisi\u00f3n preventiva para una persona detenida en Barcelona ante la manifestaci\u00f3n de extrema derecha convocada por Vox"},"content":{"rendered":"<p align=\"JUSTIFY\">Ayer, el partido de extrema derecha Vox convoc\u00f3 una manifestaci\u00f3n en Barcelona, que fue respondida con una concentraci\u00f3n antifascista en la que se produjeron enfrentamientos con los Mossos d&#8217;Esquadra que escoltaban a los fascistas. Durante los disturbios, con calles bloqueadas por barricadas ardiend0 y cargas policiales en los alrededores de la Plaza de Espa\u00f1a, fueron detenidas 7 personas, seg\u00fan fuentes de la prensa (por la cual nos hemos enterado ante la falta de una informaci\u00f3n m\u00e1s pr\u00f3xima a les implicades en la protesta, pero a la que, por supuesto, damos la escasa \u00abcredibilidad\u00bb que merecen). 2 de estas personas ser\u00edan menores de edad, por lo que su caso pas\u00f3 a manos de la Fiscal\u00eda de Menores, mientras que las 5 personas restantes pasaron a disposici\u00f3n de los Juzgados de Instrucci\u00f3n de guardia 14, 15 y 16. Finalmente, y hasta donde hemos podido averiguar, cuatro de elles hab\u00edan quedado en libertad con cargos y con medidas cautelares (obligaci\u00f3n de comparecer peri\u00f3dicamente ante la \u00abautoridad judicial\u00bb), mientras que la persona restante, una mujer de la que no han trascendido m\u00e1s datos, fue enviada a prisi\u00f3n preventiva, comunicada y sin fianza, acusada en principio de atentado a la autoridad con objeto peligroso.<\/p>\n<p align=\"JUSTIFY\">Por nuestra parte, no deber\u00eda ser necesaria justificaci\u00f3n alguna para el ataque contra la polic\u00eda por proteger una manifestaci\u00f3n que pretende promover los mismos valores reaccionarios que cuestan la vida a tantas personas por el simple hecho de no encajar en sus normas. Las personas migrantes y racializadas, las personas LGTBI, las personas neurodiversas, las mujeres, y especialmente, las precarias que no pueden permitirse buscar una soluci\u00f3n al aborto fuera de nuestras fronteras, y por supuesto, todas las animales no-humanas que escoria como Vox pretende someter a una violencia todav\u00eda mayor protegiendo negocios asesinos como la caza o la tauromaquia. Adem\u00e1s, no podemos olvidarnos del desprecio de Vox a las distintas identidades culturales presentes en la Pen\u00ednsula, y su constante rechazo a toda expresi\u00f3n popular, social o cultural ligada a las culturas galega, vasca, catalana, con su chovinismo espa\u00f1olista siempre a flor de piel. No podemos olvidar tampoco el <strong><a href=\"https:\/\/www.lamarea.com\/2019\/03\/25\/jose-ignacio-vega-peinado-antes-de-pasarse-a-vox-fue-candidato-de-espana-2000-y-miembro-de-la-organizacion-neonazi-accion-radical\/\">amparo de Vox a elementos fascistas y neonazis condenados, como por ejemplo Jos\u00e9 Ignacio Vega Peinado<\/a><\/strong>, antiguo cantante del grupo musical neonazi Klan, vinculado a organizaciones neonazis y ultraderechistas como Acci\u00f3n Radical y Espa\u00f1a 2000, y que fue condenado entre otras cosas por dejar inv\u00e1lido a un profesor de la Universidad de Valencia de una brutal paliza o por golpear a un joven en la cabeza con un gato hidr\u00e1ulic0 que, a consecuencia de la agresi\u00f3n de Vega Peinado y sus compinches, tuvo que pasar hospitalizado casi 2 a\u00f1os (547 d\u00edas), no pudiendo recuperarse y quedando con par\u00e1lisis del lado derecho, dificultades en el habla, epilepsia y otras discapacidades. Seg\u00fan los dem\u00f3cratas y dem\u00e1s hip\u00f3critas liberales, esta es la clase de basura a la que \u00abtenemos que respetar\u00bb. No hay respeto para los enemigos de la libertad.<\/p>\n<p align=\"JUSTIFY\">Nosotres no estuvimos en Barcelona ayer, pero tenemos muy clara una cosa, y es que ni respetamos, ni toleramos, ni tenemos ninguna intenci\u00f3n de iniciar un debate ni de acercar posturas con el fascismo, ni tampoco con sus defensores y falsos cr\u00edticos. Dialogar con el fascismo significa asumirlo como interlocutor v\u00e1lido y por lo tanto reconocer como debatibles ideas que no lo son en absoluto, porque son formas de discriminaci\u00f3n estructural que atentan directamente contra la integridad de las personas por diferentes marcadores arbitrarios de su condici\u00f3n (raza, g\u00e9nero, lugar de procedencia, forma funcional, identidad sexual&#8230;). Por eso, no hay absolutamente nada de lo que hablar o que discutir. Del fascismo s\u00f3lo queremos su muerte y sus cuerpos ardiendo en la calle junto con el resto de este mundo asqueroso, as\u00ed como tambi\u00e9n los cad\u00e1veres del Capital al que sirven, del Patriarcado que les articula y del Estado y la Democracia que les blanquean.<\/p>\n<p align=\"JUSTIFY\"><em><strong> \u00abEl fascismo no se discute, se destruye\u00bb<\/strong><\/em><\/p>\n<p align=\"JUSTIFY\"><strong>Solidaridad con la luchadora encarcelada y con el resto de personas detenidas.<br \/>\n\u00a1La autodefensa y la violencia contra el fascismo SIEMPRE son leg\u00edtimas!<br \/>\n<\/strong><\/p>\n<p><iframe loading=\"lazy\" title=\"[EN DIRECTO] Antifascistas protestan por la manifestaci\u00f3n de VOX en Barcelona\" width=\"640\" height=\"360\" src=\"https:\/\/www.youtube.com\/embed\/8RW2QGVwqLY?feature=oembed\" frameborder=\"0\" allow=\"accelerometer; autoplay; clipboard-write; encrypted-media; gyroscope; picture-in-picture; web-share\" referrerpolicy=\"strict-origin-when-cross-origin\" allowfullscreen><\/iframe><\/p>\n<p><img loading=\"lazy\" decoding=\"async\" class=\"alignnone size-full wp-image-21861\" src=\"https:\/\/vozcomoarma.noblogs.org\/files\/2019\/03\/20190330125523996-kMxF-656x420@LaVanguardia-Web.jpg\" alt=\"\" width=\"656\" height=\"420\" srcset=\"https:\/\/vozcomoarma.noblogs.org\/files\/2019\/03\/20190330125523996-kMxF-656x420@LaVanguardia-Web.jpg 656w, https:\/\/vozcomoarma.noblogs.org\/files\/2019\/03\/20190330125523996-kMxF-656x420@LaVanguardia-Web-300x192.jpg 300w\" sizes=\"auto, (max-width: 656px) 100vw, 656px\" \/><\/p>\n<p><img loading=\"lazy\" decoding=\"async\" class=\"alignnone size-full wp-image-21860\" src=\"https:\/\/vozcomoarma.noblogs.org\/files\/2019\/03\/20190330123328947-kS1D-656x433@LaVanguardia-Web.jpg\" alt=\"\" width=\"656\" height=\"433\" srcset=\"https:\/\/vozcomoarma.noblogs.org\/files\/2019\/03\/20190330123328947-kS1D-656x433@LaVanguardia-Web.jpg 656w, https:\/\/vozcomoarma.noblogs.org\/files\/2019\/03\/20190330123328947-kS1D-656x433@LaVanguardia-Web-300x198.jpg 300w\" sizes=\"auto, (max-width: 656px) 100vw, 656px\" \/><\/p>\n","protected":false},"excerpt":{"rendered":"<p>Ayer, el partido de extrema derecha Vox convoc\u00f3 una manifestaci\u00f3n en Barcelona, que fue respondida con una concentraci\u00f3n antifascista en la que se produjeron enfrentamientos con los Mossos d&#8217;Esquadra que escoltaban a los fascistas. Durante los disturbios, con calles bloqueadas &hellip; <a href=\"https:\/\/vozcomoarma.noblogs.org\/?p=21859\">Sigue leyendo <span class=\"meta-nav\">&rarr;<\/span><\/a><\/p>\n","protected":false},"author":7045,"featured_media":0,"comment_status":"closed","ping_status":"open","sticky":false,"template":"","format":"standard","meta":{"footnotes":""},"categories":[58,381,61,9,7],"tags":[14,49,107,21,16,42,19,11],"class_list":["post-21859","post","type-post","status-publish","format-standard","hentry","category-acciones","category-luchadora-detenida-en-barcelona-en-los-disturbios-contra-vox-30-3-2019","category-noticias","category-noticias-y-comunicados","category-presxs","tag-anti-fascismo","tag-anti-sexismo","tag-barcelona","tag-disturbios","tag-guerra-social","tag-movimientos-sociales","tag-represion","tag-solidaridad"],"_links":{"self":[{"href":"https:\/\/vozcomoarma.noblogs.org\/index.php?rest_route=\/wp\/v2\/posts\/21859","targetHints":{"allow":["GET"]}}],"collection":[{"href":"https:\/\/vozcomoarma.noblogs.org\/index.php?rest_route=\/wp\/v2\/posts"}],"about":[{"href":"https:\/\/vozcomoarma.noblogs.org\/index.php?rest_route=\/wp\/v2\/types\/post"}],"author":[{"embeddable":true,"href":"https:\/\/vozcomoarma.noblogs.org\/index.php?rest_route=\/wp\/v2\/users\/7045"}],"replies":[{"embeddable":true,"href":"https:\/\/vozcomoarma.noblogs.org\/index.php?rest_route=%2Fwp%2Fv2%2Fcomments&post=21859"}],"version-history":[{"count":3,"href":"https:\/\/vozcomoarma.noblogs.org\/index.php?rest_route=\/wp\/v2\/posts\/21859\/revisions"}],"predecessor-version":[{"id":21871,"href":"https:\/\/vozcomoarma.noblogs.org\/index.php?rest_route=\/wp\/v2\/posts\/21859\/revisions\/21871"}],"wp:attachment":[{"href":"https:\/\/vozcomoarma.noblogs.org\/index.php?rest_route=%2Fwp%2Fv2%2Fmedia&parent=21859"}],"wp:term":[{"taxonomy":"category","embeddable":true,"href":"https:\/\/vozcomoarma.noblogs.org\/index.php?rest_route=%2Fwp%2Fv2%2Fcategories&post=21859"},{"taxonomy":"post_tag","embeddable":true,"href":"https:\/\/vozcomoarma.noblogs.org\/index.php?rest_route=%2Fwp%2Fv2%2Ftags&post=21859"}],"curies":[{"name":"wp","href":"https:\/\/api.w.org\/{rel}","templated":true}]}}