{"id":2193,"date":"2013-12-21T16:11:50","date_gmt":"2013-12-21T15:11:50","guid":{"rendered":"http:\/\/vozcomoarma.noblogs.org\/?p=2193"},"modified":"2013-12-21T16:11:50","modified_gmt":"2013-12-21T15:11:50","slug":"italia-en-la-calle-sergio-maria-stefani","status":"publish","type":"post","link":"https:\/\/vozcomoarma.noblogs.org\/?p=2193","title":{"rendered":"Italia &#8211; En la calle Sergio Maria Stefani."},"content":{"rendered":"<p style=\"text-align: justify\">Nota breve elaborada con la informaci\u00f3n encontrada en <a href=\"http:\/\/es.contrainfo.espiv.net\/2013\/12\/21\/italia-excarcelado-sergio-maria-steffani\/\">Contrainfo<\/a>.<\/p>\n<p style=\"text-align: justify\">El \u00faltimo de lxs compas italianxs involucradxs en la llamada Operazione Ardire (Operaci\u00f3n Osad\u00eda) que permanec\u00eda encarcelado fue puesto en libertad ayer, viernes 20 de diciembre, al cumplirse los 18 meses que la legislaci\u00f3n penal italiana establece como tiempo m\u00e1ximo para mantener a un\/a presx en preventiva.<\/p>\n<p style=\"text-align: justify\">El compa ha quedado por lo tanto en \u00ablibertad\u00bb pero pendiente de juicio y con las mismas medidas cautelares que lxs otrxs compa\u00f1erxs ya excarceladxs (obligaci\u00f3n de firmar peri\u00f3dicamente en juzgado y de comunicar y mantener una residencia obligatoria, no pudiendo irse a vivir a ning\u00fan otro lugar).<\/p>\n<p style=\"text-align: justify\"><a href=\"https:\/\/vozcomoarma.noblogs.org\/files\/2013\/12\/fds.jpg\"><img loading=\"lazy\" decoding=\"async\" class=\"aligncenter size-full wp-image-2196\" alt=\"Cuervos sombras\" src=\"https:\/\/vozcomoarma.noblogs.org\/files\/2013\/12\/fds.jpg\" width=\"509\" height=\"381\" srcset=\"https:\/\/vozcomoarma.noblogs.org\/files\/2013\/12\/fds.jpg 400w, https:\/\/vozcomoarma.noblogs.org\/files\/2013\/12\/fds-300x225.jpg 300w\" sizes=\"auto, (max-width: 509px) 100vw, 509px\" \/><\/a><\/p>\n","protected":false},"excerpt":{"rendered":"<p>Nota breve elaborada con la informaci\u00f3n encontrada en Contrainfo. El \u00faltimo de lxs compas italianxs involucradxs en la llamada Operazione Ardire (Operaci\u00f3n Osad\u00eda) que permanec\u00eda encarcelado fue puesto en libertad ayer, viernes 20 de diciembre, al cumplirse los 18 meses &hellip; <a href=\"https:\/\/vozcomoarma.noblogs.org\/?p=2193\">Sigue leyendo <span class=\"meta-nav\">&rarr;<\/span><\/a><\/p>\n","protected":false},"author":7045,"featured_media":0,"comment_status":"closed","ping_status":"open","sticky":false,"template":"","format":"standard","meta":{"footnotes":""},"categories":[61,9,56,7],"tags":[16,26,38,24,19,11],"class_list":["post-2193","post","type-post","status-publish","format-standard","hentry","category-noticias","category-noticias-y-comunicados","category-operacion-osadia","category-presxs","tag-guerra-social","tag-insurreccionalismo","tag-italia","tag-reflexion","tag-represion","tag-solidaridad"],"_links":{"self":[{"href":"https:\/\/vozcomoarma.noblogs.org\/index.php?rest_route=\/wp\/v2\/posts\/2193","targetHints":{"allow":["GET"]}}],"collection":[{"href":"https:\/\/vozcomoarma.noblogs.org\/index.php?rest_route=\/wp\/v2\/posts"}],"about":[{"href":"https:\/\/vozcomoarma.noblogs.org\/index.php?rest_route=\/wp\/v2\/types\/post"}],"author":[{"embeddable":true,"href":"https:\/\/vozcomoarma.noblogs.org\/index.php?rest_route=\/wp\/v2\/users\/7045"}],"replies":[{"embeddable":true,"href":"https:\/\/vozcomoarma.noblogs.org\/index.php?rest_route=%2Fwp%2Fv2%2Fcomments&post=2193"}],"version-history":[{"count":2,"href":"https:\/\/vozcomoarma.noblogs.org\/index.php?rest_route=\/wp\/v2\/posts\/2193\/revisions"}],"predecessor-version":[{"id":2198,"href":"https:\/\/vozcomoarma.noblogs.org\/index.php?rest_route=\/wp\/v2\/posts\/2193\/revisions\/2198"}],"wp:attachment":[{"href":"https:\/\/vozcomoarma.noblogs.org\/index.php?rest_route=%2Fwp%2Fv2%2Fmedia&parent=2193"}],"wp:term":[{"taxonomy":"category","embeddable":true,"href":"https:\/\/vozcomoarma.noblogs.org\/index.php?rest_route=%2Fwp%2Fv2%2Fcategories&post=2193"},{"taxonomy":"post_tag","embeddable":true,"href":"https:\/\/vozcomoarma.noblogs.org\/index.php?rest_route=%2Fwp%2Fv2%2Ftags&post=2193"}],"curies":[{"name":"wp","href":"https:\/\/api.w.org\/{rel}","templated":true}]}}