{"id":21937,"date":"2019-04-13T15:57:28","date_gmt":"2019-04-13T13:57:28","guid":{"rendered":"https:\/\/vozcomoarma.noblogs.org\/?p=21937"},"modified":"2019-04-13T15:58:04","modified_gmt":"2019-04-13T13:58:04","slug":"francia-sabotajes-en-serie-a-camaras-de-videovigilancia-en-distintos-puntos-del-departamento-de-esonne","status":"publish","type":"post","link":"https:\/\/vozcomoarma.noblogs.org\/?p=21937","title":{"rendered":"Francia &#8211; Sabotajes en serie a c\u00e1maras de videovigilancia en distintos puntos del departamento de Esonne"},"content":{"rendered":"<p align=\"JUSTIFY\">A continuaci\u00f3n, sigue una traducci\u00f3n que hemos hecho de una noticia aparecida en <strong><a href=\"https:\/\/actforfree.nostate.net\/?p=33306\">Act For Freedom Now!<\/a><\/strong> (quienes traducen al ingl\u00e9s desde la original publicada en franc\u00e9s en <strong><a href=\"https:\/\/sansattendre.noblogs.org\/post\/2019\/04\/04\/essonne-france-sabotages-en-serie-de-cameras-de-surveillance\/#more-6904\">Sans Attendre Dem\u00e1in<\/a><\/strong>. Tambi\u00e9n hemos traducido la \u00faltima parte que por razones que desconocemos no hab\u00eda sido traducida al ingl\u00e9s por les compa\u00f1eres de <strong><a href=\"https:\/\/actforfree.nostate.net\/?p=33306\">Act For Freedom Now!<\/a><\/strong>.<\/p>\n<p align=\"JUSTIFY\">Lo que sigue no es un comunicado de toma de responsabilidad por las acciones, sino una nota informativa sobre las mismas, y que incluyeron m\u00e1stiles y palos de c\u00e1maras de videovigilancia serrados o derribados embistiendo veh\u00edculos contra ellos, objetivos de las c\u00e1maras rotos, incendio de cables, incendio de unas instalaciones t\u00e9cnicas de funcionamiento central de las c\u00e1maras, y unos disturbios ocurridos cuando un par de patrullas policiales que se encontraban vigilando la c\u00e1mara en un cruce (que ya hab\u00eda sido saboteada varias veces antes) fueron atacados por una veintena de encapuchades vestides de negro que arrojaron piedras y molotovs, resultando en llamas los dos coches de los maderos y sus ocupantes hospitalizados.<\/p>\n<p align=\"JUSTIFY\">Algunas acciones se remiten varios meses atr\u00e1s y en el caso de una de ellas, hasta mediados de 2016, pero nos ha parecido interesante visibilizar y difundir que este nivel de conflicto contra la videovigilancia fue patente y duradero no tan lejos de aqu\u00ed&#8230;<\/p>\n<p align=\"JUSTIFY\">&#8212;&#8212;&#8212;&#8212;&#8212;&#8212;&#8212;&#8212;&#8212;&#8212;&#8212;&#8212;&#8211;<\/p>\n<p align=\"JUSTIFY\"><em>La prensa burguesa de Le Parisien nos dice el <strong>3.04.2019<\/strong> que los ojos del Estado est\u00e1n siendo objetivos regularmente en varias ciudades de Esonne. \u00abM\u00e1stiles serrados, una furgoneta embestida contra el palo de una c\u00e1mara, una habitaci\u00f3n t\u00e9cnica quemada. A algunes no les falta imaginaci\u00f3n a la hora de desactivar las c\u00e1maras [&#8230;]<\/em><\/p>\n<p align=\"JUSTIFY\"><em>M\u00e1s recientemente, fue en Br\u00e9tigny-sur-Orge que dos c\u00e1maras localizadas cerca del peque\u00f1o centro comercial de La Fontaine fueron el objetivo de reiterados ataques. Sus objetivos se rompieron, los cables se quemaron&#8230; solo unos d\u00edas despu\u00e9s de su instalaci\u00f3n.<\/em><\/p>\n<div id=\"attachment_21939\" style=\"width: 650px\" class=\"wp-caption alignnone\"><img loading=\"lazy\" decoding=\"async\" aria-describedby=\"caption-attachment-21939\" class=\"size-full wp-image-21939\" src=\"https:\/\/vozcomoarma.noblogs.org\/files\/2019\/04\/bretigny-e1554371390732.jpg\" alt=\"\" width=\"640\" height=\"400\" srcset=\"https:\/\/vozcomoarma.noblogs.org\/files\/2019\/04\/bretigny-e1554371390732.jpg 640w, https:\/\/vozcomoarma.noblogs.org\/files\/2019\/04\/bretigny-e1554371390732-300x188.jpg 300w\" sizes=\"auto, (max-width: 640px) 100vw, 640px\" \/><p id=\"caption-attachment-21939\" class=\"wp-caption-text\">Br\u00e9tigny-sur-Org, 5 de marzo, 2019. Las trazas todav\u00eda eran visibles unos d\u00edas despu\u00e9s del incendio de un coche utilizado para inutilizar una c\u00e1mara instalada en el distrito de La Fontaine<\/p><\/div>\n<p align=\"JUSTIFY\"><em>En Tarterets, en Corbeil-Essonnes, est\u00e1 <strong><a href=\"https:\/\/sansattendre.noblogs.org\/post\/2019\/01\/23\/corbeil-essonnes-france-en-deux-temps-contre-letat-et-sa-repression-21-janvier-2019\/\">uno de los m\u00e1stiles de c\u00e1maras de CCTV que fueron serrados en enero<\/a><\/strong>.<\/em><\/p>\n<p align=\"JUSTIFY\"><em>En Etampes, una estructura modular localizada en el complejo deportivo Michel-Poirier, en el distrito de La Guinette, fue incendiada el 18 de julio de 2018. Sirvi\u00f3 como cuarto t\u00e9cnico para la videovigilancia. Resultado: Los ojos del Estado fueron puestos fuera de servicio inmediatamente. \u00abNo s\u00e9 c\u00f3mo estos j\u00f3venes sab\u00edan lo que hab\u00eda dentro, pero aseguraremos edificios p\u00fablicos este fin de semana\u00bb, dijo Bernard Laplace, alcalde (SE) de Etampes. En la estela, parejas de personal municipal capacitado fueron responsables del monitoreo. Una empresa de seguridad privada tambi\u00e9n proporcion\u00f3 rondas regulares.<\/em><\/p>\n<div id=\"attachment_21940\" style=\"width: 650px\" class=\"wp-caption alignnone\"><img loading=\"lazy\" decoding=\"async\" aria-describedby=\"caption-attachment-21940\" class=\"size-full wp-image-21940\" src=\"https:\/\/vozcomoarma.noblogs.org\/files\/2019\/04\/etampes-e1554371714614.jpg\" alt=\"\" width=\"640\" height=\"400\" srcset=\"https:\/\/vozcomoarma.noblogs.org\/files\/2019\/04\/etampes-e1554371714614.jpg 640w, https:\/\/vozcomoarma.noblogs.org\/files\/2019\/04\/etampes-e1554371714614-300x188.jpg 300w\" sizes=\"auto, (max-width: 640px) 100vw, 640px\" \/><p id=\"caption-attachment-21940\" class=\"wp-caption-text\">Etampes, el jueves 12 de julio de 2018. Esta estructura modular instalada junto al complejo deportivo Poirier, en el distrito de Guinette, alojaba las ramificaciones de las c\u00e1maras de videovigilancia de la ciudad.<\/p><\/div>\n<div id=\"attachment_21941\" style=\"width: 650px\" class=\"wp-caption alignnone\"><img loading=\"lazy\" decoding=\"async\" aria-describedby=\"caption-attachment-21941\" class=\"wp-image-21941 size-full\" src=\"https:\/\/vozcomoarma.noblogs.org\/files\/2019\/04\/etampes2-e1554371812923.jpg\" alt=\"\" width=\"640\" height=\"475\" srcset=\"https:\/\/vozcomoarma.noblogs.org\/files\/2019\/04\/etampes2-e1554371812923.jpg 640w, https:\/\/vozcomoarma.noblogs.org\/files\/2019\/04\/etampes2-e1554371812923-300x223.jpg 300w\" sizes=\"auto, (max-width: 640px) 100vw, 640px\" \/><p id=\"caption-attachment-21941\" class=\"wp-caption-text\">El panel el\u00e9ctrico, carbonizado por las llamas.<\/p><\/div>\n<p align=\"JUSTIFY\"><em><span lang=\"es\">El <strong>8 de octubre de 2016<\/strong>, en Viry-Ch\u00e2tillon, dos grupos de patrullas de la polic\u00eda que miraban una c\u00e1mara en un cruce (ya saboteada varias veces) fueron atacados por un grupo de veinte personas encapuchadas y todas vestidas de negro. \u00abPu\u00f1etazos, lanzamiento de piedras y c\u00f3cteles molotov\u00bb: los maderos est\u00e1n gravemente heridos, dos de los cuales est\u00e1n bien asados. Poco despu\u00e9s del ataque, un video de los dos veh\u00edculos en llamas circular\u00e1 en Instagram con algunos comentarios que marcan la complicidad de este acto: \u00abSi eres un madero o un chivato no entres a mi zona, Grande Borne \u00bb y \u00ab\u00a1Oulal\u00e1, huele a pollo asado!\u00bb.<\/span><\/em><\/p>\n<p align=\"JUSTIFY\"><em><span lang=\"es\">A pesar de un archivo casi vac\u00edo (ausencia de rastros de ADN, silencio en la GAV e im\u00e1genes de videovigilancia \u00abmediocres\u00bb), la oficina del fiscal de Evry notific\u00f3 el <strong>28 de mayo de 2018<\/strong> la remisi\u00f3n al Tribunal de Assize de 13 personas sospechosas de estar entre les 19 asaltantes.<\/span><\/em><\/p>\n<div id=\"attachment_21942\" style=\"width: 650px\" class=\"wp-caption aligncenter\"><img loading=\"lazy\" decoding=\"async\" aria-describedby=\"caption-attachment-21942\" class=\"wp-image-21942 size-full\" src=\"https:\/\/vozcomoarma.noblogs.org\/files\/2019\/04\/7759929_d4041ace-6a76-11e8-b9f9-dd0141197fe9-1_1000x625-e1554373004529.jpg\" alt=\"\" width=\"640\" height=\"400\" srcset=\"https:\/\/vozcomoarma.noblogs.org\/files\/2019\/04\/7759929_d4041ace-6a76-11e8-b9f9-dd0141197fe9-1_1000x625-e1554373004529.jpg 640w, https:\/\/vozcomoarma.noblogs.org\/files\/2019\/04\/7759929_d4041ace-6a76-11e8-b9f9-dd0141197fe9-1_1000x625-e1554373004529-300x188.jpg 300w\" sizes=\"auto, (max-width: 640px) 100vw, 640px\" \/><p id=\"caption-attachment-21942\" class=\"wp-caption-text\">Los dos coches patrulla ardiendo en el cruce de Grande Borne, en <span lang=\"es\">Viry-Ch\u00e2tillon<\/span>, tras el ataque de les encapuchades.<\/p><\/div>\n","protected":false},"excerpt":{"rendered":"<p>A continuaci\u00f3n, sigue una traducci\u00f3n que hemos hecho de una noticia aparecida en Act For Freedom Now! (quienes traducen al ingl\u00e9s desde la original publicada en franc\u00e9s en Sans Attendre Dem\u00e1in. Tambi\u00e9n hemos traducido la \u00faltima parte que por razones &hellip; <a href=\"https:\/\/vozcomoarma.noblogs.org\/?p=21937\">Sigue leyendo <span class=\"meta-nav\">&rarr;<\/span><\/a><\/p>\n","protected":false},"author":7045,"featured_media":0,"comment_status":"closed","ping_status":"open","sticky":false,"template":"","format":"standard","meta":{"footnotes":""},"categories":[58,61,9],"tags":[47,21,54,16,26,42,10],"class_list":["post-21937","post","type-post","status-publish","format-standard","hentry","category-acciones","category-noticias","category-noticias-y-comunicados","tag-anti-desarrollismo","tag-disturbios","tag-francia","tag-guerra-social","tag-insurreccionalismo","tag-movimientos-sociales","tag-sabotaje"],"_links":{"self":[{"href":"https:\/\/vozcomoarma.noblogs.org\/index.php?rest_route=\/wp\/v2\/posts\/21937","targetHints":{"allow":["GET"]}}],"collection":[{"href":"https:\/\/vozcomoarma.noblogs.org\/index.php?rest_route=\/wp\/v2\/posts"}],"about":[{"href":"https:\/\/vozcomoarma.noblogs.org\/index.php?rest_route=\/wp\/v2\/types\/post"}],"author":[{"embeddable":true,"href":"https:\/\/vozcomoarma.noblogs.org\/index.php?rest_route=\/wp\/v2\/users\/7045"}],"replies":[{"embeddable":true,"href":"https:\/\/vozcomoarma.noblogs.org\/index.php?rest_route=%2Fwp%2Fv2%2Fcomments&post=21937"}],"version-history":[{"count":2,"href":"https:\/\/vozcomoarma.noblogs.org\/index.php?rest_route=\/wp\/v2\/posts\/21937\/revisions"}],"predecessor-version":[{"id":21944,"href":"https:\/\/vozcomoarma.noblogs.org\/index.php?rest_route=\/wp\/v2\/posts\/21937\/revisions\/21944"}],"wp:attachment":[{"href":"https:\/\/vozcomoarma.noblogs.org\/index.php?rest_route=%2Fwp%2Fv2%2Fmedia&parent=21937"}],"wp:term":[{"taxonomy":"category","embeddable":true,"href":"https:\/\/vozcomoarma.noblogs.org\/index.php?rest_route=%2Fwp%2Fv2%2Fcategories&post=21937"},{"taxonomy":"post_tag","embeddable":true,"href":"https:\/\/vozcomoarma.noblogs.org\/index.php?rest_route=%2Fwp%2Fv2%2Ftags&post=21937"}],"curies":[{"name":"wp","href":"https:\/\/api.w.org\/{rel}","templated":true}]}}