{"id":21945,"date":"2019-04-13T16:45:06","date_gmt":"2019-04-13T14:45:06","guid":{"rendered":"https:\/\/vozcomoarma.noblogs.org\/?p=21945"},"modified":"2019-04-13T16:45:06","modified_gmt":"2019-04-13T14:45:06","slug":"camhttps-vozcomoarma-noblogs-org-wp-admin-post-new-phppana-globalcaja-tortura-%c2%b7-grupo-caja-rural-financia-la-tortura-animal","status":"publish","type":"post","link":"https:\/\/vozcomoarma.noblogs.org\/?p=21945","title":{"rendered":"Campa\u00f1a: GlobalCaja = Tortura \u00b7 Grupo Caja Rural financia la tortura animal"},"content":{"rendered":"<p align=\"JUSTIFY\">Recibimos y compartimos esta informaci\u00f3n sobre la campa\u00f1a que se va a iniciar en contra del grupo Globalcaja, uni\u00f3n de cajas rurales activa en las comunidades de Castilla La Mancha, Madrid, Valencia y Murcia, y que forma parte del Grupo Caja Rural, que se encuentra por todo el Estado. El motivo de la campa\u00f1a contra esta entidad financiera se debe a su constante financiaci\u00f3n del negocio de la tauromaquia, patrocinando la tortura y el asesinato de animales por diversi\u00f3n. Por lo visto, no entienden los se\u00f1alamientos anteriores.<\/p>\n<p align=\"JUSTIFY\">La campa\u00f1a se centra en GlobalCaja por ser el grupo activo en las regiones donde se ha dado origen a la campa\u00f1a. No obstante, <strong><a href=\"https:\/\/es.wikipedia.org\/wiki\/Caja_Rural\">se puede consultar el resto de cajas vinculadas al Grupo Caja Rural<\/a> <\/strong>para iniciar acciones o extender el boicot a todas ellas por formar parte del mismo grupo que financia la tauromaquia.<\/p>\n<p align=\"JUSTIFY\"><strong>Hagamos que les cueste caro.<\/strong><\/p>\n<p align=\"JUSTIFY\">&#8212;&#8212;&#8212;&#8212;&#8212;&#8212;&#8212;&#8212;&#8212;&#8212;&#8212;&#8212;&#8212;&#8212;&#8212;&#8212;&#8212;-<\/p>\n<p align=\"JUSTIFY\"><em>GlobalCaja es la uni\u00f3n de las Cajas Rurales de las provincias de Ciudad Real, Albacete y Cuenca y actualmente opera en Castilla La Mancha, Comunidad de Madrid, Comunidad Valenciana y Regi\u00f3n de Murcia<\/em><\/p>\n<p align=\"JUSTIFY\"><em>Pertenece, junto a 72 cajas rurales m\u00e1s, al Grupo Caja Rural. Pinchando <strong><a href=\"https:\/\/es.wikipedia.org\/wiki\/Caja_Rural\">en este enlace<\/a><\/strong> puedes comprobar la distribuci\u00f3n de las mismas, por todo el Estado.<\/em><\/p>\n<p align=\"JUSTIFY\"><em>En Ciudad Real estamos hartxs de ver como, a\u00f1o tras a\u00f1o, GlobalCaja se dedica a patrocinar cada \u201cFeria Taurina\u201d que se organiza. Se les ha se\u00f1alado desde hace tiempo [<strong><a href=\"https:\/\/ofensivaantitaurinacr.noblogs.org\/post\/2017\/07\/23\/70\/\">1<\/a><\/strong>] y [<strong><a href=\"https:\/\/ofensivaantitaurinacr.noblogs.org\/files\/2017\/08\/clnn-768x510.jpg\">2<\/a><\/strong>] pero su actitud no ha cambiado.<\/em><\/p>\n<p align=\"JUSTIFY\"><em>Patrocinar una actividad como la tauromaquia conlleva: una fuente de ingresos para la misma, porque a cambio de promocionar la marca de la empresa, se da una cantidad de dinero. Tambi\u00e9n implica una relaci\u00f3n con la actividad que patrocinas, lo que significa que en GlobalCaja est\u00e1n c\u00f3modos con que se les asocie con lo que es y defiende la tauromaquia.<\/em><\/p>\n<p align=\"JUSTIFY\"><em>Pero nosotrxs no queremos que la tauromaquia dure ni un d\u00eda m\u00e1s, no queremos que deje m\u00e1s v\u00edctimas. No ayudar a precipitar su fin es condenar a miles de animales a una vida de encierro, tortura y muerte.<\/em><\/p>\n<p align=\"JUSTIFY\"><em>Es innegable que cada vez es menos rentable, por eso desenmascarar, se\u00f1alar y denunciar a los que todav\u00eda la sustentan nos parece imprescindible. Se les llena la boca con que si es arte y tradici\u00f3n, pero lo que quieren llenar es su bolsillo. Los bancos buscan lo mismo, rentabilidad, dinero, poder. Si deja de ser rentable para ellos porque la gente empieza, por ejemplo, a retirar su dinero, dejar\u00e1n de patrocinar. Hasta ahora lo han hecho porque piensan que toda su clientela, que es principalmente rural, defiende la tauromaquia y porque no han encontrado oposici\u00f3n ninguna. Vamos a hacer que cambien de idea, nos sentimos bien se\u00f1alando a los bancos, responsables de tantas y tantas miserias en forma de desahucios, patrocinio de asesinatos, financiaci\u00f3n de empresas de armas o destructoras de la Tierra.<\/em><\/p>\n<p align=\"JUSTIFY\"><em>Gracias a la colaboraci\u00f3n de distintas individualidades y proyectos como <strong><a href=\"http:\/\/www.elcosaco.org\/\">El Cosaco<\/a><\/strong> tenemos una serie de material para su difusi\u00f3n. Desc\u00e1rgatelo haciendo click en el enlace que ponemos debajo de cada uno y empapela tu pueblo o ciudad, comp\u00e1rtelo por internet\u2026<\/em><\/p>\n<p align=\"JUSTIFY\"><em>Iremos subiendo material que sigamos haciendo y actualizando con covocatorias concretas y noticias.<\/em><\/p>\n<p align=\"JUSTIFY\"><em>Si quieres colaborar por favor no dudes en hacerlo, puedes mandar material, cr\u00edticas o lo que quieras a la direcci\u00f3n de este blog [notortura (arroba) riseup. net], que las compartir\u00e1 con nosotrxs.<\/em><\/p>\n<p align=\"JUSTIFY\"><em>Estad pendientes a pr\u00f3xima actualizaciones.<\/em><\/p>\n<p align=\"JUSTIFY\"><strong><em>\u00a1GlobalCaja financia la tortura!<\/em><\/strong><\/p>\n<p align=\"JUSTIFY\"><img loading=\"lazy\" decoding=\"async\" class=\"alignnone size-full wp-image-21946\" src=\"https:\/\/vozcomoarma.noblogs.org\/files\/2019\/04\/01-1-724x1024.png\" alt=\"\" width=\"724\" height=\"1024\" srcset=\"https:\/\/vozcomoarma.noblogs.org\/files\/2019\/04\/01-1-724x1024.png 724w, https:\/\/vozcomoarma.noblogs.org\/files\/2019\/04\/01-1-724x1024-212x300.png 212w\" sizes=\"auto, (max-width: 724px) 100vw, 724px\" \/><\/p>\n<p align=\"JUSTIFY\"><a href=\"https:\/\/ofensivaantitaurinacr.noblogs.org\/01-2\/\"><strong><em>Cartel \u00abTu Dinero Va Para Esto\u00bb<\/em><\/strong><\/a><\/p>\n<p align=\"JUSTIFY\"><img loading=\"lazy\" decoding=\"async\" class=\"alignnone size-full wp-image-21947\" src=\"https:\/\/vozcomoarma.noblogs.org\/files\/2019\/04\/02-1-1024x1024.png\" alt=\"\" width=\"1024\" height=\"1024\" srcset=\"https:\/\/vozcomoarma.noblogs.org\/files\/2019\/04\/02-1-1024x1024.png 1024w, https:\/\/vozcomoarma.noblogs.org\/files\/2019\/04\/02-1-1024x1024-300x300.png 300w, https:\/\/vozcomoarma.noblogs.org\/files\/2019\/04\/02-1-1024x1024-768x768.png 768w\" sizes=\"auto, (max-width: 1024px) 100vw, 1024px\" \/><\/p>\n<p align=\"JUSTIFY\"><a href=\"https:\/\/ofensivaantitaurinacr.noblogs.org\/02-2\/\"><em><strong>Cartel \u00abTORTURA\u00bb<\/strong><\/em><\/a><\/p>\n<p align=\"JUSTIFY\"><img loading=\"lazy\" decoding=\"async\" class=\"alignnone size-full wp-image-21948\" src=\"https:\/\/vozcomoarma.noblogs.org\/files\/2019\/04\/03-1-1024x1024.png\" alt=\"\" width=\"1024\" height=\"1024\" srcset=\"https:\/\/vozcomoarma.noblogs.org\/files\/2019\/04\/03-1-1024x1024.png 1024w, https:\/\/vozcomoarma.noblogs.org\/files\/2019\/04\/03-1-1024x1024-300x300.png 300w, https:\/\/vozcomoarma.noblogs.org\/files\/2019\/04\/03-1-1024x1024-768x768.png 768w\" sizes=\"auto, (max-width: 1024px) 100vw, 1024px\" \/><\/p>\n<p align=\"JUSTIFY\"><a href=\"https:\/\/ofensivaantitaurinacr.noblogs.org\/03-2\/\"><strong><em>Cartel \u00abBOICOT\u00bb<\/em><\/strong><\/a><\/p>\n<p align=\"JUSTIFY\"><img loading=\"lazy\" decoding=\"async\" class=\"alignnone size-full wp-image-21949\" src=\"https:\/\/vozcomoarma.noblogs.org\/files\/2019\/04\/gc-tortura-cartel-1-724x1024.jpg\" alt=\"\" width=\"724\" height=\"1024\" srcset=\"https:\/\/vozcomoarma.noblogs.org\/files\/2019\/04\/gc-tortura-cartel-1-724x1024.jpg 724w, https:\/\/vozcomoarma.noblogs.org\/files\/2019\/04\/gc-tortura-cartel-1-724x1024-212x300.jpg 212w\" sizes=\"auto, (max-width: 724px) 100vw, 724px\" \/><\/p>\n<p align=\"JUSTIFY\"><strong><a href=\"https:\/\/ofensivaantitaurinacr.noblogs.org\/gc-tortura-cartel-2\/\"><em>Cartel \u00abGlobalCaja Tortura\u00bb<\/em><\/a><\/strong><\/p>\n","protected":false},"excerpt":{"rendered":"<p>Recibimos y compartimos esta informaci\u00f3n sobre la campa\u00f1a que se va a iniciar en contra del grupo Globalcaja, uni\u00f3n de cajas rurales activa en las comunidades de Castilla La Mancha, Madrid, Valencia y Murcia, y que forma parte del Grupo &hellip; <a href=\"https:\/\/vozcomoarma.noblogs.org\/?p=21945\">Sigue leyendo <span class=\"meta-nav\">&rarr;<\/span><\/a><\/p>\n","protected":false},"author":7045,"featured_media":0,"comment_status":"closed","ping_status":"open","sticky":false,"template":"","format":"standard","meta":{"footnotes":""},"categories":[58,59,61,9],"tags":[39,141,332,67,42,128,71,123],"class_list":["post-21945","post","type-post","status-publish","format-standard","hentry","category-acciones","category-convocatorias","category-noticias","category-noticias-y-comunicados","tag-anti-especismo","tag-castilla-la-mancha","tag-ciudad-real","tag-madrid","tag-movimientos-sociales","tag-murcia","tag-tortura","tag-valencia"],"_links":{"self":[{"href":"https:\/\/vozcomoarma.noblogs.org\/index.php?rest_route=\/wp\/v2\/posts\/21945","targetHints":{"allow":["GET"]}}],"collection":[{"href":"https:\/\/vozcomoarma.noblogs.org\/index.php?rest_route=\/wp\/v2\/posts"}],"about":[{"href":"https:\/\/vozcomoarma.noblogs.org\/index.php?rest_route=\/wp\/v2\/types\/post"}],"author":[{"embeddable":true,"href":"https:\/\/vozcomoarma.noblogs.org\/index.php?rest_route=\/wp\/v2\/users\/7045"}],"replies":[{"embeddable":true,"href":"https:\/\/vozcomoarma.noblogs.org\/index.php?rest_route=%2Fwp%2Fv2%2Fcomments&post=21945"}],"version-history":[{"count":1,"href":"https:\/\/vozcomoarma.noblogs.org\/index.php?rest_route=\/wp\/v2\/posts\/21945\/revisions"}],"predecessor-version":[{"id":21950,"href":"https:\/\/vozcomoarma.noblogs.org\/index.php?rest_route=\/wp\/v2\/posts\/21945\/revisions\/21950"}],"wp:attachment":[{"href":"https:\/\/vozcomoarma.noblogs.org\/index.php?rest_route=%2Fwp%2Fv2%2Fmedia&parent=21945"}],"wp:term":[{"taxonomy":"category","embeddable":true,"href":"https:\/\/vozcomoarma.noblogs.org\/index.php?rest_route=%2Fwp%2Fv2%2Fcategories&post=21945"},{"taxonomy":"post_tag","embeddable":true,"href":"https:\/\/vozcomoarma.noblogs.org\/index.php?rest_route=%2Fwp%2Fv2%2Ftags&post=21945"}],"curies":[{"name":"wp","href":"https:\/\/api.w.org\/{rel}","templated":true}]}}