{"id":21951,"date":"2019-04-13T16:27:42","date_gmt":"2019-04-13T14:27:42","guid":{"rendered":"https:\/\/vozcomoarma.noblogs.org\/?p=21951"},"modified":"2019-04-13T16:27:42","modified_gmt":"2019-04-13T14:27:42","slug":"de-chile-a-barcelona-aportes-del-companero-marcelo-villarroel-a-las-tokatas-solidarias-en-valparaiso-chile-y-barcelona","status":"publish","type":"post","link":"https:\/\/vozcomoarma.noblogs.org\/?p=21951","title":{"rendered":"De Chile a Barcelona &#8211; Aportes del compa\u00f1ero Marcelo Villarroel a las tokatas solidarias en Valpara\u00edso (Chile) y Barcelona"},"content":{"rendered":"<p align=\"JUSTIFY\">Sigue a continuaci\u00f3n dos escritos que recibimos en el correo electr\u00f3nico y que contienen, respectivamente, las palabras que el preso subversivo Marcelo Villarroel, que lleva m\u00e1s de una d\u00e9cada encerrado por el denominado Caso Security, escribi\u00f3 para aportar a la tokata solidaria en Valpara\u00edso, Chile, y en la ciudad de Barcelona.<\/p>\n<p align=\"JUSTIFY\">&#8212;&#8212;&#8212;&#8212;&#8212;&#8212;&#8212;&#8212;&#8212;&#8212;&#8212;&#8211;<\/p>\n<p align=\"JUSTIFY\"><em>A trav\u00e9s de estas palabras salidas desde la K\u00e1rcel de Alta Seguridad de Santiago kiero abrazar y saludar kon toda la fraternidad y el kari\u00f1o subversivo a todxs kienes hoy le dan vida y participan en esta hermosa aktividad de solidaridad en mi kerido puerto de Valpara\u00edso.<\/em><\/p>\n<p align=\"JUSTIFY\"><em>Ya son 11 a\u00f1os tras las rejas y kon ello un largo kamino de resistencia al encierro vivido por optar por la axi\u00f3n direkta kontra el poder y la autoridad.<\/em><\/p>\n<p align=\"JUSTIFY\"><em>Un tiempo de lucha konstante sin pausas ni deskanzos, kon la konvixi\u00f3n intacta de saber ke la elexi\u00f3n de una vida subversiva la reafirmo nuevamente komo la m\u00e1s digna ke podr\u00eda vivir ya ke este mundo de mierda ke nos ofrece el poder merece ser kombatido desde todos los espacios y kon todas las herramientas posibles para su destruxi\u00f3n.<\/em><\/p>\n<p align=\"JUSTIFY\"><em>En este largo kamino nos hemos hermanado kon kompas de diferentes territorios del planeta y kon orgullo y alegr\u00eda puedo se\u00f1alar ke a pesar de las distancias e idiomas somos muchxs repartidxs por el mundo ke hablamos el mismo lenguaje de guerra\u2026 Kontra la autoridad y el poder en todas sus variantes y kolores, por la destruxi\u00f3n de todas las prisiones, por una vida en komunidad, por la preservaci\u00f3n del planeta, por la liberaci\u00f3n total de pueblos, individuxs y komunidades\u2026 Y son muchas m\u00e1s las razones y motivos ke nos llevan a dar pasos inevitablemente ilegales porke bien sabemos ke en los markos de la legalidad burguesa jam\u00e1s podremos resolver nada ke buske la transformaci\u00f3n radikal de la realidad.<\/em><\/p>\n<p align=\"JUSTIFY\"><em>Es por ello la necesidad permanente de estar aktivxs\u2026 La prisi\u00f3n es un destino circunstancial ke puede vivir kualkiera de nosotrxs y para ello hay ke estar siempre atentxs y dispuestxs a enfrentarlx.<\/em><\/p>\n<p align=\"JUSTIFY\"><em>Un abrazo repleto de amor subversivo y kon la konvixi\u00f3n insurrekta siempre viva\u2026 Les llevo konmigo en mis kotidianas resistencias.<\/em><\/p>\n<p align=\"JUSTIFY\"><strong><em>\u00a1\u00a1SOLIDARIDAD INTERNACIONALISTA Y FRATERNIDAD SUBVERSIVA POR LA DEMOLICI\u00d3N DE LAS PRISIONES!!<\/em><\/strong><br \/>\n<strong><em>\u00a1\u00a1TODXS LXS PRESXS DE LA GUERRA SOCIAL A LA KALLE!!<\/em><\/strong><br \/>\n<strong><em>\u00a1\u00a1MIENTRAS EXISTA MISERIA HABR\u00c1 REBELI\u00d3N!!<\/em><\/strong><\/p>\n<p align=\"JUSTIFY\"><strong><em>Marcelo Villarroel Sep\u00falveda<\/em><\/strong><br \/>\n<em>Prisionero Libertario<\/em><br \/>\n<em>K\u00e1rcel de Alta Seguridad<\/em><br \/>\n<em>5 de Abril 2019, Stgo\/Chile<\/em><\/p>\n<p align=\"JUSTIFY\"><img loading=\"lazy\" decoding=\"async\" class=\"size-full wp-image-21953 aligncenter\" src=\"https:\/\/vozcomoarma.noblogs.org\/files\/2019\/04\/a-5-544x480.jpg\" alt=\"\" width=\"544\" height=\"480\" srcset=\"https:\/\/vozcomoarma.noblogs.org\/files\/2019\/04\/a-5-544x480.jpg 544w, https:\/\/vozcomoarma.noblogs.org\/files\/2019\/04\/a-5-544x480-300x265.jpg 300w\" sizes=\"auto, (max-width: 544px) 100vw, 544px\" \/><\/p>\n<p align=\"JUSTIFY\"><em>&#8212;&#8212;&#8212;&#8212;&#8212;&#8212;&#8212;&#8212;&#8212;&#8212;&#8212;&#8211;<\/em><\/p>\n<p align=\"JUSTIFY\"><em>Desde Stgo de Chile envi\u00f3 unas breves letras kargadas de afekto y fraternidad subversiva y libertaria para kienes hoy se re\u00fanen en esta aktividad en Barcelona de solidaridad kon lxs presxs de la guerra social rekluidxs en las k\u00e1rceles kapitalistas del kono Sur de Latinoam\u00e9rika.<\/em><\/p>\n<p align=\"JUSTIFY\"><em>En mi kaso recientemente kumpl\u00ed 11 a\u00f1os de encierro por diversas axiones de expropiaci\u00f3n bancaria komo parte de la pr\u00e1ktika antag\u00f3nika para kontinuar la lucha aut\u00f3noma kontra el kapital. Esta circunstancia de encierro en ning\u00fan kaso la he vivido desde un viktimismo porke konsidero komo inherente la lucha ilegal kontra el mundo del poder y la autoridad. De alg\u00fan modo u otro, la k\u00e1rcel llega kuando nuestra opci\u00f3n de vida y de lucha no sabe de esperas, ni de exkusas, ni de temores ke impidan el desarrollo de \u00e9sta.<\/em><\/p>\n<p align=\"JUSTIFY\"><em>Porke aventurarse al kombate kotidiano kontra lo existente es la expresi\u00f3n m\u00e1s digna de rechazo al mundo podrido ke el kapital nos ofrece. Hace muchos a\u00f1os opt\u00e9 por la Rebeli\u00f3n permanente renunciando al lenguaje grandilokuente y forzado de la revoluci\u00f3n\u2026 Komo decisi\u00f3n individual no espero \u201cla organizaci\u00f3n de las masas\u201d para pasar al atake sino ke aktuo kon la konvixi\u00f3n de saber ke el kombate komienza en unx desde el momento ke se afirman fuertes nuestras negaciones a la podrida sociedad de klases\u2026<\/em><\/p>\n<p align=\"JUSTIFY\"><em>Esto sin duda me ha puesto en la lupa del Estado y por ello he tenido ke purgar much\u00edsimos a\u00f1os de encierro, pero este kamino repleto de difikultades enkuentra hermanxs de diferentes territorios del planeta y kon ello la inmensa alegr\u00eda de hablar el mismo lenguaje de guerra\u2026<\/em><\/p>\n<p align=\"JUSTIFY\"><em>De esta manera vamos enfrentando juntxs este kamino de liberaci\u00f3n\u2026 Abraz\u00e1ndonos en la distancia, pensando y axionando de manera kompartida\u2026 Romper las fronteras y hacer trizas las distancias es nuestro desaf\u00edo kotidiano para abrazarnos en el fuego rebelde de la revuelta y seguir atakando hasta el \u00faltimo basti\u00f3n de la sociedad karcelaria\u2026 Ese es el desaf\u00edo y desde ak\u00e1 reitero mi kompromiso\u2026<\/em><\/p>\n<p align=\"JUSTIFY\"><strong><em>\u00a1\u00a1SOLIDARIDAD INTERNACIONALISTA Y FRATERNIDAD SUBVERSIVA POR LA DEMOLICI\u00d3N DE LAS PRISIONES!!<\/em><\/strong><br \/>\n<strong><em>\u00a1\u00a1TODXS LXS PRESXS DE LA GUERRA SOCIAL A LA KALLE!!<\/em><\/strong><br \/>\n<strong><em>\u00a1\u00a1MIENTRAS EXISTA MISERIA HABR\u00c1 REBELI\u00d3N!!<\/em><\/strong><\/p>\n<p align=\"JUSTIFY\"><strong><em>Marcelo Villarroel Sep\u00falveda<\/em><\/strong><br \/>\n<em>Prisionero Libertario<\/em><br \/>\n<em>K\u00e1rcel de Alta Seguridad<\/em><br \/>\n<em>5 de Abril 2019, Stgo\/Chile<\/em><\/p>\n<p align=\"JUSTIFY\"><img loading=\"lazy\" decoding=\"async\" class=\"size-full wp-image-21952 aligncenter\" src=\"https:\/\/vozcomoarma.noblogs.org\/files\/2019\/04\/afix-544x967.png\" alt=\"\" width=\"544\" height=\"967\" srcset=\"https:\/\/vozcomoarma.noblogs.org\/files\/2019\/04\/afix-544x967.png 544w, https:\/\/vozcomoarma.noblogs.org\/files\/2019\/04\/afix-544x967-169x300.png 169w\" sizes=\"auto, (max-width: 544px) 100vw, 544px\" \/><\/p>\n","protected":false},"excerpt":{"rendered":"<p>Sigue a continuaci\u00f3n dos escritos que recibimos en el correo electr\u00f3nico y que contienen, respectivamente, las palabras que el preso subversivo Marcelo Villarroel, que lleva m\u00e1s de una d\u00e9cada encerrado por el denominado Caso Security, escribi\u00f3 para aportar a la &hellip; <a href=\"https:\/\/vozcomoarma.noblogs.org\/?p=21951\">Sigue leyendo <span class=\"meta-nav\">&rarr;<\/span><\/a><\/p>\n","protected":false},"author":7045,"featured_media":0,"comment_status":"closed","ping_status":"open","sticky":false,"template":"","format":"standard","meta":{"footnotes":""},"categories":[103,61,9,7],"tags":[107,78,16,26,42,24,11],"class_list":["post-21951","post","type-post","status-publish","format-standard","hentry","category-caso-security","category-noticias","category-noticias-y-comunicados","category-presxs","tag-barcelona","tag-chile","tag-guerra-social","tag-insurreccionalismo","tag-movimientos-sociales","tag-reflexion","tag-solidaridad"],"_links":{"self":[{"href":"https:\/\/vozcomoarma.noblogs.org\/index.php?rest_route=\/wp\/v2\/posts\/21951","targetHints":{"allow":["GET"]}}],"collection":[{"href":"https:\/\/vozcomoarma.noblogs.org\/index.php?rest_route=\/wp\/v2\/posts"}],"about":[{"href":"https:\/\/vozcomoarma.noblogs.org\/index.php?rest_route=\/wp\/v2\/types\/post"}],"author":[{"embeddable":true,"href":"https:\/\/vozcomoarma.noblogs.org\/index.php?rest_route=\/wp\/v2\/users\/7045"}],"replies":[{"embeddable":true,"href":"https:\/\/vozcomoarma.noblogs.org\/index.php?rest_route=%2Fwp%2Fv2%2Fcomments&post=21951"}],"version-history":[{"count":1,"href":"https:\/\/vozcomoarma.noblogs.org\/index.php?rest_route=\/wp\/v2\/posts\/21951\/revisions"}],"predecessor-version":[{"id":21954,"href":"https:\/\/vozcomoarma.noblogs.org\/index.php?rest_route=\/wp\/v2\/posts\/21951\/revisions\/21954"}],"wp:attachment":[{"href":"https:\/\/vozcomoarma.noblogs.org\/index.php?rest_route=%2Fwp%2Fv2%2Fmedia&parent=21951"}],"wp:term":[{"taxonomy":"category","embeddable":true,"href":"https:\/\/vozcomoarma.noblogs.org\/index.php?rest_route=%2Fwp%2Fv2%2Fcategories&post=21951"},{"taxonomy":"post_tag","embeddable":true,"href":"https:\/\/vozcomoarma.noblogs.org\/index.php?rest_route=%2Fwp%2Fv2%2Ftags&post=21951"}],"curies":[{"name":"wp","href":"https:\/\/api.w.org\/{rel}","templated":true}]}}