{"id":21955,"date":"2019-04-13T16:44:19","date_gmt":"2019-04-13T14:44:19","guid":{"rendered":"https:\/\/vozcomoarma.noblogs.org\/?p=21955"},"modified":"2019-04-13T16:44:19","modified_gmt":"2019-04-13T14:44:19","slug":"italia-sobre-traslados-recientes-de-companeres-en-las-prisiones-italianas","status":"publish","type":"post","link":"https:\/\/vozcomoarma.noblogs.org\/?p=21955","title":{"rendered":"Italia &#8211; Sobre traslados recientes de compa\u00f1eres en las prisiones italianas"},"content":{"rendered":"<p align=\"JUSTIFY\">Siguen a continuaci\u00f3n las traducciones que hemos hecho de sendos comunicados que compa\u00f1eres de Italia compartieron v\u00eda e-mail con actualizaciones sobre la situaci\u00f3n represiva de algunes anarquistas en las c\u00e1rceles italianas.<\/p>\n<p align=\"JUSTIFY\">&#8212;&#8212;&#8212;&#8212;&#8212;&#8212;&#8212;&#8212;&#8212;&#8212;&#8212;&#8211;<\/p>\n<p align=\"JUSTIFY\"><strong><img loading=\"lazy\" decoding=\"async\" class=\"alignright wp-image-21957 size-medium\" src=\"https:\/\/vozcomoarma.noblogs.org\/files\/2019\/04\/detenzione-300x200.jpg\" alt=\"\" width=\"300\" height=\"200\" srcset=\"https:\/\/vozcomoarma.noblogs.org\/files\/2019\/04\/detenzione-300x200.jpg 300w, https:\/\/vozcomoarma.noblogs.org\/files\/2019\/04\/detenzione-768x512.jpg 768w, https:\/\/vozcomoarma.noblogs.org\/files\/2019\/04\/detenzione.jpg 960w\" sizes=\"auto, (max-width: 300px) 100vw, 300px\" \/>Las compa\u00f1eras detenidas en la secci\u00f3n AS2 (Alta Seguridad 2) de la prisi\u00f3n de Rebibbia, en Roma, fueron trasladadas a L&#8217;Aquila<\/strong><\/p>\n<p align=\"JUSTIFY\"><em><span lang=\"en\">Las compa\u00f1eras anarquistas detenidas en la secci\u00f3n AS2 (Alta Seguridad 2) de la prisi\u00f3n de Roma Rebibbia fueron trasladadas a la prisi\u00f3n de L&#8217;Aquila. Son Anna (en prisi\u00f3n desde el 6 de septiembre de 2016 por la Operaci\u00f3n Scripta Manent, por la cual est\u00e1 teniendo lugar un juicio actualmente en Tur\u00edn en el que pronto se alcanzar\u00e1 la sentencia de primera instancia, por la cual la fiscal\u00eda ya ha hecho una petici\u00f3n de condena), Silvia (arrestada el 7 de febrero de 2019 en el contexto de la Operaci\u00f3n Chispa y el desalojo del Asilo Occupato en Tur\u00edn) y Agnese (arrestada el 19 de febrero de 2019 por la Operaci\u00f3n Renata en Trentino). Una secci\u00f3n AS2 de mujeres fue establecida en la c\u00e1rcel de L&#8217;Aquila. Aqu\u00ed van las direcciones:<\/span><\/em><\/p>\n<p align=\"JUSTIFY\"><strong><em>Anna Beniamino<\/em><\/strong><br \/>\n<em>C. C. de L\u2019Aquila<\/em><br \/>\n<em>via Amiternina 3<\/em><br \/>\n<em>Localit\u00e0 Costarelle di Preturo<\/em><br \/>\n<em>67100 L\u2019Aquila<\/em><br \/>\n<em>Italia<\/em><\/p>\n<p align=\"JUSTIFY\"><strong><em>Silvia Ruggeri<\/em><\/strong><br \/>\n<em>C. C. de L\u2019Aquila<\/em><br \/>\n<em>via Amiternina 3<\/em><br \/>\n<em>Localit\u00e0 Costarelle di Preturo<\/em><br \/>\n<em>67100 L\u2019Aquila<\/em><br \/>\n<em>Italia<\/em><\/p>\n<p align=\"JUSTIFY\"><strong><em>Agnese Trentin<\/em><\/strong><br \/>\n<em>C. C. de L\u2019Aquila<\/em><br \/>\n<em>via Amiternina 3<\/em><br \/>\n<em>Localit\u00e0 Costarelle di Preturo<\/em><br \/>\n<em>67100 L\u2019Aquila<\/em><br \/>\n<em>Italia<\/em><\/p>\n<p align=\"JUSTIFY\">&#8212;&#8212;&#8212;&#8212;&#8212;&#8212;&#8212;&#8212;&#8212;&#8212;&#8212;&#8211;<\/p>\n<p align=\"JUSTIFY\"><em><strong><img loading=\"lazy\" decoding=\"async\" class=\"size-full wp-image-21956 alignright\" src=\"https:\/\/vozcomoarma.noblogs.org\/files\/2019\/04\/prison_edited-300x224.jpg\" alt=\"\" width=\"300\" height=\"224\" \/>Davide Delogu trasladado desde la prisi\u00f3n de Augusta a la de Rossano Calabro<\/strong><\/em><\/p>\n<p align=\"JUSTIFY\"><em>El compa\u00f1ero anarquista sardo Davide Delogu fue trasladado desde la prisi\u00f3n de Augusta (provincia de Siracusa, en Sicilia) a la de Rossano Calabro (provincia de Cosenza, en Calabria). La direcci\u00f3n a la que se pueden enviar cartas, telegramas, libros, etc. es la siguiente:<\/em><\/p>\n<p align=\"JUSTIFY\"><em><span lang=\"en\">Davide Delogu<\/span><span lang=\"en\"><br \/>\nc\/o Casa di Reclusione di Rossano Calabro<br \/>\nStrada Statale 106 Jonica n. 32<br \/>\n87067 Corigliano-Rossano (Cosenza)<br \/>\nItalia (Italy)<\/span><\/em><\/p>\n<p align=\"JUSTIFY\"><em>Desde el 11.03.2019 y durante el mes de marzo el compa\u00f1ero estuvo en huelga de hambre porque la nueva directora de la prisi\u00f3n de Augusta (Angela Lantieri) nada m\u00e1s llegar revoc\u00f3 inmediatamente el permiso de reuni\u00f3n que Davide ten\u00eda con un compa\u00f1ero sardo (el \u00fanico encuentro que actualmente puede tener). Acompa\u00f1\u00f3 tambi\u00e9n la huelga con negativas a regresar a su celda variando entre 30 y 60 minutos y con \u00abchapeos\u00bb diarios en la celda.<\/em><\/p>\n<p lang=\"en\" align=\"JUSTIFY\"><strong><em>\u00a1Solidaridad con el anarquista Davide Delogu!<\/em><\/strong><\/p>\n","protected":false},"excerpt":{"rendered":"<p>Siguen a continuaci\u00f3n las traducciones que hemos hecho de sendos comunicados que compa\u00f1eres de Italia compartieron v\u00eda e-mail con actualizaciones sobre la situaci\u00f3n represiva de algunes anarquistas en las c\u00e1rceles italianas. &#8212;&#8212;&#8212;&#8212;&#8212;&#8212;&#8212;&#8212;&#8212;&#8212;&#8212;&#8211; Las compa\u00f1eras detenidas en la secci\u00f3n AS2 (Alta &hellip; <a href=\"https:\/\/vozcomoarma.noblogs.org\/?p=21955\">Sigue leyendo <span class=\"meta-nav\">&rarr;<\/span><\/a><\/p>\n","protected":false},"author":7045,"featured_media":0,"comment_status":"closed","ping_status":"open","sticky":false,"template":"","format":"standard","meta":{"footnotes":""},"categories":[375,373,295,61,9,7],"tags":[17,19,11,71],"class_list":["post-21955","post","type-post","status-publish","format-standard","hentry","category-detenides-trentino-19-02-2019-presxs","category-detenides-turin-febrero-2019","category-detenidxs-operacion-scripta-manent","category-noticias","category-noticias-y-comunicados","category-presxs","tag-carcel","tag-represion","tag-solidaridad","tag-tortura"],"_links":{"self":[{"href":"https:\/\/vozcomoarma.noblogs.org\/index.php?rest_route=\/wp\/v2\/posts\/21955","targetHints":{"allow":["GET"]}}],"collection":[{"href":"https:\/\/vozcomoarma.noblogs.org\/index.php?rest_route=\/wp\/v2\/posts"}],"about":[{"href":"https:\/\/vozcomoarma.noblogs.org\/index.php?rest_route=\/wp\/v2\/types\/post"}],"author":[{"embeddable":true,"href":"https:\/\/vozcomoarma.noblogs.org\/index.php?rest_route=\/wp\/v2\/users\/7045"}],"replies":[{"embeddable":true,"href":"https:\/\/vozcomoarma.noblogs.org\/index.php?rest_route=%2Fwp%2Fv2%2Fcomments&post=21955"}],"version-history":[{"count":1,"href":"https:\/\/vozcomoarma.noblogs.org\/index.php?rest_route=\/wp\/v2\/posts\/21955\/revisions"}],"predecessor-version":[{"id":21958,"href":"https:\/\/vozcomoarma.noblogs.org\/index.php?rest_route=\/wp\/v2\/posts\/21955\/revisions\/21958"}],"wp:attachment":[{"href":"https:\/\/vozcomoarma.noblogs.org\/index.php?rest_route=%2Fwp%2Fv2%2Fmedia&parent=21955"}],"wp:term":[{"taxonomy":"category","embeddable":true,"href":"https:\/\/vozcomoarma.noblogs.org\/index.php?rest_route=%2Fwp%2Fv2%2Fcategories&post=21955"},{"taxonomy":"post_tag","embeddable":true,"href":"https:\/\/vozcomoarma.noblogs.org\/index.php?rest_route=%2Fwp%2Fv2%2Ftags&post=21955"}],"curies":[{"name":"wp","href":"https:\/\/api.w.org\/{rel}","templated":true}]}}