{"id":22248,"date":"2019-05-23T22:11:16","date_gmt":"2019-05-23T20:11:16","guid":{"rendered":"https:\/\/vozcomoarma.noblogs.org\/?p=22248"},"modified":"2019-05-23T22:11:16","modified_gmt":"2019-05-23T20:11:16","slug":"francia-encapuchades-tienden-una-emboscada-y-atacan-a-la-policia-en-goussainville","status":"publish","type":"post","link":"https:\/\/vozcomoarma.noblogs.org\/?p=22248","title":{"rendered":"Francia &#8211; Encapuchades tienden una emboscada y atacan a la polic\u00eda en Goussainville"},"content":{"rendered":"<p align=\"JUSTIFY\"><img loading=\"lazy\" decoding=\"async\" class=\"size-full wp-image-22249 alignright\" src=\"https:\/\/vozcomoarma.noblogs.org\/files\/2019\/05\/goussainville2-300x157.jpeg\" alt=\"\" width=\"300\" height=\"157\" \/>Recogemos de <strong><a href=\"https:\/\/actforfree.nostate.net\/?p=33746\">Act For Freedom Now!<\/a><\/strong>, traducimos y compartimos esta nota informativa sobre un incidente en Goussanville, Francia, el pasado 14 de mayo, cuando un grupo de unas 20 personas encapuchadas tendi\u00f3 una emboscada a una patrulla policial, que tras verse obligados a detenerse porque alguien habr\u00eda cruzado un coche Mini en medio del carril de la carretera fueron sorprendidos y atacados con piedras y molotovs.<\/p>\n<p align=\"JUSTIFY\">&#8212;&#8212;&#8212;&#8212;&#8212;&#8212;&#8212;&#8212;&#8212;&#8212;&#8212;&#8212;&#8212;&#8212;-<\/p>\n<p align=\"JUSTIFY\"><em>El 14 de mayo una trampa fue tendida por una banda de unas 20 personas con el rostro cubierto y encapuchadas. Esto es lo que estaba esperando a la polic\u00eda en la calle Malcolm-X, en Goussainville, en la noche del lunes al martes, alrededor de las 2:00 de la ma\u00f1ana. Los agentes de polic\u00eda patrullaban la calle cuando fueron bloqueados por un Mini aparcado en medio del carril.<\/em><\/p>\n<p align=\"JUSTIFY\"><em>Los ocupantes del veh\u00edculo policial inmediatamente intentaron huir hacia la plaza Danielle-Casanova. <span lang=\"es-ES\">Apenas salieron de su furgoneta, los polic\u00edas fueron puestos en tarea por una veintena de personas. La banda les arroj\u00f3 piedras y luego, r\u00e1pidamente, se lanzaron tres c\u00f3cteles Molotov, dos a la furgoneta policial y otro en la cabina del Mini, que se incendi\u00f3 de inmediato<\/span><\/em><\/p>\n<p align=\"JUSTIFY\"><em><span lang=\"es-ES\">La polic\u00eda fue forzada a regresar a su furgoneta bajo una lluvia de piedras. Varios de los maderos fueron alcanzados por proyectiles en la espalda. Fueron obligados a volver a la furgoneta, sinti\u00e9ndose desesperados por embestir al Mini en llamas.<\/span><\/em><\/p>\n<p align=\"JUSTIFY\"><img loading=\"lazy\" decoding=\"async\" class=\"size-full wp-image-22250 aligncenter\" src=\"https:\/\/vozcomoarma.noblogs.org\/files\/2019\/05\/goussainville3-235x300.jpg\" alt=\"\" width=\"235\" height=\"300\" data-wp-editing=\"1\" \/><\/p>\n","protected":false},"excerpt":{"rendered":"<p>Recogemos de Act For Freedom Now!, traducimos y compartimos esta nota informativa sobre un incidente en Goussanville, Francia, el pasado 14 de mayo, cuando un grupo de unas 20 personas encapuchadas tendi\u00f3 una emboscada a una patrulla policial, que tras &hellip; <a href=\"https:\/\/vozcomoarma.noblogs.org\/?p=22248\">Sigue leyendo <span class=\"meta-nav\">&rarr;<\/span><\/a><\/p>\n","protected":false},"author":7045,"featured_media":0,"comment_status":"closed","ping_status":"open","sticky":false,"template":"","format":"standard","meta":{"footnotes":""},"categories":[58,61,9],"tags":[21,54,16,10],"class_list":["post-22248","post","type-post","status-publish","format-standard","hentry","category-acciones","category-noticias","category-noticias-y-comunicados","tag-disturbios","tag-francia","tag-guerra-social","tag-sabotaje"],"_links":{"self":[{"href":"https:\/\/vozcomoarma.noblogs.org\/index.php?rest_route=\/wp\/v2\/posts\/22248","targetHints":{"allow":["GET"]}}],"collection":[{"href":"https:\/\/vozcomoarma.noblogs.org\/index.php?rest_route=\/wp\/v2\/posts"}],"about":[{"href":"https:\/\/vozcomoarma.noblogs.org\/index.php?rest_route=\/wp\/v2\/types\/post"}],"author":[{"embeddable":true,"href":"https:\/\/vozcomoarma.noblogs.org\/index.php?rest_route=\/wp\/v2\/users\/7045"}],"replies":[{"embeddable":true,"href":"https:\/\/vozcomoarma.noblogs.org\/index.php?rest_route=%2Fwp%2Fv2%2Fcomments&post=22248"}],"version-history":[{"count":1,"href":"https:\/\/vozcomoarma.noblogs.org\/index.php?rest_route=\/wp\/v2\/posts\/22248\/revisions"}],"predecessor-version":[{"id":22251,"href":"https:\/\/vozcomoarma.noblogs.org\/index.php?rest_route=\/wp\/v2\/posts\/22248\/revisions\/22251"}],"wp:attachment":[{"href":"https:\/\/vozcomoarma.noblogs.org\/index.php?rest_route=%2Fwp%2Fv2%2Fmedia&parent=22248"}],"wp:term":[{"taxonomy":"category","embeddable":true,"href":"https:\/\/vozcomoarma.noblogs.org\/index.php?rest_route=%2Fwp%2Fv2%2Fcategories&post=22248"},{"taxonomy":"post_tag","embeddable":true,"href":"https:\/\/vozcomoarma.noblogs.org\/index.php?rest_route=%2Fwp%2Fv2%2Ftags&post=22248"}],"curies":[{"name":"wp","href":"https:\/\/api.w.org\/{rel}","templated":true}]}}