{"id":22305,"date":"2019-06-06T19:22:40","date_gmt":"2019-06-06T17:22:40","guid":{"rendered":"https:\/\/vozcomoarma.noblogs.org\/?p=22305"},"modified":"2019-06-06T19:22:40","modified_gmt":"2019-06-06T17:22:40","slug":"jornadas-un-mar-de-posibilidades-en-el-desierto-de-hormigon-territorio-ciudad-e-insurreccion-14-15-16-junio-madrid","status":"publish","type":"post","link":"https:\/\/vozcomoarma.noblogs.org\/?p=22305","title":{"rendered":"Jornadas \u00abUn Mar de Posibilidades en el Desierto de Hormig\u00f3n: Territorio, Ciudad e Insurrecci\u00f3n\u00bb (14, 15, 16 junio, Madrid)"},"content":{"rendered":"<p align=\"JUSTIFY\">Recibimos y compartimos esta convocatoria para unas jornadas sobre territorio, ciudad e insurrecci\u00f3n que tendr\u00e1n lugar en el Local Anarquista Mot\u00edn y en el Espacio Anarquista La Emboscada (ambos en la ciudad de Madrid, el primero en Carabanchel y el segundo en Tetu\u00e1n) en los pr\u00f3ximos d\u00edas 14, 15 y 16 de junio. Dejamos el escrito de presentaci\u00f3n de las jornadas junto con el cartel donde se pueden ver las actividades propuestas:<\/p>\n<p align=\"JUSTIFY\">&#8212;&#8212;&#8212;&#8212;&#8212;&#8212;&#8212;&#8212;&#8212;&#8212;&#8212;&#8212;&#8212;&#8212;&#8212;&#8212;&#8212;&#8211;<\/p>\n<p align=\"JUSTIFY\"><strong><em>UN\u00a0MAR\u00a0DE\u00a0POSIBILIDADES\u00a0EN\u00a0EL\u00a0DESIERTO\u00a0DE\u00a0HORMIG\u00d3N<\/em><\/strong><br \/>\n<strong><em>TERRITORIO,\u00a0CIUDAD\u00a0E\u00a0INSURRECCI\u00d3N<\/em><\/strong><\/p>\n<p><em>El territorio es el lugar donde el poder despliega sus mecanismos y, con ello, el conflicto.<\/em><\/p>\n<p><em>El Estado necesita un territorio en el que desarrollar y hacer efectivo su dominio. En \u00e9l, los grupos sociales se disputan el poder, la realidad. Incluso, la construcci\u00f3n pol\u00edtica del Estado-naci\u00f3n necesita de un territorio determinado que funcione como marco: hablamos as\u00ed de un territorio nacional defendido por fronteras, muros, alambradas, polic\u00edas, militares, campos de internamiento y checkpoints.<\/em><\/p>\n<p><em>En un nivel m\u00e1s concreto, fuera de las asquerosas escalas nacionales nos encontramos con que el territorio es el tablero sobre el cual planteamos las normas del juego. El poder necesita ocupar el territorio para asegurar la hegemon\u00eda de su realidad, el funcionamiento de sus normas. La disputa dentro del territorio por el espacio, el cuestionamiento de los dict\u00e1menes de la autoridad en un marco dado, es la base misma del conflicto con el Poder.<\/em><\/p>\n<p><em>Nuestro objetivo aqu\u00ed es analizar el territorio en el que nos encontramos y c\u00f3mo el poder se despliega sobre nosotras a trav\u00e9s del mismo. El espacio nos condiciona. La manera de habitar el territorio puede resignificarlo, alterar las normas que lo dominan y generar espacios de autodeterminaci\u00f3n y libertad para las personas que los viven. Sin embargo, las ciudades han sido organizadas y cada vez m\u00e1s, se transforman y construyen en base a unos intereses completamente ajenos a los nuestros. Es necesario analizar los procesos hist\u00f3ricos de transformaciones de las ciudades, entendiendo que estas son centros de acumulaci\u00f3n de poder y capital. La revoluci\u00f3n urbana que construye un mundo lleno de gigantescas e insalubres metr\u00f3polis no es un plan de futuro, es una realidad. El capitalismo efect\u00faa as\u00ed diversas transformaciones a nivel urbano, impulsado por una l\u00f3gica mercantilista y funcionalista seg\u00fan intereses creados. La gentrificaci\u00f3n o la turistificaci\u00f3n son solo algunos de estos procesos, donde lo que se trata de evolucionar las f\u00f3rmulas de explotaci\u00f3n y dominio sobre lxs explotadxs. El constante traslado forzado y la expulsi\u00f3n al que estos cambios nos someten son una expresi\u00f3n m\u00e1s de esa disputa por el territorio.<\/em><\/p>\n<p><em>Lejos de percibir una reforma democr\u00e1tica de la ciudad, como propone el izquierdismo \u2013otras f\u00f3rmulas de gesti\u00f3n de la miseria- entendemos que la tensi\u00f3n permanente con el poder es la \u00fanica v\u00eda, que se manifiesta en las luchas como la okupaci\u00f3n o la oposici\u00f3n y traba a los planes de reordenaci\u00f3n urbana desde la acci\u00f3n directa y la autonom\u00eda.<\/em><\/p>\n<p><em>La dominaci\u00f3n atraviesa nuestras vidas bajo la forma del hormig\u00f3n armado y los circuitos de datos. Un territorio creado para el control no puede dar lugar a espacios de libertad. Nuestro an\u00e1lisis solo puede apuntar, entonces, hacia la destrucci\u00f3n de las ciudades y la forma de vida que albergan. Nuestra praxis; el conflicto social. Si la ciudad es nuestra c\u00e1rcel, nuestra manera de vivirla ha de ser el amotinamiento.<\/em><\/p>\n<p><em>Queremos analizar el territorio para entender c\u00f3mo este nos domina, comprender su funcionamiento y encontrar sus vulnerabilidades. Entendemos esta como la manera de tomar capacidad para sobreponernos a esta dominaci\u00f3n, haciendo nuestras elecciones. La ciudad determina c\u00f3mo nos relacionamos, c\u00f3mo nos movemos, incluso c\u00f3mo luchamos y en definitiva, vivimos. Entender estos mecanismos nos ayuda a decidir m\u00e1s all\u00e1 de esta imposici\u00f3n. Por otro lado, la ciudad es un hervidero de conflicto social. En \u00e9l, el sistema amontona a la mayor parte de la poblaci\u00f3n y tambi\u00e9n concentra los centros neur\u00e1lgicos de sus infraestructuras. Proponemos mirar a nuestro alrededor para encontrar las oportunidades que la ciudad nos presenta para atacar y plantear conflictos. Apostamos por una proyectualidad an\u00e1rquica en la lucha desde la ciudad, contra la ciudad.<\/em><\/p>\n<p align=\"JUSTIFY\"><em>Organizamos este encuentro con el objetivo de generar un discurso frente a la ciudad y los conflictos que nos plantea desde una \u00f3ptica anarquista. Nos interesa preguntarnos si acaso hemos elegido conscientemente este medio que es la ciudad como lugar en el que desarrollar nuestra vida y lucha. Qu\u00e9 conflictos nos plantea, qu\u00e9 posibilidades abre y c\u00f3mo afecta a nuestras relaciones y proyectos. Buscamos generar este espacio para poder compartir an\u00e1lisis a trav\u00e9s de nuestras distintas experiencias. \u00bfQu\u00e9 entendemos por lucha en\/desde los barrios? \u00bfCorremos el riesgo de generar nuevas pol\u00edticas identitarias hacia un nuevo patriotismo barrionalista? \u00bfQu\u00e9 pasa con el interclasismo entorno a la figura del \u201cvecino\u201d, buscamos delegar en un nuevo sujeto revolucionario como hace el obrerismo? \u00bfC\u00f3mo sorteamos los discuros ciudadanistas y su consiguiente recuperaci\u00f3n de los conflictos que surgen en los barrios? \u00bfC\u00f3mo analizamos los cambios urban\u00edsticos, gentrificaci\u00f3n, la problem\u00e1tica de la vivienda y diversos conflictos que la ciudad nos plantea? \u00bfC\u00f3mo podemos potenciar una conflictividad en los barrios a trav\u00e9s de estas problem\u00e1ticas? \u00bfC\u00f3mo puede generar conflicto nuestra manera de ocupar el territorio en las ciudades, c\u00f3mo se materializa nuestra presencia en ellas? \u00bfC\u00f3mo se materializa la ocupaci\u00f3n del territorio por parte del Estado y c\u00f3mo podemos ganar terreno frente a su dominio? \u00bfA trav\u00e9s de qu\u00e9 objetivos planteamos nuestra lucha y con qu\u00e9 proyecci\u00f3n, en este sentido? \u00bfEn qu\u00e9 medida nuestras din\u00e1micas se ven afectadas por el espacio en el que vivimos y luchamos? \u00bfEs posible cambiar esto? Estas son algunas de las cuestiones que queremos abordar en las jornadas. Por un lado, invitando a proyectos anarquistas de la ciudad para exponer su an\u00e1lisis y experiencias en torno al tema; por otro, trayendo a compa\u00f1erxs de diferentes latitudes para aportar sus experiencias, que son muy diversas, para aprender de otros contextos.<\/em><\/p>\n<p align=\"JUSTIFY\"><em>Creemos que se acercan momentos en los que se pueden acentuar determinados conflictos en torno a este inh\u00e1bitat que llamamos ciudad, por lo que es importante profundizar en un discurso propio al respecto, para decidir tomar parte en diferentes luchas, o tal vez intentar emprenderlas.<\/em><\/p>\n<p align=\"JUSTIFY\"><em>Os invitamos a venir y participar en este encuentro, para el cu\u00e1l contaremos con espacio de alojamiento para facilitar a lxs compa\u00f1erxs de otras ciudades que puedan hacerlo. Tendr\u00e1n lugar en Madrid, en el fin de semana del 14, 15 y 16 de junio.<\/em><\/p>\n<p align=\"JUSTIFY\"><em>Para contactar con nosotras, escr\u00edbenos a <strong>unmardeposibilidades@riseup.net<\/strong><\/em><\/p>\n<p align=\"JUSTIFY\"><img loading=\"lazy\" decoding=\"async\" class=\"size-full wp-image-22306 aligncenter\" src=\"https:\/\/vozcomoarma.noblogs.org\/files\/2019\/06\/cartel-covocatoria-544x769.jpg\" alt=\"\" width=\"544\" height=\"769\" srcset=\"https:\/\/vozcomoarma.noblogs.org\/files\/2019\/06\/cartel-covocatoria-544x769.jpg 544w, https:\/\/vozcomoarma.noblogs.org\/files\/2019\/06\/cartel-covocatoria-544x769-212x300.jpg 212w\" sizes=\"auto, (max-width: 544px) 100vw, 544px\" \/><\/p>\n","protected":false},"excerpt":{"rendered":"<p>Recibimos y compartimos esta convocatoria para unas jornadas sobre territorio, ciudad e insurrecci\u00f3n que tendr\u00e1n lugar en el Local Anarquista Mot\u00edn y en el Espacio Anarquista La Emboscada (ambos en la ciudad de Madrid, el primero en Carabanchel y el &hellip; <a href=\"https:\/\/vozcomoarma.noblogs.org\/?p=22305\">Sigue leyendo <span class=\"meta-nav\">&rarr;<\/span><\/a><\/p>\n","protected":false},"author":7045,"featured_media":0,"comment_status":"closed","ping_status":"open","sticky":false,"template":"","format":"standard","meta":{"footnotes":""},"categories":[59,61,9],"tags":[51,15,16,26,67,42,37,24],"class_list":["post-22305","post","type-post","status-publish","format-standard","hentry","category-convocatorias","category-noticias","category-noticias-y-comunicados","tag-alemania","tag-grecia","tag-guerra-social","tag-insurreccionalismo","tag-madrid","tag-movimientos-sociales","tag-okupacion","tag-reflexion"],"_links":{"self":[{"href":"https:\/\/vozcomoarma.noblogs.org\/index.php?rest_route=\/wp\/v2\/posts\/22305","targetHints":{"allow":["GET"]}}],"collection":[{"href":"https:\/\/vozcomoarma.noblogs.org\/index.php?rest_route=\/wp\/v2\/posts"}],"about":[{"href":"https:\/\/vozcomoarma.noblogs.org\/index.php?rest_route=\/wp\/v2\/types\/post"}],"author":[{"embeddable":true,"href":"https:\/\/vozcomoarma.noblogs.org\/index.php?rest_route=\/wp\/v2\/users\/7045"}],"replies":[{"embeddable":true,"href":"https:\/\/vozcomoarma.noblogs.org\/index.php?rest_route=%2Fwp%2Fv2%2Fcomments&post=22305"}],"version-history":[{"count":1,"href":"https:\/\/vozcomoarma.noblogs.org\/index.php?rest_route=\/wp\/v2\/posts\/22305\/revisions"}],"predecessor-version":[{"id":22307,"href":"https:\/\/vozcomoarma.noblogs.org\/index.php?rest_route=\/wp\/v2\/posts\/22305\/revisions\/22307"}],"wp:attachment":[{"href":"https:\/\/vozcomoarma.noblogs.org\/index.php?rest_route=%2Fwp%2Fv2%2Fmedia&parent=22305"}],"wp:term":[{"taxonomy":"category","embeddable":true,"href":"https:\/\/vozcomoarma.noblogs.org\/index.php?rest_route=%2Fwp%2Fv2%2Fcategories&post=22305"},{"taxonomy":"post_tag","embeddable":true,"href":"https:\/\/vozcomoarma.noblogs.org\/index.php?rest_route=%2Fwp%2Fv2%2Ftags&post=22305"}],"curies":[{"name":"wp","href":"https:\/\/api.w.org\/{rel}","templated":true}]}}