{"id":22363,"date":"2019-06-22T22:24:07","date_gmt":"2019-06-22T20:24:07","guid":{"rendered":"https:\/\/vozcomoarma.noblogs.org\/?p=22363"},"modified":"2019-06-22T22:24:07","modified_gmt":"2019-06-22T20:24:07","slug":"grecia-sale-de-prision-el-anarquista-damiano-bolano-miembro-de-la-ccf","status":"publish","type":"post","link":"https:\/\/vozcomoarma.noblogs.org\/?p=22363","title":{"rendered":"Grecia &#8211; Sale de prisi\u00f3n el anarquista Damiano Bolano, miembro de la CCF"},"content":{"rendered":"<p align=\"justify\"><img decoding=\"async\" class=\"alignright\" src=\"https:\/\/encrypted-tbn0.gstatic.com\/images?q=tbn:ANd9GcRH9ckcKbx3itdzc5x0kmQRFL3MW8bTkrPXUThAyVLxJ5yQsieEhw\" alt=\"https:\/\/encrypted-tbn0.gstatic.com\/images?q=tbn:ANd9GcRH9ckcKbx3itdzc5x0kmQRFL3MW8bTkrPXUThAyVLxJ5yQsieEhw\" \/>A mediados del pasado mes de abril, se difund\u00eda en este blog la alegre noticia de que el preso anarquista Panagiotis Argyrou, miembro de la organizaci\u00f3n de guerrilla urbana Conspiraci\u00f3n de las C\u00e9lulas de Fuego, hab\u00eda salido de prisi\u00f3n el 8 de abril tras cumplir 1\/2 y 1\/3 de su sentencia combinada en relaci\u00f3n al l\u00edmite de 25 a\u00f1os fijado para una condena, tras pasarse 8 a\u00f1os y 5 meses en las mazmorras del Estado griego. Ahora, acabamos de saber por el blog <strong><a href=\"https:\/\/publicacionrefractario.wordpress.com\/2019\/06\/10\/grecia-el-companero-anarquista-damianos-bolano-miembro-de-las-ccf-en-la-calle\/\">Publicaci\u00f3n Refractario<\/a> <\/strong>que otro miembro de CCF, Damianos Bolano, ha salido tambi\u00e9n de la c\u00e1rcel recientemente.<\/p>\n<p align=\"justify\"><strong>Nos alegramos enormemente por la noticia. \u00a1Libertad a todes les anarquistas en las c\u00e1rceles del Estado griego y del resto de pa\u00edses del mundo! \u00a1Fuego a las prisiones!<\/strong><\/p>\n<p align=\"justify\">&#8212;&#8212;&#8212;&#8212;&#8212;&#8212;&#8212;&#8212;&#8212;&#8212;&#8212;&#8212;&#8212;&#8211;<\/p>\n<p align=\"justify\"><strong><em>\u201cLas dificultades no nos derrotar\u00e1n\u201d-D.Bolano-<\/em><\/strong><\/p>\n<p align=\"justify\"><em>El 21 de mayo el compa\u00f1ero an\u00e1rquico Damianos Bolano, miembro de la guerrilla urbana CCF en prisi\u00f3n desde marzo del 2011, tras 8 a\u00f1os encarcelado ha conseguido su liberaci\u00f3n.<\/em><\/p>\n<p align=\"justify\"><em>No olvidar a lxs compa\u00f1erxs encarceladxs..<\/em><\/p>\n<p align=\"justify\"><strong><em>\u00a1\u00a1Solidaridad con todxs lxs compa\u00f1erxs en prisi\u00f3n en Grecia!!<\/em><\/strong><\/p>\n","protected":false},"excerpt":{"rendered":"<p>A mediados del pasado mes de abril, se difund\u00eda en este blog la alegre noticia de que el preso anarquista Panagiotis Argyrou, miembro de la organizaci\u00f3n de guerrilla urbana Conspiraci\u00f3n de las C\u00e9lulas de Fuego, hab\u00eda salido de prisi\u00f3n el &hellip; <a href=\"https:\/\/vozcomoarma.noblogs.org\/?p=22363\">Sigue leyendo <span class=\"meta-nav\">&rarr;<\/span><\/a><\/p>\n","protected":false},"author":7045,"featured_media":0,"comment_status":"closed","ping_status":"open","sticky":false,"template":"","format":"standard","meta":{"footnotes":""},"categories":[61,9,7,33],"tags":[17,15],"class_list":["post-22363","post","type-post","status-publish","format-standard","hentry","category-noticias","category-noticias-y-comunicados","category-presxs","category-presxs-de-la-conspiracion-de-celulas-del-fuego-presxs","tag-carcel","tag-grecia"],"_links":{"self":[{"href":"https:\/\/vozcomoarma.noblogs.org\/index.php?rest_route=\/wp\/v2\/posts\/22363","targetHints":{"allow":["GET"]}}],"collection":[{"href":"https:\/\/vozcomoarma.noblogs.org\/index.php?rest_route=\/wp\/v2\/posts"}],"about":[{"href":"https:\/\/vozcomoarma.noblogs.org\/index.php?rest_route=\/wp\/v2\/types\/post"}],"author":[{"embeddable":true,"href":"https:\/\/vozcomoarma.noblogs.org\/index.php?rest_route=\/wp\/v2\/users\/7045"}],"replies":[{"embeddable":true,"href":"https:\/\/vozcomoarma.noblogs.org\/index.php?rest_route=%2Fwp%2Fv2%2Fcomments&post=22363"}],"version-history":[{"count":1,"href":"https:\/\/vozcomoarma.noblogs.org\/index.php?rest_route=\/wp\/v2\/posts\/22363\/revisions"}],"predecessor-version":[{"id":22367,"href":"https:\/\/vozcomoarma.noblogs.org\/index.php?rest_route=\/wp\/v2\/posts\/22363\/revisions\/22367"}],"wp:attachment":[{"href":"https:\/\/vozcomoarma.noblogs.org\/index.php?rest_route=%2Fwp%2Fv2%2Fmedia&parent=22363"}],"wp:term":[{"taxonomy":"category","embeddable":true,"href":"https:\/\/vozcomoarma.noblogs.org\/index.php?rest_route=%2Fwp%2Fv2%2Fcategories&post=22363"},{"taxonomy":"post_tag","embeddable":true,"href":"https:\/\/vozcomoarma.noblogs.org\/index.php?rest_route=%2Fwp%2Fv2%2Ftags&post=22363"}],"curies":[{"name":"wp","href":"https:\/\/api.w.org\/{rel}","templated":true}]}}