{"id":22368,"date":"2019-06-22T22:48:55","date_gmt":"2019-06-22T20:48:55","guid":{"rendered":"https:\/\/vozcomoarma.noblogs.org\/?p=22368"},"modified":"2019-06-22T22:52:31","modified_gmt":"2019-06-22T20:52:31","slug":"francia-italia-la-presa-anarquista-natascia-savio-trasladada-a-la-carcel-italiana-de-rebibbia-desde-la-prision-francesa-de-gradignan","status":"publish","type":"post","link":"https:\/\/vozcomoarma.noblogs.org\/?p=22368","title":{"rendered":"Francia\/Italia &#8211; La presa anarquista Natascia Savio trasladada a la c\u00e1rcel italiana de Rebibbia desde la prisi\u00f3n francesa de Gradignan"},"content":{"rendered":"<p align=\"justify\">La presa anarquista Natascia Savio fue detenida el pasado 21 de mayo en el contexto de la denominada <strong><a href=\"https:\/\/vozcomoarma.noblogs.org\/?p=22231\">\u00abOperaci\u00f3n Prometeo\u00bb<\/a><\/strong> (llevada a cabo por maderos del ROS de los Carabinieri) junto a otros dos anarquistas, Roberto Firozpoor y Giuseppe Bruna, acusades del env\u00edo, en junio de 2017, de tres paquetes bomba a los fiscales Sparagna (el miserable al cargo de la Operaci\u00f3n Scripta Manent) y Rinaudo (qui\u00e9n estuvo tambi\u00e9n al cargo de varios procesos anteriores contra activistas anarquistas en Italia) y al miserable ex-director del Departamento de Administraci\u00f3n Penitenciaria italiano Santi Consolo. La acusaci\u00f3n es de <em>\u00abataque con finalidad terrorista o subversiva\u00bb<\/em>, aunque no pesa sobre elles ning\u00fan cargo por \u00abcr\u00edmenes asociativos\u00bb (270, 270bis&#8230; relacionados con la presunta integraci\u00f3n en asociaciones u organizaciones ilegales).<\/p>\n<p align=\"justify\">La compa\u00f1era Natascia se encontraba hasta hace unos d\u00edas en la prisi\u00f3n de Gradignan, ya que a diferencia de Roberto y Giuseppe, <strong><a href=\"https:\/\/vozcomoarma.noblogs.org\/?p=22275\">ella no fue detenida en Italia sino en Francia<\/a><\/strong>. Acabamos de saber por informaci\u00f3n recibida en el correo electr\u00f3nico que recientemente fue trasladada a la c\u00e1rcel de mujeres de Rebibbia (Roma). Su nueva direcci\u00f3n, por lo tanto, es la siguiente:<\/p>\n<p align=\"justify\"><em><strong>Natascia Savio<\/strong><\/em><br \/>\n<em>Casa Circondariale di Roma-Rebibbia femminile<\/em><br \/>\n<em>via Bartolo Longo 92<\/em><br \/>\n<em>00156 Roma<\/em><br \/>\n<em>Italia<\/em><\/p>\n<p align=\"justify\">As\u00edmismo, para escribir a los compa\u00f1eros Giuseppe y Roberto, ambos en la prisi\u00f3n de Opera, la direcci\u00f3n es:<\/p>\n<p><em><strong> Roberto Firozpoor<\/strong><\/em><br \/>\n<em><strong>Giuseppe Bruna<\/strong><\/em><br \/>\n<em>C. C. \u2013 C. R. di Opera<\/em><br \/>\n<em>via Camporgnago 40<\/em><br \/>\n<em>20090 Opera (Mi)<\/em><br \/>\n<em>Italia<\/em><\/p>\n<p><img loading=\"lazy\" decoding=\"async\" class=\"size-full wp-image-22369 aligncenter\" src=\"https:\/\/vozcomoarma.noblogs.org\/files\/2019\/06\/tumblr_mitxt9MUam1r41njzo1_500.jpg\" alt=\"\" width=\"500\" height=\"338\" srcset=\"https:\/\/vozcomoarma.noblogs.org\/files\/2019\/06\/tumblr_mitxt9MUam1r41njzo1_500.jpg 500w, https:\/\/vozcomoarma.noblogs.org\/files\/2019\/06\/tumblr_mitxt9MUam1r41njzo1_500-300x203.jpg 300w\" sizes=\"auto, (max-width: 500px) 100vw, 500px\" \/><\/p>\n","protected":false},"excerpt":{"rendered":"<p>La presa anarquista Natascia Savio fue detenida el pasado 21 de mayo en el contexto de la denominada \u00abOperaci\u00f3n Prometeo\u00bb (llevada a cabo por maderos del ROS de los Carabinieri) junto a otros dos anarquistas, Roberto Firozpoor y Giuseppe Bruna, &hellip; <a href=\"https:\/\/vozcomoarma.noblogs.org\/?p=22368\">Sigue leyendo <span class=\"meta-nav\">&rarr;<\/span><\/a><\/p>\n","protected":false},"author":7045,"featured_media":0,"comment_status":"closed","ping_status":"open","sticky":false,"template":"","format":"standard","meta":{"footnotes":""},"categories":[384,61,9,7],"tags":[54,38,19,11],"class_list":["post-22368","post","type-post","status-publish","format-standard","hentry","category-detenides-operacion-prometeo-italia","category-noticias","category-noticias-y-comunicados","category-presxs","tag-francia","tag-italia","tag-represion","tag-solidaridad"],"_links":{"self":[{"href":"https:\/\/vozcomoarma.noblogs.org\/index.php?rest_route=\/wp\/v2\/posts\/22368","targetHints":{"allow":["GET"]}}],"collection":[{"href":"https:\/\/vozcomoarma.noblogs.org\/index.php?rest_route=\/wp\/v2\/posts"}],"about":[{"href":"https:\/\/vozcomoarma.noblogs.org\/index.php?rest_route=\/wp\/v2\/types\/post"}],"author":[{"embeddable":true,"href":"https:\/\/vozcomoarma.noblogs.org\/index.php?rest_route=\/wp\/v2\/users\/7045"}],"replies":[{"embeddable":true,"href":"https:\/\/vozcomoarma.noblogs.org\/index.php?rest_route=%2Fwp%2Fv2%2Fcomments&post=22368"}],"version-history":[{"count":4,"href":"https:\/\/vozcomoarma.noblogs.org\/index.php?rest_route=\/wp\/v2\/posts\/22368\/revisions"}],"predecessor-version":[{"id":22374,"href":"https:\/\/vozcomoarma.noblogs.org\/index.php?rest_route=\/wp\/v2\/posts\/22368\/revisions\/22374"}],"wp:attachment":[{"href":"https:\/\/vozcomoarma.noblogs.org\/index.php?rest_route=%2Fwp%2Fv2%2Fmedia&parent=22368"}],"wp:term":[{"taxonomy":"category","embeddable":true,"href":"https:\/\/vozcomoarma.noblogs.org\/index.php?rest_route=%2Fwp%2Fv2%2Fcategories&post=22368"},{"taxonomy":"post_tag","embeddable":true,"href":"https:\/\/vozcomoarma.noblogs.org\/index.php?rest_route=%2Fwp%2Fv2%2Ftags&post=22368"}],"curies":[{"name":"wp","href":"https:\/\/api.w.org\/{rel}","templated":true}]}}